{"id":1222,"date":"2010-11-25T14:12:19","date_gmt":"2010-11-25T12:12:19","guid":{"rendered":"http:\/\/jlmirall.es\/oysiao\/?p=1222"},"modified":"2015-03-10T12:16:24","modified_gmt":"2015-03-10T10:16:24","slug":"la-linea-del-pensamiento","status":"publish","type":"post","link":"https:\/\/oysiao.jlmirall.es\/?p=1222","title":{"rendered":"La l\u00ednea del pensamiento"},"content":{"rendered":"<blockquote><p>[&#8230;] Porque los pensamientos de la consciencia no son rectos, las ideas, las meditaciones no circulan todas en paralelo, dentro de la c\u00e1mara de pensamiento de los seres, existe un guirigay atronador, que llegar\u00eda a hacer enloquecer al cualquiera que fuese capaz de escucharlo en todos su detalles, como si de una fuga a infinitas voces se tratase. La l\u00ednea de conciencia, la aparente voz solitaria que escuchan los seres dentro de si mismos, no es m\u00e1s que el sumatorio del conjunto formado por una mezcolanza amorfa de instintos, deseos -sed-, moral, memoria, anhelos, razonamientos l\u00f3gicos, motivaciones, inclinaciones, supersticiones, maldades, bondades, inspiraci\u00f3n, y una lista infinita de elementos. [&#8230;]<\/p><\/blockquote>\n<div style=\"width: 600px\" class=\"wp-caption aligncenter\"><a title=\"newyorkr\" href=\"http:\/\/www.flickr.com\/photos\/26978600@N07\/5206580208\/\"><img loading=\"lazy\" decoding=\"async\" src=\"http:\/\/farm6.static.flickr.com\/5007\/5206580208_fb19273fbe_b.jpg\" alt=\"newyorkr\" width=\"590\" height=\"862\" \/><\/a><p class=\"wp-caption-text\">Portada del New Yorker 18 de Octubre de 1969<\/p><\/div>\n<blockquote><p>[&#8230;] si la conciencia no es m\u00e1s que la l\u00ednea de pensamiento escuchable, resultado del sumatorio infinito, existen algunos seres, no nacidos aun, pero que est\u00e1 contemplado que lleguen a nacer, y por eso que su existencia no deja de ser un hecho; que no es que posean una l\u00ednea de conciencia, sino que poseen dos. Seres capaces de seguir dos caminos mentales al mismo tiempo, y no nos referimos a ir alternando de uno a otro, como si de un trastorno bipolar com\u00fan se tratase, eso no es m\u00e1s que un burdo espejismo, nos referimos aqu\u00ed a un verdadero procesamiento en paralelo de la mente. Dos, tres, cuatro, y un n\u00famero cada vez mayor de l\u00edneas de conciencia,[&#8230;]<\/p><\/blockquote>\n<p style=\"text-align: right;\"><strong><a href=\"http:\/\/oysiao.jlmirall.es\/?p=1205\">De la abstracci\u00f3n del alma y otros pesares<\/a><\/strong><\/p>\n","protected":false},"excerpt":{"rendered":"<p>[&#8230;] Porque los pensamientos de la consciencia no son rectos, las ideas, las meditaciones no circulan todas en paralelo, dentro de la c\u00e1mara de pensamiento de los seres, existe un guirigay atronador, que llegar\u00eda a hacer enloquecer al cualquiera que fuese capaz de escucharlo en todos su detalles, como si&hellip; <\/p>\n","protected":false},"author":2,"featured_media":0,"comment_status":"open","ping_status":"open","sticky":false,"template":"","format":"standard","meta":{"jetpack_post_was_ever_published":false,"_jetpack_newsletter_access":"","_jetpack_dont_email_post_to_subs":false,"_jetpack_newsletter_tier_id":0,"_jetpack_memberships_contains_paywalled_content":false,"_jetpack_memberships_contains_paid_content":false,"footnotes":"","jetpack_publicize_message":"","jetpack_publicize_feature_enabled":true,"jetpack_social_post_already_shared":false,"jetpack_social_options":{"image_generator_settings":{"template":"highway","default_image_id":0,"font":"","enabled":false},"version":2}},"categories":[155,1],"tags":[73,55],"class_list":["post-1222","post","type-post","status-publish","format-standard","hentry","category-ntw","category-general","tag-percepcion","tag-personal"],"jetpack_publicize_connections":[],"jetpack_featured_media_url":"","jetpack_shortlink":"https:\/\/wp.me\/p74VZt-jI","jetpack_sharing_enabled":true,"_links":{"self":[{"href":"https:\/\/oysiao.jlmirall.es\/index.php?rest_route=\/wp\/v2\/posts\/1222","targetHints":{"allow":["GET"]}}],"collection":[{"href":"https:\/\/oysiao.jlmirall.es\/index.php?rest_route=\/wp\/v2\/posts"}],"about":[{"href":"https:\/\/oysiao.jlmirall.es\/index.php?rest_route=\/wp\/v2\/types\/post"}],"author":[{"embeddable":true,"href":"https:\/\/oysiao.jlmirall.es\/index.php?rest_route=\/wp\/v2\/users\/2"}],"replies":[{"embeddable":true,"href":"https:\/\/oysiao.jlmirall.es\/index.php?rest_route=%2Fwp%2Fv2%2Fcomments&post=1222"}],"version-history":[{"count":9,"href":"https:\/\/oysiao.jlmirall.es\/index.php?rest_route=\/wp\/v2\/posts\/1222\/revisions"}],"predecessor-version":[{"id":4355,"href":"https:\/\/oysiao.jlmirall.es\/index.php?rest_route=\/wp\/v2\/posts\/1222\/revisions\/4355"}],"wp:attachment":[{"href":"https:\/\/oysiao.jlmirall.es\/index.php?rest_route=%2Fwp%2Fv2%2Fmedia&parent=1222"}],"wp:term":[{"taxonomy":"category","embeddable":true,"href":"https:\/\/oysiao.jlmirall.es\/index.php?rest_route=%2Fwp%2Fv2%2Fcategories&post=1222"},{"taxonomy":"post_tag","embeddable":true,"href":"https:\/\/oysiao.jlmirall.es\/index.php?rest_route=%2Fwp%2Fv2%2Ftags&post=1222"}],"curies":[{"name":"wp","href":"https:\/\/api.w.org\/{rel}","templated":true}]}}