{"id":1351,"date":"2011-07-20T10:22:24","date_gmt":"2011-07-20T08:22:24","guid":{"rendered":"http:\/\/jlmirall.es\/oysiao\/?p=1351"},"modified":"2015-03-10T12:15:33","modified_gmt":"2015-03-10T10:15:33","slug":"cronica-de-una-muerte-anunciada-comisiones-de-servicio-en-conservatorios-superiores","status":"publish","type":"post","link":"https:\/\/oysiao.jlmirall.es\/?p=1351","title":{"rendered":"Cr\u00f3nica de una muerte anunciada: Comisiones de Servicio en Conservatorios Superiores"},"content":{"rendered":"<p>Si no se sabe de que va el tema leer antes esta entrada: <a href=\"http:\/\/oysiao.jlmirall.es\/?p=1258\">http:\/\/oysiao.jlmirall.es\/?p=1258<\/a>\u00a0(especialmente los comentarios)<\/p>\n<p>Aqu\u00ed se presentan los documentos que han ido conformando el devenir de informaciones y desinformaciones de los \u00faltimos meses respecto al asunto de las comisiones de servicio de los Conservatorios Superiores de la Comunidad Valenciana.<\/p>\n<p><strong>1 &#8211; Detonante: Denuncia de los Catedr\u00e1ticos<\/strong><\/p>\n<p><a style=\"margin: 12px auto 6px auto; font-family: Helvetica,Arial,Sans-serif; font-style: normal; font-variant: normal; font-weight: normal; font-size: 14px; line-height: normal; font-size-adjust: none; font-stretch: normal; -x-system-font: none; display: block; text-decoration: underline;\" title=\"View NP-ACMAE on Scribd\" href=\"http:\/\/es.scribd.com\/doc\/54687261\/NP-ACMAE\">NP-ACMAE<\/a><iframe loading=\"lazy\" id=\"doc_70032\" src=\"http:\/\/www.scribd.com\/embeds\/54687261\/content?start_page=1&amp;view_mode=list&amp;access_key=key-2d13886sp91bvwqzv9j1\" frameborder=\"0\" scrolling=\"no\" width=\"100%\" height=\"600\" data-auto-height=\"true\" data-aspect-ratio=\"0.705882352941177\"><\/iframe><script type=\"text\/javascript\">\/\/ <![CDATA[\n          (function() { var scribd = document.createElement(\"script\"); scribd.type = \"text\/javascript\"; scribd.async = true; scribd.src = \"http:\/\/www.scribd.com\/javascripts\/embed_code\/inject.js\"; var s = document.getElementsByTagName(\"script\")[0]; s.parentNode.insertBefore(scribd, s); })();\n\/\/ ]]><\/script><\/p>\n<p><strong>2 &#8211; Respuesta de Unos Cuantos Profesores En Comisi\u00f3n de Servicio y Cabreados<\/strong><\/p>\n<p><a style=\"margin: 12px auto 6px auto; font-family: Helvetica,Arial,Sans-serif; font-style: normal; font-variant: normal; font-weight: normal; font-size: 14px; line-height: normal; font-size-adjust: none; font-stretch: normal; -x-system-font: none; display: block; text-decoration: underline;\" title=\"View escanear0001 on Scribd\" href=\"http:\/\/www.scribd.com\/doc\/54687269\/escanear0001\">escanear0001<\/a><iframe loading=\"lazy\" id=\"doc_25705\" src=\"http:\/\/www.scribd.com\/embeds\/54687269\/content?start_page=1&amp;view_mode=list&amp;access_key=key-fqwgl3lyzoxur5oth3x\" frameborder=\"0\" scrolling=\"no\" width=\"100%\" height=\"600\" data-auto-height=\"true\" data-aspect-ratio=\"0.730310262529833\"><\/iframe><script type=\"text\/javascript\">\/\/ <![CDATA[\n(function() { var scribd = document.createElement(\"script\"); scribd.type = \"text\/javascript\"; scribd.async = true; scribd.src = \"http:\/\/www.scribd.com\/javascripts\/embed_code\/inject.js\"; var s = document.getElementsByTagName(\"script\")[0]; s.parentNode.insertBefore(scribd, s); })();\n\/\/ ]]><\/script><\/p>\n<p><strong>3 &#8211; Comisiones de Servicio vs. Mejora Laboral<\/strong><\/p>\n<p>Art\u00edculo 104 de la Ley 10\/2010 de la Funci\u00f3n P\u00fablica Valenciana &#8211; Comisi\u00f3n de Servicios<\/p>\n<ol>\n<li>La comisi\u00f3n de servicios es una forma temporal de provisi\u00f3n de puestos de trabajo que procede en los siguientes casos:<\/li>\n<ol>\n<li>a) Cuando \u00e9stos queden desiertos en las correspondientes convocatorias o se encuentren pendientes de su provisi\u00f3n definitiva.<\/li>\n<li>b) Cuando est\u00e9n sujetos a reserva por imperativo legal.<\/li>\n<\/ol>\n<li>No se podr\u00e1 permanecer m\u00e1s de dos a\u00f1os en comisi\u00f3n de servicios en los puestos de trabajo previstos en el apartado\u00a0a, cuya formade provisi\u00f3n sea la de concurso de m\u00e9ritos. Si la forma de provisi\u00f3n de los puestos es la de libre designaci\u00f3n, no se podr\u00e1 permanecer en comisi\u00f3n de servicios m\u00e1s de seis meses, salvo que exista un impedimento legal que impida su convocatoria p\u00fablica, en cuyo caso se convocar\u00e1 el citado puesto, de forma inmediata, una vez desaparezca dicho impedimento.<\/li>\n<li>Reglamentariamente se determinar\u00e1 el procedimiento para su tramitaci\u00f3n y resoluci\u00f3n.<\/li>\n<li>En todo caso, para el desempe\u00f1o en comisi\u00f3n de servicios de un puesto de trabajo, el personal funcionario de carrera deber\u00e1 pertenecer al mismo cuerpo, agrupaci\u00f3n profesional funcionarial o escala y reunir los requisitos de aqu\u00e9l reflejados en las correspondientes relaciones de puestos de trabajo<\/li>\n<\/ol>\n<p>Art\u00edculo 107 de la Ley 10\/2010 de la Funci\u00f3n P\u00fablica Valenciana &#8211; Nombramiento provisional por mejora de empleo<\/p>\n<div>\n<ol>\n<li>El personal funcionario de carrera que re\u00fana los requisitos detitulaci\u00f3n, podr\u00e1 desempe\u00f1ar, en los casos previstos en el art\u00edculo 16,apartado 2, de la presente ley, un puesto de trabajo no ocupado adscrito a un cuerpo, agrupaci\u00f3n profesional funcionarial o escala de distinta clasificaci\u00f3n profesional al de pertenencia mediante nombramiento\u00a0provisional por mejora de empleo.<\/li>\n<li>Los nombramientos por mejora de empleo se efectuar\u00e1n en\u00a0puestos de trabajo correspondientes a la categor\u00eda de entrada en el cuerpo, agrupaci\u00f3n profesional funcionarial o escala correspondiente,con las excepciones que\u00a0reglamentariamente\u00a0se determinen con el finde garantizar la adecuada prestaci\u00f3n del servicio p\u00fablico.<\/li>\n<li>A la funcionaria o funcionario que sea nombrado provisionalmente por mejora de empleo se le reservar\u00e1, durante el tiempo de desempe\u00f1o temporal, el puesto de trabajo del que, en su caso, fuera titular, consider\u00e1ndosele como de servicio activo en el cuerpo, agrupaci\u00f3n\u00a0profesional funcionarial o escala al que pertenece.<\/li>\n<li>Este personal percibir\u00e1 el sueldo asignado al grupo o subgrupode clasificaci\u00f3n profesional del cuerpo o escala en el que haya sido nombrado, as\u00ed como las retribuciones complementarias vinculadas al\u00a0puesto de trabajo que pase a desempe\u00f1ar y, en su caso, las previstaslos apartados\u00a0c\u00a0y\u00a0d\u00a0del art\u00edculo 76. Asimismo, continuar\u00e1 percibiendo los trienios y las retribuciones complementarias vinculadas a la carrera\u00a0profesional que tuviera reconocidas en el momento del nombramiento.<\/li>\n<li>El ejercicio de funciones por el procedimiento de mejora de empleo no supondr\u00e1 consolidaci\u00f3n de derecho alguno de car\u00e1cter retributivo o en la promoci\u00f3n profesional, excepto los referentes al perfeccionamiento de trienios en el grupo o subgrupo de clasificaci\u00f3n profesional del cuerpo o escala en el que haya sido nombrado.<\/li>\n<li>Reglamentariamente, se regular\u00e1 el procedimiento y resto derequisitos para efectuar dichos nombramientos que respetar\u00e1 los principios de publicidad, igualdad, m\u00e9rito y capacidad.<\/li>\n<li>El cese del personal en mejora de empleo se producir\u00e1 en lossupuestos establecidos en el art\u00edculo 16, apartado 9, de la presente ley.<\/li>\n<\/ol>\n<\/div>\n<p>&nbsp;<\/p>\n<p><strong>4- Comunicado STEPV<\/strong><\/p>\n<p><a style=\"margin: 12px auto 6px auto; font-family: Helvetica,Arial,Sans-serif; font-style: normal; font-variant: normal; font-weight: normal; font-size: 14px; line-height: normal; font-size-adjust: none; font-stretch: normal; -x-system-font: none; display: block; text-decoration: underline;\" title=\"View informaci\u00f3 comissions serveis conservatoris on Scribd\" href=\"http:\/\/www.scribd.com\/doc\/56671037\/informacio-comissions-serveis-conservatoris\">informaci\u00f3 comissions serveis conservatoris<\/a><iframe loading=\"lazy\" id=\"doc_58973\" src=\"http:\/\/www.scribd.com\/embeds\/56671037\/content?start_page=1&amp;view_mode=list&amp;access_key=key-lebtonom31tgeigry3e\" frameborder=\"0\" scrolling=\"no\" width=\"100%\" height=\"600\" data-auto-height=\"true\" data-aspect-ratio=\"0.706697459584296\"><\/iframe><script type=\"text\/javascript\">\/\/ <![CDATA[\n         (function() { var scribd = document.createElement(\"script\"); scribd.type = \"text\/javascript\"; scribd.async = true; scribd.src = \"http:\/\/www.scribd.com\/javascripts\/embed_code\/inject.js\"; var s = document.getElementsByTagName(\"script\")[0]; s.parentNode.insertBefore(scribd, s); })();\n\/\/ ]]><\/script><\/p>\n<p><strong>5- Formulario para pedir comisi\u00f3n<\/strong><\/p>\n<p><a style=\"margin: 12px auto 6px auto; font-family: Helvetica,Arial,Sans-serif; font-style: normal; font-variant: normal; font-weight: normal; font-size: 14px; line-height: normal; font-size-adjust: none; font-stretch: normal; -x-system-font: none; display: block; text-decoration: underline;\" title=\"View Aceptaci\u00f3n Comisi\u00f3n on Scribd\" href=\"http:\/\/www.scribd.com\/doc\/60370014\/Aceptacio%CC%81n-Comisio%CC%81n\">Aceptaci\u00f3n Comisi\u00f3n<\/a><iframe loading=\"lazy\" id=\"doc_56393\" src=\"http:\/\/www.scribd.com\/embeds\/60370014\/content?start_page=1&amp;view_mode=list&amp;access_key=key-24s76qwrqs925w3cu0qp\" frameborder=\"0\" scrolling=\"no\" width=\"100%\" height=\"600\" data-auto-height=\"true\" data-aspect-ratio=\"0.706697459584296\"><\/iframe><script type=\"text\/javascript\">\/\/ <![CDATA[\n       (function() { var scribd = document.createElement(\"script\"); scribd.type = \"text\/javascript\"; scribd.async = true; scribd.src = \"http:\/\/www.scribd.com\/javascripts\/embed_code\/inject.js\"; var s = document.getElementsByTagName(\"script\")[0]; s.parentNode.insertBefore(scribd, s); })();\n\/\/ ]]><\/script><\/p>\n<p>\u00bfqu\u00e9 es esto?<\/p>\n<p>En la provincia de Valencia (no as\u00ed en Castell\u00f3n o Alicante) ha circulado un formulario interno de inspecci\u00f3n que seg\u00fan me han indicado, nunca deber\u00eda haber sido p\u00fablico puesto que se trata de un documento interno. Dicho formulario es el que se usaba generalmente por inspecci\u00f3n para valorar positivamente una comisi\u00f3n de servicio de una persona que tenia que desempe\u00f1ar un cargo directivo en el centro comisionado. Dicho documento se ha difundido por todos los conservatorios para que sea firmado por todos los profesores en Comisi\u00f3n de Servicios que, pareciendo renunciar indirectamente a la mejora laboral (art 107 Ley 10\/2010 Funci\u00f3n P\u00fablica Valenciana) valoran positivamente participar en el proyecto educativo de dicho centro. Y as\u00ed dar preferencia a la gente que pide comisi\u00f3n de servicios a un profesional para quedarse en \u00e9l, con respecto a los que la piden para luego irse a un superior mediante la mejora laboral.<br \/>\nEl citado documento ser\u00e1 adjuntado a las peticiones de comisiones de servicio para que sea tomado en consideraci\u00f3n por la Direcci\u00f3n General de Personal. El problema que puede darse es que debido al exceso de peticiones de ese tipo (reservadas por inspecci\u00f3n para casos muy concretos) se desestimen todas.<\/p>\n<p><strong>6- \u00a0Convocatoria Bolsas de Urgencia\u00a0<\/strong><\/p>\n<p><a style=\"margin: 12px auto 6px auto; font-family: Helvetica,Arial,Sans-serif; font-style: normal; font-variant: normal; font-weight: normal; font-size: 14px; line-height: normal; font-size-adjust: none; font-stretch: normal; -x-system-font: none; display: block; text-decoration: underline;\" title=\"View Convocatoria Bolsas de Urgencia on Scribd\" href=\"http:\/\/www.scribd.com\/doc\/60371181\/Convocatoria-Bolsas-de-Urgencia\">Convocatoria Bolsas de Urgencia<\/a><iframe loading=\"lazy\" id=\"doc_21650\" src=\"http:\/\/www.scribd.com\/embeds\/60371181\/content?start_page=1&amp;view_mode=list&amp;access_key=key-196zjl7quqn2okttq9r7\" frameborder=\"0\" scrolling=\"no\" width=\"100%\" height=\"600\" data-auto-height=\"true\" data-aspect-ratio=\"0.707514450867052\"><\/iframe><script type=\"text\/javascript\">\/\/ <![CDATA[\n      (function() { var scribd = document.createElement(\"script\"); scribd.type = \"text\/javascript\"; scribd.async = true; scribd.src = \"http:\/\/www.scribd.com\/javascripts\/embed_code\/inject.js\"; var s = document.getElementsByTagName(\"script\")[0]; s.parentNode.insertBefore(scribd, s); })();\n\/\/ ]]><\/script><\/p>\n<p><strong>7 &#8211; Mensaje del grupo de Facebook: Tenemos que hacer algo<\/strong><\/p>\n<p>Grupo Tenemos que hacer algo:<\/p>\n<p>Chicos!!!<\/p>\n<p>Casi casi se confirma que los profesores en Comisi\u00f3n de Servicios no van a estar el a\u00f1o que viene. Las informaciones que est\u00e1n llegando son que no les dejan pedir la comisi\u00f3n directamente y que se han creado puestos en la bolsa.<\/p>\n<p>Cada caso es particular, pero los profesores en comisi\u00f3n son el 90% de los profesores de nuestro conservatorio. Y digo nuestro, porque sin nosotros no hay conservatorio, no podemos dejar que nos\u00a0dejen as\u00ed.<\/p>\n<p>Adem\u00e1s, lo m\u00e1s probable es que los profesores que no tengan la plaza en la Comunidad no van a tener opci\u00f3n de pedirla&#8230;<\/p>\n<p>En cuanto a cuerda, que personalmente me concierne, s\u00f3lo se queda PERELLO, el se\u00f1or que ha creado toda esta movida&#8230;<\/p>\n<p>Yo se que la mayor\u00eda de la gente no se quiere mojar&#8230;pero hay que hacerlo si de verdad estais estudiando por tener una ense\u00f1anza superior decente. Mas vale que todo quede en un susto pero movilizarse por nuestros derechos no es malo<\/p>\n<p>Dad todas las ideas que se os ocurran, que todo ser\u00e1 bueno. Se habla de sentadas, prensa&#8230;lo que opineis bueno ser\u00e1, PERO HAY QUE MOVERSE.<\/p>\n<p>DIFUNDID EL EVENTO TODO LO QUE PODAIS.<\/p>\n<p>Ah!!!!! Si teneis contactos en los conservatorios de Castellon y Alicante mandadselo tambien, porque est\u00e1n en la misma situaci\u00f3n.<\/p>\n<p>Saludos a todos<\/p>\n<p><strong>8- Escrito de los Alumnos de Castell\u00f3n<\/strong><\/p>\n<p><a style=\"margin: 12px auto 6px auto; font-family: Helvetica,Arial,Sans-serif; font-style: normal; font-variant: normal; font-weight: normal; font-size: 14px; line-height: normal; font-size-adjust: none; font-stretch: normal; -x-system-font: none; display: block; text-decoration: underline;\" title=\"View comunicado alumnos on Scribd\" href=\"http:\/\/www.scribd.com\/doc\/60422017\/comunicado-alumnos\">comunicado alumnos<\/a><iframe loading=\"lazy\" id=\"doc_16519\" src=\"http:\/\/www.scribd.com\/embeds\/60422017\/content?start_page=1&amp;view_mode=list&amp;access_key=key-2oe44dc8y6n2kore5e7j\" frameborder=\"0\" scrolling=\"no\" width=\"100%\" height=\"600\" data-auto-height=\"true\" data-aspect-ratio=\"0.706697459584296\"><\/iframe><script type=\"text\/javascript\">\/\/ <![CDATA[\n     (function() { var scribd = document.createElement(\"script\"); scribd.type = \"text\/javascript\"; scribd.async = true; scribd.src = \"http:\/\/www.scribd.com\/javascripts\/embed_code\/inject.js\"; var s = document.getElementsByTagName(\"script\")[0]; s.parentNode.insertBefore(scribd, s); })();\n\/\/ ]]><\/script><\/p>\n<p><strong>9 -Escrito de un Catedr\u00e1tico Interino del Conservatorio Superior de Castell\u00f3n<\/strong><\/p>\n<p><a style=\"margin: 12px auto 6px auto; font-family: Helvetica,Arial,Sans-serif; font-style: normal; font-variant: normal; font-weight: normal; font-size: 14px; line-height: normal; font-size-adjust: none; font-stretch: normal; -x-system-font: none; display: block; text-decoration: underline;\" title=\"View carta ortola on Scribd\" href=\"http:\/\/www.scribd.com\/doc\/60422127\/carta-ortola\">carta ortola<\/a><iframe loading=\"lazy\" id=\"doc_21085\" src=\"http:\/\/www.scribd.com\/embeds\/60422127\/content?start_page=1&amp;view_mode=list&amp;access_key=key-28hretgogqorud5h55k3\" frameborder=\"0\" scrolling=\"no\" width=\"100%\" height=\"600\" data-auto-height=\"true\" data-aspect-ratio=\"\"><\/iframe><\/p>\n<p><strong>10 &#8211; Informaciones sindicato<\/strong><\/p>\n<p>SOBRE LA MILLORA DE TREBALL ALS CONSERVATORIS SUPERIORS<\/p>\n<p>Aquest mat\u00ed la Conselleria ens ha informat que l\u0092esborrany del document sobre la millora de treball per a accedir als Conservatoris Superiors des dels professionals est\u00e0 en mans dels Serveis Jur\u00eddics de Conselleria. Han de dictaminar si aquesta via \u00e9s legal o no. En el moment que tinguen el dict\u00e0men dels Serveis Jur\u00eddics ens informaran. Si\u00a0 \u00e9s legal, convocaran una mesa sectorial per a negociar-lo amb els sindicats.<\/p>\n<p>Continuarem informant.<\/p>\n<p>Val\u00e8ncia, 7 de juny de 2011<\/p>\n<p>STEPV<\/p>\n<p><strong>11- Comunicado alumna que habl\u00f3 con el Director General de Personal<\/strong><\/p>\n<p>En la reuni\u00f3n de hoy en el Conservatorio Superior de Valencia, una alumna ha contado que fue de las que la semana pasada se manifestaron a la puerta de la Conseller\u00eda (total 33 personas) y consiguieron hablar con el director general de Personal. Este les dijo que, tranquilidad, que lo de la mejora estaba en marcha. Confirm\u00f3 que NO se van a sacar las comisiones debido al contencioso porque, seg\u00fan nos ha dicho la alumna, si el fallo saliera a mitad de curso y fuera desfavorable a Conseller\u00eda, tendr\u00edan que anularlas inmediatamente y los alumnos se quedar\u00edan son clase. Tambi\u00e9n confirm\u00f3 que no podr\u00e1n pedir mejora los profesores con plaza fuera de la Comunidad Valenciana.<\/p>\n<p><strong>12- Comunicado Concentraci\u00f3n por un profesorado estable y de calidad (grupo de Facebook)<\/strong><\/p>\n<p>He de comunicaros con gran satisfacci\u00f3n que hoy nos hemos reunido en Valencia catedr\u00e1ticos, profesores, parte de la junta directiva y alumnos. Se ha acordado en esta reuni\u00f3n dos puntos principales.<br \/>\nEl primero por parte de los catedr\u00e1ticos, van a reunirse para intentar que Perell\u00f3 quite el contencioso, y si se niega han pensado otras soluciones para poder invalidarlo. Lo segundo todos estamos de acuerdo que NOS EST\u00c1N TOMANDO EL PELO! A\u00fan no se sabe nada, quienes examinar\u00e1n en septiembre, quienes har\u00e1n las pruebas de acceso, quienes ser\u00e1n los profesores&#8230;.Por lo que nuestros profesores ya est\u00e1n trabajando en un escrito oficial para la prensa y en otro m\u00e1s extenso abarcando todos los problemas de este asunto para Conseller\u00eda. Hemos acordado una manifestaci\u00f3n masiva, profesores, catedr\u00e1ticos y alumnos. Necesitamos el apoyo de los Conservatorios Superiores de Castell\u00f3n y Alicante, no s\u00f3lo su alumnado sino tambi\u00e9n el profesorado. Os iremos comunicando fechas y cambios. Gracias.<\/p>\n<p><strong>13- Reuni\u00f3n Valencia<\/strong><\/p>\n<p>Hemos consultado con personas de confianza que ocupan o han ocupado cargos importantes en la Administraci\u00f3n y les parece completamente correcto el env\u00edo de la solicitud, pero\u00a0nos sugieren un cambio de estrategia inicial:<\/p>\n<p>Como primer paso, en lugar de concentrarse directamente el mi\u00e9rcoles para acompa\u00f1ar a los que presenten la petici\u00f3n en el Registro de Entrada de Conselleria, aconsejan a\u00f1adir a la solicitud una\u00a0<strong>hoja de firmas de todos los componentes de la comunidad educativa<\/strong>\u00a0de los tres conservatorios (como norma, los documentos deben ir firmados para ser atendidos).<\/p>\n<p>En el caso de que nuestra solicitud no fuera atendida\u00a0<strong>dar\u00edamos el segundo paso, que ser\u00eda la concentraci\u00f3n en Conselleria y el env\u00edo de la nota de prensa<\/strong>\u00a0(tambi\u00e9n est\u00e1 preparada). Como veis, en el escrito damos un plazo corto para que se nos reciba porque el tiempo se nos echa encima (<strong>si no obtenemos respuesta antes del viernes, d\u00eda 1, convocar\u00edamos la concentraci\u00f3n para el lunes d\u00eda 4<\/strong>). Esto nos parece l\u00f3gico porque la Secretaria Auton\u00f3mica acaba de incorporarse a su puesto y no ha tenido oportunidad ni de atender ni de negarse a nuestra solicitud.<\/p>\n<p><strong>POR TANTO, LA CONCENTRACI\u00d3N DEL MI\u00c9RCOLES 29 QUEDA, DE MOMENTO, POSPUESTA<\/strong><\/p>\n<p><strong>MUY IMPORTANTE:<\/strong><\/p>\n<p>Las firmas de la solicitud se recoger\u00e1n entre el lunes a lo largo de todo el d\u00eda y la ma\u00f1ana del martes en el Conservatorio (preguntad en conserjer\u00eda), para poder llevarla el mismo martes a mediod\u00eda al registro de entrada de la Conselleria de Educaci\u00f3n.\u00a0<strong>Deber\u00edamos conseguir el mayor n\u00famero de firmas. Por favor, rellenad todos los datos.<\/strong><\/p>\n<p><strong>El documento va a dirigirse a la Secretaria Auton\u00f3mica y tambi\u00e9n al Director general de Educaci\u00f3n, luego ten\u00e9is que recordar que\u00a0<\/strong><strong>hay que firmar los dos documentos<\/strong><strong>.<\/strong><\/p>\n<p>Tenemos el respaldo de Castell\u00f3n y Alicante que se adherir\u00e1n a la solicitud. Por favor, los profesores que quedasteis encargados de pasar la informaci\u00f3n a los Conservatorios profesionales, hacedlo.<\/p>\n<p>Gracias a todos y que haya suerte!<\/p>\n<p><a style=\"margin: 12px auto 6px auto; font-family: Helvetica,Arial,Sans-serif; font-style: normal; font-variant: normal; font-weight: normal; font-size: 14px; line-height: normal; font-size-adjust: none; font-stretch: normal; -x-system-font: none; display: block; text-decoration: underline;\" title=\"View Petici\u00f3n Conselleria DirGral on Scribd\" href=\"http:\/\/www.scribd.com\/doc\/60422414\/Peticio%CC%81n-Conselleria-DirGral\">Petici\u00f3n Conselleria DirGral<\/a><iframe loading=\"lazy\" id=\"doc_2174\" src=\"http:\/\/www.scribd.com\/embeds\/60422414\/content?start_page=1&amp;view_mode=list&amp;access_key=key-215pkkzu0i5tnlivdgod\" frameborder=\"0\" scrolling=\"no\" width=\"100%\" height=\"600\" data-auto-height=\"true\" data-aspect-ratio=\"\"><\/iframe><\/p>\n<p><strong>14- Comunicado CSIF<\/strong><\/p>\n<p>http:\/\/www.csi-f.es\/es\/content\/desaparece-la-direccion-general-de-personal-no-sabemos-ahora-de-quien-dependen-nuestras-comi<\/p>\n<p><strong>15- Sobre la evoluci\u00f3n de la firmas:<\/strong><\/p>\n<p>Sobre las firmas que estamos recogiendo, ampliaremos el plazo durante toda la semana, fundamentalmente por tres razones:<\/p>\n<p>1) Para conseguir un mayor n\u00famero de las mismas<\/p>\n<p>2) Porque pasado ma\u00f1ana tenemos un claustro de profesores con un \u00fanico punto de orden del d\u00eda referido al tema que nos ocupa<\/p>\n<p>3) Y porque, presumiblemente, a ra\u00edz de un escrito de adhesi\u00f3n \u201c a la causa\u201d por parte del claustro, \u00e9ste se presentar\u00eda en Conselleria. Adem\u00e1s, es presumible, tambi\u00e9n, una reuni\u00f3n en dicha sede de los directores de los tres conservatorios superiores de la Comunidad, as\u00ed como con la directora del ISEACV<\/p>\n<p>Por tanto, os instamos a que difund\u00e1is estas \u00faltimas noticias, as\u00ed como que las hojas de firmas siguen en conserjer\u00eda. No obstante, tenemos, como sab\u00e9is, otras armas (nota de prensa, concentraci\u00f3n) para poner en marcha en el caso de que la situaci\u00f3n no sea favorable.<\/p>\n<p>Si ten\u00e9is algo que aportar (dado que todas estas iniciativas parten de toda la Comunidad Educativa), no ten\u00e9is m\u00e1s que poneros en contacto con nosotros<\/p>\n<p>Saludos<\/p>\n<p>&#8212;&#8212;&#8211;<\/p>\n<p>Informaci\u00f3n de Pamina<\/p>\n<p>Esta ma\u00f1ana se han recogido aproximadamente unas 200 firmas en el csm Valencia pero, hacia el mediod\u00eda los ASESORES del ISEACV, han estado llamando y presionando a los profesores que organizaban la recogida de firmas inst\u00e1ndoles a qu\u00e9 NO SE PRESENTE ESTE ESCRITO. Seg\u00fan ellos, es contraproducente porque el ISEACv (que no ha podido solucionar nada en un mes) se est\u00e1 encargando del tema y, vienen a decir que VAN A CONSEGUIR QUE VUELVAN A CONVOCARSE LAS COMISIONES, ante el cabreo de los profesores que estaban organizando esta protesta y pidiendo OTRO TIPO DE SOLUCI\u00d3n. As\u00ed est\u00e1n ahora mismo las cosas, veremos que pasa ma\u00f1ana, pero la presi\u00f3n est\u00e1 siendo muy grande!!<\/p>\n<p>&#8212;&#8211;<\/p>\n<p>Informaci\u00f3n de Pamina<\/p>\n<p>Ante las presiones del ISEACV, CCOO ha calificado el escrito como \u00abangelical\u00bb y es que simplemente pide una reuni\u00f3n para hablar con la Secretaria Auton\u00f3mica de Educaci\u00f3n (ya que al Director General de Personal, como han dicho textualmente los de CCOO, \u00abni est\u00e1 ni se le espera\u00bb). Por otro lado, parece ser que hoy mismo la Sra. M\u00aa Luisa Mart\u00ednez (Directora del ISEACV) ten\u00eda una reuni\u00f3n con el Conseller. Asi pues, ha pedido que se anule la entrega del escrito con la hoja de firmas.<\/p>\n<p><strong>\u00a016- \u00faltimos comunicados sindicatos<\/strong><\/p>\n<p><strong>STEPV informa<\/strong><\/p>\n<p>La millora de treball que substituir\u00e0 les comissions de serveis en els conservatoris superiors sembla imminent<\/p>\n<p>En la Mesa Sectorial de divendres 1 de juliol la conselleria ha informat que la convocat\u00f2ria de millora de treball que substituir\u00e0 les comissions de serveis per al professorat dels conservatoris professionals que vulguen treballar en el superior tindr\u00e0 lloc els pr\u00f2xims dies. STEPV ha demanat negociar urgentment el document i \u00e9s possible que la setmana que ve ens convoquen per a dur a terme aquesta negociaci\u00f3. En el moment que ens arribe el document us el farem arribar, tot i que sembla que el marge de temps per a presentar al\u00b7legacions i propostes ser\u00e0 m\u00ednim donada la urg\u00e8ncia del tema.<\/p>\n<p>STEPV<\/p>\n<p>&nbsp;<\/p>\n<p><strong>17 &#8211; FINALE<\/strong><\/p>\n<p>Aquest mat\u00ed la Conselleria ha informat que, finalment, establiran una pr\u00f2rroga de les Comissions de Serveis als conservatoris superiors. Han descartat l\u0092opci\u00f3 de la millora de treball perqu\u00e8 encara no tenen l\u0092informe jur\u00eddic i no poden esperar m\u00e9s temps. Tamb\u00e9 han descartat l\u0092opci\u00f3 d\u0092acudir a les borses de treball perqu\u00e8 comportaria que tot el professorat actualment en comissions de serveis tornaria als seus llocs de treball en els conservatoris professionals. La conselleria s\u0092empara en un nou Reial Decret que estableix les especialitats del cos de catedr\u00e0tics que encara no s\u0092ha publicat per\u00f2 que permet la impartici\u00f3 de mat\u00e8ries del Superior per part de professorat del Professional. Tamb\u00e9 han explicat que no publicaran una convocat\u00f2ria perqu\u00e8 no \u00e9s obligatori per a concedir Comissions de Serveis, sin\u00f3 que les concediran de la manera seg\u00fcent:<\/p>\n<p>&#8211; Conselleria d\u0092Educaci\u00f3 far\u00e0 arribar a l\u0092ISEA les places disponibles en els conservatoris superiors.<\/p>\n<p>&#8211; L\u0092ISEA far\u00e0 una proposta de llista amb el professorat que ocupar\u00e0 aquestes places en Comissi\u00f3 de Serveis, previ consentiment del professorat proposat.<\/p>\n<p>&#8211; Es publicar\u00e0 un llistat a finals de mes, possiblement el 25 de juliol, per\u00f2 est\u00e0 per confirmar la data.<\/p>\n<p>STEPV ha fet dues observacions:<\/p>\n<p>1.- Al procediment haurien de tindre dret a conc\u00f3rrer tot el professorat interessat i no nom\u00e9s aquell que ja est\u00e0 en comissions de serveis en el Superior, com s\u0092ha fet fins ara, no amb un llistat tancat a proposta de l\u0092ISEA.<\/p>\n<p>2.- Si aquest mecanisme s\u0092activa abans de la publicaci\u00f3 del nou Reial Decret que permet aquestes comissions \u00e9s possible que les persones interessades en participar i que es vegen excloses del procediment impugnen el procediment.<\/p>\n<p>3.- Aquest procediment ha de ser excepcional aquest curs i l\u0092any que ve s\u0092ha d\u0092abordar d\u0092una vegada l\u0092estabilitat de les plantilles.<\/p>\n<p>La Conselleria ha respost que es compromet a abordar el curs que ve la problem\u00e0tica de les plantilles del superior, per\u00f2 que la resta de les observacions no les pot aplicar per manca de temps, tot i que \u00e9s conscient dels riscos d\u0092impugnacions.<\/p>\n<p>STEPV<\/p>\n<p>&#8212;&#8212;&#8212;&#8211;<\/p>\n<p>Documento enviado a los profesores del CSM de Valencia<\/p>\n<p>ACEPTACI\u00d3N COMISI\u00d3N DE SERVICIOS<br \/>\nD. con DNI y NRP , funcionario docente del cuerpo de Profesores de M\u00fasica y Artes Esc\u00e9nicas de la especialidad de con destino definitivo en el de la localidad de<br \/>\nAcepto la Comisi\u00f3n de Servicios para el n\u00famero de puesto (poner especialidad) del centro Conservatorio Superior de M\u00fasica \u201cJoaqu\u00edn Rodrigo\u201d de la localidad de Valencia para el curso 2011-2012.<\/p>\n<p>As\u00ed como me comprometo a colaborar con el equipo docente del centro para el desarrollo de los proyectos previstos en el centro y manifiesto mi disponibilidad a la continuidad en el centro para el curso 2012-13<\/p>\n<p>Valencia a de Julio de 2011<\/p>\n<p>Fdo:<\/p>\n<p><strong>18- Coda: Si ya lo dijo Schubert.<\/strong><\/p>\n<p>Comunicado del Grupo de Facebook Concentraciones por un profesorado estable y de calidad:<\/p>\n<p>Como ya sabr\u00e9is muchos se han alargado las comisiones por dos a\u00f1os m\u00e1s. Feliz verano a tod@s!!!!y perdonad por la tardanza en comunicar\u00f3slo. Gracias a todos por vuestro inter\u00e9s y apoyo.<\/p>\n<p>&nbsp;<br \/>\n<iframe loading=\"lazy\" src=\"http:\/\/www.youtube.com\/embed\/4IE-z9J4HYc\" frameborder=\"0\" width=\"425\" height=\"349\"><\/iframe><\/p>\n","protected":false},"excerpt":{"rendered":"<p>Si no se sabe de que va el tema leer antes esta entrada: http:\/\/oysiao.jlmirall.es\/?p=1258\u00a0(especialmente los comentarios) Aqu\u00ed se presentan los documentos que han ido conformando el devenir de informaciones y desinformaciones de los \u00faltimos meses respecto al asunto de las comisiones de servicio de los Conservatorios Superiores de la Comunidad&hellip; <\/p>\n","protected":false},"author":2,"featured_media":0,"comment_status":"open","ping_status":"open","sticky":false,"template":"","format":"standard","meta":{"jetpack_post_was_ever_published":false,"_jetpack_newsletter_access":"","_jetpack_dont_email_post_to_subs":false,"_jetpack_newsletter_tier_id":0,"_jetpack_memberships_contains_paywalled_content":false,"_jetpack_memberships_contains_paid_content":false,"footnotes":"","jetpack_publicize_message":"","jetpack_publicize_feature_enabled":true,"jetpack_social_post_already_shared":false,"jetpack_social_options":{"image_generator_settings":{"template":"highway","default_image_id":0,"font":"","enabled":false},"version":2}},"categories":[44,155],"tags":[59,78,126,88,54,84],"class_list":["post-1351","post","type-post","status-publish","format-standard","hentry","category-critica-constructiva-a-un-conservatorio","category-ntw","tag-conservatorio","tag-funcionarios","tag-inspeccion","tag-isea","tag-opos","tag-reivindicaciones"],"jetpack_publicize_connections":[],"jetpack_featured_media_url":"","jetpack_shortlink":"https:\/\/wp.me\/p74VZt-lN","jetpack_sharing_enabled":true,"_links":{"self":[{"href":"https:\/\/oysiao.jlmirall.es\/index.php?rest_route=\/wp\/v2\/posts\/1351","targetHints":{"allow":["GET"]}}],"collection":[{"href":"https:\/\/oysiao.jlmirall.es\/index.php?rest_route=\/wp\/v2\/posts"}],"about":[{"href":"https:\/\/oysiao.jlmirall.es\/index.php?rest_route=\/wp\/v2\/types\/post"}],"author":[{"embeddable":true,"href":"https:\/\/oysiao.jlmirall.es\/index.php?rest_route=\/wp\/v2\/users\/2"}],"replies":[{"embeddable":true,"href":"https:\/\/oysiao.jlmirall.es\/index.php?rest_route=%2Fwp%2Fv2%2Fcomments&post=1351"}],"version-history":[{"count":15,"href":"https:\/\/oysiao.jlmirall.es\/index.php?rest_route=\/wp\/v2\/posts\/1351\/revisions"}],"predecessor-version":[{"id":2313,"href":"https:\/\/oysiao.jlmirall.es\/index.php?rest_route=\/wp\/v2\/posts\/1351\/revisions\/2313"}],"wp:attachment":[{"href":"https:\/\/oysiao.jlmirall.es\/index.php?rest_route=%2Fwp%2Fv2%2Fmedia&parent=1351"}],"wp:term":[{"taxonomy":"category","embeddable":true,"href":"https:\/\/oysiao.jlmirall.es\/index.php?rest_route=%2Fwp%2Fv2%2Fcategories&post=1351"},{"taxonomy":"post_tag","embeddable":true,"href":"https:\/\/oysiao.jlmirall.es\/index.php?rest_route=%2Fwp%2Fv2%2Ftags&post=1351"}],"curies":[{"name":"wp","href":"https:\/\/api.w.org\/{rel}","templated":true}]}}