{"id":1430,"date":"2011-11-12T22:25:21","date_gmt":"2011-11-12T20:25:21","guid":{"rendered":"http:\/\/jlmirall.es\/oysiao\/?p=1430"},"modified":"2015-03-10T11:22:38","modified_gmt":"2015-03-10T09:22:38","slug":"el-camino-para-el-cambio-el-modelo-pvca","status":"publish","type":"post","link":"https:\/\/oysiao.jlmirall.es\/?p=1430","title":{"rendered":"El camino para el cambio | El Modelo PVCA"},"content":{"rendered":"<p>Recientemente he estado realizando algunos cursos de formaci\u00f3n para el profesorado en el CEFIRE de Castell\u00f3n, de c\u00f3mo se desprende de algunos de mis twitts con el hastag #AprendiendoASerUnDocenteDecente.<\/p>\n<p><a title=\"Captura de pantalla 2011-11-12 a la(s) 20.50.59\" href=\"http:\/\/www.flickr.com\/photos\/26978600@N07\/6338294516\/\"><img loading=\"lazy\" decoding=\"async\" class=\"alignnone aligncenter\" src=\"http:\/\/farm7.static.flickr.com\/6229\/6338294516_8ccbe8f1da_b.jpg\" alt=\"Captura de pantalla 2011-11-12 a la(s) 20.50.59\" width=\"717\" height=\"533\" \/><\/a><\/p>\n<p>En anteriores entradas he hablado sobre:<\/p>\n<ul>\n<li><a title=\"Definici\u00f3n de Calidad \u2013 la belleza de una idea\" href=\"http:\/\/oysiao.jlmirall.es\/?p=1412\">La definici\u00f3n del concepto de calidad<\/a><\/li>\n<li><a title=\"El Ciclo de Mejora \u2013 La rueda que no rueda\" href=\"http:\/\/oysiao.jlmirall.es\/?p=1420\">El ciclo de mejora o ciclo de Demming<\/a><\/li>\n<\/ul>\n<div>Pero esta entrada la voy a dedicar al Modelo PVCA que nos present\u00f3 una consultora en una de las jornadas. No soy un experto en evaluaci\u00f3n y sinceramente no s\u00e9 de d\u00f3nde surge este modelo, ni puedo poner enlaces que ayuden a profundizar en los conceptos. Pero aparece en dos consultoras (\u00bfcopiado una de otra?, no pondr\u00e9 nombres para que no se enfaden) con una ligera modificaci\u00f3n de palabras (sin\u00f3nimos) y el orden de las mismas (ejem&#8230;).<\/div>\n<div>Pero indiferentemente de la autoria del modelo me gust\u00f3. Lo llamo modelo PVCA para el cambio o la mejora sostenible, porque define las cuatro premisas b\u00e1sicas para que \u00e9ste se produzca:<\/div>\n<div>\n<ol>\n<li><strong>P<\/strong>resi\u00f3n para el cambio<\/li>\n<li>Una clara <strong>V<\/strong>isi\u00f3n compartida<\/li>\n<li><strong>C<\/strong>apacidad para cambiar<\/li>\n<li>Primeras <strong>A<\/strong>cciones<\/li>\n<\/ol>\n<div>Seguidamente a su presentaci\u00f3n, las dos consultoras analizan visualmente de la misma forma los problemas que se derivan de el d\u00e9ficit de alguna de las premisas. Y aqu\u00ed he buscado yo una definici\u00f3n algo diferente al resultado de cada una de las situaciones. Se puede ver en el video siguiente:<\/div>\n<p>&nbsp;<\/p>\n<p><iframe loading=\"lazy\" src=\"http:\/\/www.youtube.com\/embed\/A9fZgkT3C9Q?rel=0&amp;hd=1\" frameborder=\"0\" width=\"640\" height=\"480\"><\/iframe><\/p>\n<\/div>\n","protected":false},"excerpt":{"rendered":"<p>Recientemente he estado realizando algunos cursos de formaci\u00f3n para el profesorado en el CEFIRE de Castell\u00f3n, de c\u00f3mo se desprende de algunos de mis twitts con el hastag #AprendiendoASerUnDocenteDecente. En anteriores entradas he hablado sobre: La definici\u00f3n del concepto de calidad El ciclo de mejora o ciclo de Demming Pero&hellip; <\/p>\n","protected":false},"author":2,"featured_media":0,"comment_status":"open","ping_status":"open","sticky":false,"template":"","format":"standard","meta":{"jetpack_post_was_ever_published":false,"_jetpack_newsletter_access":"","_jetpack_dont_email_post_to_subs":false,"_jetpack_newsletter_tier_id":0,"_jetpack_memberships_contains_paywalled_content":false,"_jetpack_memberships_contains_paid_content":false,"footnotes":"","jetpack_publicize_message":"","jetpack_publicize_feature_enabled":true,"jetpack_social_post_already_shared":false,"jetpack_social_options":{"image_generator_settings":{"template":"highway","default_image_id":0,"font":"","enabled":false},"version":2}},"categories":[151,1,154],"tags":[102,74,107],"class_list":["post-1430","post","type-post","status-publish","format-standard","hentry","category-evaluacion-calidad-y-formacion","category-general","category-tw","tag-calidad","tag-educacion","tag-pvca"],"jetpack_publicize_connections":[],"jetpack_featured_media_url":"","jetpack_shortlink":"https:\/\/wp.me\/p74VZt-n4","jetpack_sharing_enabled":true,"_links":{"self":[{"href":"https:\/\/oysiao.jlmirall.es\/index.php?rest_route=\/wp\/v2\/posts\/1430","targetHints":{"allow":["GET"]}}],"collection":[{"href":"https:\/\/oysiao.jlmirall.es\/index.php?rest_route=\/wp\/v2\/posts"}],"about":[{"href":"https:\/\/oysiao.jlmirall.es\/index.php?rest_route=\/wp\/v2\/types\/post"}],"author":[{"embeddable":true,"href":"https:\/\/oysiao.jlmirall.es\/index.php?rest_route=\/wp\/v2\/users\/2"}],"replies":[{"embeddable":true,"href":"https:\/\/oysiao.jlmirall.es\/index.php?rest_route=%2Fwp%2Fv2%2Fcomments&post=1430"}],"version-history":[{"count":15,"href":"https:\/\/oysiao.jlmirall.es\/index.php?rest_route=\/wp\/v2\/posts\/1430\/revisions"}],"predecessor-version":[{"id":3838,"href":"https:\/\/oysiao.jlmirall.es\/index.php?rest_route=\/wp\/v2\/posts\/1430\/revisions\/3838"}],"wp:attachment":[{"href":"https:\/\/oysiao.jlmirall.es\/index.php?rest_route=%2Fwp%2Fv2%2Fmedia&parent=1430"}],"wp:term":[{"taxonomy":"category","embeddable":true,"href":"https:\/\/oysiao.jlmirall.es\/index.php?rest_route=%2Fwp%2Fv2%2Fcategories&post=1430"},{"taxonomy":"post_tag","embeddable":true,"href":"https:\/\/oysiao.jlmirall.es\/index.php?rest_route=%2Fwp%2Fv2%2Ftags&post=1430"}],"curies":[{"name":"wp","href":"https:\/\/api.w.org\/{rel}","templated":true}]}}