{"id":147,"date":"2008-10-14T23:28:55","date_gmt":"2008-10-14T21:28:55","guid":{"rendered":"http:\/\/oysiao.wordpress.com\/?p=147"},"modified":"2015-03-10T12:24:34","modified_gmt":"2015-03-10T10:24:34","slug":"localizaciones-conciertos-rzewski","status":"publish","type":"post","link":"https:\/\/oysiao.jlmirall.es\/?p=147","title":{"rendered":"Localizaciones Conciertos Rzewski"},"content":{"rendered":"<p>Para todos aquellos interesados en ir a los conciertos del encuentro <a href=\"http:\/\/oysiao.wordpress.com\/2008\/10\/06\/mskn-loves-rzewski\/\">Rzewski de Musikeon<\/a>:<\/p>\n<p>Doble Concierto de Frederic Rzewski<br \/>\nSal\u00f3n de actos de la Fundaci\u00f3n Bancaja (C.\/ General Tovar, 3. Frente a la Plaza Tetu\u00e1n y cerca del Corte Ingl\u00e9s Pintor Sorolla. En pleno centro de Valencia) ,<br \/>\nENTRADA LIBRE! Reservas en info@musikeon.net y en el tel\u00e9fono 963 107 159 (de lunes a viernes de 10 a 14h)<\/p>\n<p>Concierto monogr\u00e1fico con obras de FREDERIC RZEWSKI a cargo de los alumnos de los Cursos Anuales de Interpretaci\u00f3n Pian\u00edstica de MUSIKEON, con la presencia del compositor<br \/>\nSala Clemente (Av. Maestro Rodrigo, 3), 20 horas, ENTRADA LIBRE!<\/p>\n","protected":false},"excerpt":{"rendered":"<p>Para todos aquellos interesados en ir a los conciertos del encuentro Rzewski de Musikeon: Doble Concierto de Frederic Rzewski Sal\u00f3n de actos de la Fundaci\u00f3n Bancaja (C.\/ General Tovar, 3. Frente a la Plaza Tetu\u00e1n y cerca del Corte Ingl\u00e9s Pintor Sorolla. En pleno centro de Valencia) , ENTRADA LIBRE!&hellip; <\/p>\n","protected":false},"author":2,"featured_media":0,"comment_status":"open","ping_status":"open","sticky":false,"template":"","format":"standard","meta":{"jetpack_post_was_ever_published":false,"_jetpack_newsletter_access":"","_jetpack_dont_email_post_to_subs":false,"_jetpack_newsletter_tier_id":0,"_jetpack_memberships_contains_paywalled_content":false,"_jetpack_memberships_contains_paid_content":false,"footnotes":"","jetpack_publicize_message":"","jetpack_publicize_feature_enabled":true,"jetpack_social_post_already_shared":false,"jetpack_social_options":{"image_generator_settings":{"template":"highway","default_image_id":0,"font":"","enabled":false},"version":2}},"categories":[155,1],"tags":[76,57],"class_list":["post-147","post","type-post","status-publish","format-standard","hentry","category-ntw","category-general","tag-musica","tag-piano"],"jetpack_publicize_connections":[],"jetpack_featured_media_url":"","jetpack_shortlink":"https:\/\/wp.me\/p74VZt-2n","jetpack_sharing_enabled":true,"_links":{"self":[{"href":"https:\/\/oysiao.jlmirall.es\/index.php?rest_route=\/wp\/v2\/posts\/147","targetHints":{"allow":["GET"]}}],"collection":[{"href":"https:\/\/oysiao.jlmirall.es\/index.php?rest_route=\/wp\/v2\/posts"}],"about":[{"href":"https:\/\/oysiao.jlmirall.es\/index.php?rest_route=\/wp\/v2\/types\/post"}],"author":[{"embeddable":true,"href":"https:\/\/oysiao.jlmirall.es\/index.php?rest_route=\/wp\/v2\/users\/2"}],"replies":[{"embeddable":true,"href":"https:\/\/oysiao.jlmirall.es\/index.php?rest_route=%2Fwp%2Fv2%2Fcomments&post=147"}],"version-history":[{"count":5,"href":"https:\/\/oysiao.jlmirall.es\/index.php?rest_route=\/wp\/v2\/posts\/147\/revisions"}],"predecessor-version":[{"id":3640,"href":"https:\/\/oysiao.jlmirall.es\/index.php?rest_route=\/wp\/v2\/posts\/147\/revisions\/3640"}],"wp:attachment":[{"href":"https:\/\/oysiao.jlmirall.es\/index.php?rest_route=%2Fwp%2Fv2%2Fmedia&parent=147"}],"wp:term":[{"taxonomy":"category","embeddable":true,"href":"https:\/\/oysiao.jlmirall.es\/index.php?rest_route=%2Fwp%2Fv2%2Fcategories&post=147"},{"taxonomy":"post_tag","embeddable":true,"href":"https:\/\/oysiao.jlmirall.es\/index.php?rest_route=%2Fwp%2Fv2%2Ftags&post=147"}],"curies":[{"name":"wp","href":"https:\/\/api.w.org\/{rel}","templated":true}]}}