{"id":1693,"date":"2012-01-27T11:14:13","date_gmt":"2012-01-27T09:14:13","guid":{"rendered":"http:\/\/jlmirall.es\/oysiao\/?p=1693"},"modified":"2015-03-10T12:12:19","modified_gmt":"2015-03-10T10:12:19","slug":"asamblea-del-conservatorio-superior-valencia-en-contra-de-los-recortes","status":"publish","type":"post","link":"https:\/\/oysiao.jlmirall.es\/?p=1693","title":{"rendered":"Asamblea del Conservatorio Superior Valencia en contra de los recortes"},"content":{"rendered":"<div><img loading=\"lazy\" decoding=\"async\" class=\"alignleft\" src=\"http:\/\/farm8.static.flickr.com\/7196\/6861911789_17d4c23730.jpg\" alt=\"retallades2\" width=\"242\" height=\"222\" \/>Estimats companys,<\/div>\n<div>us comunique, en nom del claustre de professors del Conservatori\u00a0Superior de M\u00fasica de Val\u00e8ncia, que en l&#8217;assemblea que hem tingut este\u00a0mat\u00ed dia 25 de gener de 2012 hem decidit, per unanimitat, participar\u00a0i recolzar com a col\u00b7lectiu totes les accions i reivindicacions que\u00a0els funcionaris de l&#8217;educaci\u00f3 i\/o resta de cossos de funcionaris de la\u00a0Generalitat convoquen conjuntament.<\/div>\n<div><\/div>\n<div>Esta participaci\u00f3 comen\u00e7a des de hui mateix. Dem\u00e0 dijous anirem a la\u00a0manifestaci\u00f3 convocada per tots els cossos de funcionaris de la\u00a0Generalitat, en contra de les retallades socials i nacionals. 18.30\u00a0hores. Pla\u00e7a de Sant Agust\u00ed. Hem quedat de 18.00 a 18.30 davant\u00a0d&#8217;hisenda (amb pancarta inclosa).<\/div>\n<div><\/div>\n<div>A m\u00e9s a m\u00e9s, s&#8217;ha decidit signar un escrit adre\u00e7at al Molt Honorable\u00a0President de la Generalitat Valenciana que est\u00e0 a la vostra disposici\u00f3\u00a0en la sala de professors i en consergeria.<\/div>\n<div><\/div>\n<div>No tenim el correu de tot el claustre de professors per la qual cosa\u00a0vos demanaria la m\u00e0xima divulgaci\u00f3 del comunicat (i dels propers).<\/div>\n<div>Tamb\u00e9 s&#8217;ha demanat que feu extensible la nostra adhesi\u00f3 a la resta de\u00a0conservatoris de la Generalitat Valenciana i alumnes, per si\u00a0consideren oport\u00fa sumar-se a les mobilitzacions.<\/div>\n<div><\/div>\n<div style=\"text-align: center;\"><strong>NO a les retallades en l&#8217;educaci\u00f3<\/strong><\/div>\n<div style=\"text-align: center;\"><strong>NO a les retallades dels serveis p\u00fablics<\/strong><\/div>\n<div style=\"text-align: center;\"><strong>Per una educaci\u00f3 p\u00fablica i de qualitat<\/strong><\/div>\n<div style=\"text-align: center;\"><strong>NO m\u00e9s agressions a l&#8217;educaci\u00f3!<\/strong><\/div>\n","protected":false},"excerpt":{"rendered":"<p>Estimats companys, us comunique, en nom del claustre de professors del Conservatori\u00a0Superior de M\u00fasica de Val\u00e8ncia, que en l&#8217;assemblea que hem tingut este\u00a0mat\u00ed dia 25 de gener de 2012 hem decidit, per unanimitat, participar\u00a0i recolzar com a col\u00b7lectiu totes les accions i reivindicacions que\u00a0els funcionaris de l&#8217;educaci\u00f3 i\/o resta de&hellip; <\/p>\n","protected":false},"author":2,"featured_media":0,"comment_status":"open","ping_status":"open","sticky":false,"template":"","format":"standard","meta":{"jetpack_post_was_ever_published":false,"_jetpack_newsletter_access":"","_jetpack_dont_email_post_to_subs":false,"_jetpack_newsletter_tier_id":0,"_jetpack_memberships_contains_paywalled_content":false,"_jetpack_memberships_contains_paid_content":false,"footnotes":"","jetpack_publicize_message":"","jetpack_publicize_feature_enabled":true,"jetpack_social_post_already_shared":false,"jetpack_social_options":{"image_generator_settings":{"template":"highway","default_image_id":0,"font":"","enabled":false},"version":2}},"categories":[155,1],"tags":[71,59,78,84],"class_list":["post-1693","post","type-post","status-publish","format-standard","hentry","category-ntw","category-general","tag-actualidad","tag-conservatorio","tag-funcionarios","tag-reivindicaciones"],"jetpack_publicize_connections":[],"jetpack_featured_media_url":"","jetpack_shortlink":"https:\/\/wp.me\/p74VZt-rj","jetpack_sharing_enabled":true,"_links":{"self":[{"href":"https:\/\/oysiao.jlmirall.es\/index.php?rest_route=\/wp\/v2\/posts\/1693","targetHints":{"allow":["GET"]}}],"collection":[{"href":"https:\/\/oysiao.jlmirall.es\/index.php?rest_route=\/wp\/v2\/posts"}],"about":[{"href":"https:\/\/oysiao.jlmirall.es\/index.php?rest_route=\/wp\/v2\/types\/post"}],"author":[{"embeddable":true,"href":"https:\/\/oysiao.jlmirall.es\/index.php?rest_route=\/wp\/v2\/users\/2"}],"replies":[{"embeddable":true,"href":"https:\/\/oysiao.jlmirall.es\/index.php?rest_route=%2Fwp%2Fv2%2Fcomments&post=1693"}],"version-history":[{"count":10,"href":"https:\/\/oysiao.jlmirall.es\/index.php?rest_route=\/wp\/v2\/posts\/1693\/revisions"}],"predecessor-version":[{"id":4350,"href":"https:\/\/oysiao.jlmirall.es\/index.php?rest_route=\/wp\/v2\/posts\/1693\/revisions\/4350"}],"wp:attachment":[{"href":"https:\/\/oysiao.jlmirall.es\/index.php?rest_route=%2Fwp%2Fv2%2Fmedia&parent=1693"}],"wp:term":[{"taxonomy":"category","embeddable":true,"href":"https:\/\/oysiao.jlmirall.es\/index.php?rest_route=%2Fwp%2Fv2%2Fcategories&post=1693"},{"taxonomy":"post_tag","embeddable":true,"href":"https:\/\/oysiao.jlmirall.es\/index.php?rest_route=%2Fwp%2Fv2%2Ftags&post=1693"}],"curies":[{"name":"wp","href":"https:\/\/api.w.org\/{rel}","templated":true}]}}