{"id":2435,"date":"2012-02-09T18:00:52","date_gmt":"2012-02-09T16:00:52","guid":{"rendered":"http:\/\/jlmirall.es\/oysiao\/?p=2435"},"modified":"2015-03-10T12:11:25","modified_gmt":"2015-03-10T10:11:25","slug":"modelo-de-autorizacion-para-usar-imagenes-de-alumnos","status":"publish","type":"post","link":"https:\/\/oysiao.jlmirall.es\/?p=2435","title":{"rendered":"Modelo de Autorizaci\u00f3n para usar im\u00e1genes de alumnos"},"content":{"rendered":"<p>Estos d\u00edas se est\u00e1 desarrollando la semana cultural en el Conservatorio Profesional de M\u00fasica Mestre T\u00e0rrega de Castell\u00f3n, y como coordinador de algunas de las actividades que se realizan me he encontrado con el peque\u00f1o problema de los derechos de imagen de menores.<\/p>\n<p>Seg\u00fan la normativa vigente no se pueden hacer fotograf\u00edas ni filmaciones de alumnos que luego se hagan p\u00fablicas sin el consentimiento paterno. Por eso mismo he consultado algunas p\u00e1ginas que ya hablan del tema:<\/p>\n<ul>\n<li><a href=\"http:\/\/www.spipedu.es\/spip.php?article39\">spipedu<\/a> | plataforma de desarrollo de sitios web educativos; d\u00f3nde hablan de algunos modelos y proponen uno nuevo en base a los que han consultado<\/li>\n<li><a href=\"http:\/\/www.iurismatica.com\/la-publicacion-de-fotografias-de-menores-por-parte-de-los-colegios\/\">iurism\u00e1tica<\/a> | abogados expertos en derecho TIC<\/li>\n<\/ul>\n<p style=\"text-align: right;\"><em>(\u00a1Gracias A<a href=\"http:\/\/aulamusicaldeadriana.blogspot.com\/\">driana<\/a>!, por el apoyo log\u00edstico durante la b\u00fasqueda de esta informaci\u00f3n)<\/em><\/p>\n<p style=\"text-align: justify;\">Y he creado el siguiente formulario que pod\u00e9is usar libremente introduciendo los datos en los campos correspondientes para contextualizar el modelo. No se trata de un modelo para que use un centro de forma gen\u00e9rica durante todo un curso, sino un modelo \u00abde urgencia\u00bb para utilizar solo en actividades concretas si el centro no dispone de una pol\u00edtica de autorizaciones institucionalizada previamente que ya est\u00e9 en funcionamiento.<\/p>\n<blockquote>\n<p align=\"LEFT\"><span style=\"font-family: 'Abadi MT Condensed Light';\"><span style=\"font-size: large;\"><span style=\"text-decoration: underline;\"><strong><span style=\"color: #000000;\">Informaci\u00f3n Legal<\/span><\/strong><\/span><\/span><\/span><\/p>\n<p align=\"JUSTIFY\"><span style=\"font-family: 'Abadi MT Condensed Light';\"><span style=\"font-size: small;\"><span style=\"color: #000000;\">Desde el a\u00f1o 1959 las Naciones Unidas proclamaron <\/span><span style=\"color: #000000;\"><strong>La Declaraci\u00f3n de los Derechos del Ni\u00f1o<\/strong><\/span><span style=\"color: #000000;\"> (resoluci\u00f3n 1386 de 20 de noviembre) en la cual se consideraba que el ni\u00f1o por su falta de madurez f\u00edsica y mental, necesita protecci\u00f3n y cuidados especiales tanto antes como despu\u00e9s del nacimiento. Estos derechos a la propia imagen est\u00e1n recogidos en la <\/span><span style=\"color: #000000;\"><strong>Constituci\u00f3n Espa\u00f1ola en su articulo 18 <\/strong><\/span><span style=\"color: #000000;\">y regulados por la <\/span><span style=\"color: #000000;\"><strong>Ley 1\/1982, de 5 de mayo<\/strong><\/span><span style=\"color: #000000;\">, sobre el derecho al honor, a la intimidad personal y familiar y a la propia imagen y la <\/span><span style=\"color: #000000;\">L<\/span><span style=\"color: #000000;\"><strong>ey 15\/1999<\/strong><\/span><span style=\"color: #000000;\">, de 13 de Diciembre<\/span><span style=\"color: #000000;\">, sobre la <\/span><span style=\"color: #000000;\">Protecci\u00f3n de Datos de Car\u00e1cter Personal. <\/span><\/span><\/span><\/p>\n<p align=\"LEFT\"><span style=\"color: #000000;\"><span style=\"font-family: 'Abadi MT Condensed Light';\"><span style=\"font-size: large;\"><strong><span style=\"text-decoration: underline;\">Informaci\u00f3n General<\/span><\/strong><\/span><\/span><\/span><\/p>\n<p align=\"JUSTIFY\"><span style=\"font-family: 'Abadi MT Condensed Light';\"><span style=\"font-size: small;\"><span style=\"color: #000000;\">Con la inclusi\u00f3n de las nuevas tecnolog\u00edas dentro de los medios did\u00e1cticos al alcance de la comunidad educativa y la posibilidad de que en estos puedan aparecer im\u00e1genes de vuestros hijos durante la realizaci\u00f3n de las actividades acad\u00e9micas, los coordinadores de esta actividad piden el consentimiento a los padres, madres o tutores legales para poder publicar las im\u00e1genes o videos en los que aparezcan individualmente o en grupo que con <\/span><span style=\"color: #000000;\"><strong>car\u00e1cter pedag\u00f3gico<\/strong><\/span><span style=\"color: #000000;\"> se puedan realizar a los ni\u00f1os y ni\u00f1as del centro, en las diferentes secuencias y actividades realizadas durante el desarrollo del [NOMBRE DEL EVENTO] en el [NOMBRE DEL CENTRO].<\/span><\/span><\/span><\/p>\n<\/blockquote>\n<p style=\"text-align: center;\" align=\"JUSTIFY\"><a href=\"http:\/\/oysiao.jlmirall.es\/wp-content\/uploads\/2012\/02\/modelo-autorizaci\u00f3n-general.odt\">DESCARGAR EL MODELO COMPLETO<\/a><\/p>\n<p>&nbsp;<\/p>\n","protected":false},"excerpt":{"rendered":"<p>Estos d\u00edas se est\u00e1 desarrollando la semana cultural en el Conservatorio Profesional de M\u00fasica Mestre T\u00e0rrega de Castell\u00f3n, y como coordinador de algunas de las actividades que se realizan me he encontrado con el peque\u00f1o problema de los derechos de imagen de menores. Seg\u00fan la normativa vigente no se pueden&hellip; <\/p>\n","protected":false},"author":2,"featured_media":0,"comment_status":"open","ping_status":"open","sticky":false,"template":"","format":"standard","meta":{"jetpack_post_was_ever_published":false,"_jetpack_newsletter_access":"","_jetpack_dont_email_post_to_subs":false,"_jetpack_newsletter_tier_id":0,"_jetpack_memberships_contains_paywalled_content":false,"_jetpack_memberships_contains_paid_content":false,"footnotes":"","jetpack_publicize_message":"","jetpack_publicize_feature_enabled":true,"jetpack_social_post_already_shared":false,"jetpack_social_options":{"image_generator_settings":{"template":"highway","default_image_id":0,"font":"","enabled":false},"version":2}},"categories":[35,155],"tags":[79,132,104,59,103,75,138,74,81,63,137,123,53],"class_list":["post-2435","post","type-post","status-publish","format-standard","hentry","category-conservatorios-y-tic","category-ntw","tag-centros","tag-clases","tag-conciertos","tag-conservatorio","tag-cursos","tag-derechos-de-autor","tag-derechos-de-imagen","tag-educacion","tag-herramientas-2-0","tag-legislacion","tag-menores","tag-pedagogia","tag-tic"],"jetpack_publicize_connections":[],"jetpack_featured_media_url":"","jetpack_shortlink":"https:\/\/wp.me\/p74VZt-Dh","jetpack_sharing_enabled":true,"_links":{"self":[{"href":"https:\/\/oysiao.jlmirall.es\/index.php?rest_route=\/wp\/v2\/posts\/2435","targetHints":{"allow":["GET"]}}],"collection":[{"href":"https:\/\/oysiao.jlmirall.es\/index.php?rest_route=\/wp\/v2\/posts"}],"about":[{"href":"https:\/\/oysiao.jlmirall.es\/index.php?rest_route=\/wp\/v2\/types\/post"}],"author":[{"embeddable":true,"href":"https:\/\/oysiao.jlmirall.es\/index.php?rest_route=\/wp\/v2\/users\/2"}],"replies":[{"embeddable":true,"href":"https:\/\/oysiao.jlmirall.es\/index.php?rest_route=%2Fwp%2Fv2%2Fcomments&post=2435"}],"version-history":[{"count":3,"href":"https:\/\/oysiao.jlmirall.es\/index.php?rest_route=\/wp\/v2\/posts\/2435\/revisions"}],"predecessor-version":[{"id":2540,"href":"https:\/\/oysiao.jlmirall.es\/index.php?rest_route=\/wp\/v2\/posts\/2435\/revisions\/2540"}],"wp:attachment":[{"href":"https:\/\/oysiao.jlmirall.es\/index.php?rest_route=%2Fwp%2Fv2%2Fmedia&parent=2435"}],"wp:term":[{"taxonomy":"category","embeddable":true,"href":"https:\/\/oysiao.jlmirall.es\/index.php?rest_route=%2Fwp%2Fv2%2Fcategories&post=2435"},{"taxonomy":"post_tag","embeddable":true,"href":"https:\/\/oysiao.jlmirall.es\/index.php?rest_route=%2Fwp%2Fv2%2Ftags&post=2435"}],"curies":[{"name":"wp","href":"https:\/\/api.w.org\/{rel}","templated":true}]}}