{"id":247,"date":"2008-12-11T00:30:30","date_gmt":"2008-12-10T22:30:30","guid":{"rendered":"http:\/\/oysiao.wordpress.com\/?p=247"},"modified":"2015-03-10T12:23:21","modified_gmt":"2015-03-10T10:23:21","slug":"apagon-extraordinario-composicion","status":"publish","type":"post","link":"https:\/\/oysiao.jlmirall.es\/?p=247","title":{"rendered":"Apag\u00f3n Extraordinario Composici\u00f3n"},"content":{"rendered":"<p>Leo en <a href=\"http:\/\/www.adn.es\/local\/castellon\/20081210\/NWS-0184-Castellon-usuarios-averia-deja-luz.html\">ADN|Castell\u00f3n<\/a><\/p>\n<blockquote>\n<h2>Una aver\u00eda deja sin luz a m\u00e1s de mil usuarios en Castell\u00f3n<\/h2>\n<p>Una aver\u00eda en una l\u00ednea el\u00e9ctrica subterr\u00e1nea dej\u00f3 sin luz ayer durante m\u00e1s de cuarenta minutos a alrededor de mil clientes residentes en la plaza Fadrell de Castell\u00f3n y calles colindantes, seg\u00fan explicaron desde la compa\u00f1\u00eda Iberdrola.<\/p>\n<p><strong>El apag\u00f3n tuvo lugar hacia las 18.15 y a las 19.00 ya se hab\u00eda logrado restablecer el 60% del suministro<\/strong>. Una hora despu\u00e9s todos los hogares afectados volv\u00edan a recuperar la luz. El motivo de la aver\u00eda se desconoc\u00eda al cierre de esta edici\u00f3n.<\/p>\n<p>Desde Iberdrola explicaron tambi\u00e9n que los cortes del suministro afectaron a zonas m\u00e1s alejadas de la plaza Fadrell, como la avenida Hermanos Bou, \u00abdebido a las maniobras de realimentaci\u00f3n; aunque en estos casos se trat\u00f3 de microcortes de duraci\u00f3n muy puntual\u00bb.<\/p><\/blockquote>\n<p>&nbsp;<\/p>\n<p>Yo me encontraba realizando el <a href=\"http:\/\/oysiao.wordpress.com\/2008\/12\/08\/premio-extraordinario-composicion\/\">Premio Extraordinario de Composici\u00f3n<\/a> en el <a href=\"http:\/\/www.conservatorisuperiorcastello.com\/\">Conservatorio de Castell\u00f3n<\/a>. Primero us\u00e9, como pude, la luz de emergencia del aula. Cuando esta tambi\u00e9n se fu\u00e9 tuve que abrir la puerta del aula, llevar el piano hasta la puerta e ingeni\u00e1rmelas para poder nutrirme de la escasa luz de emergencia del pasillo. Hasta que esta tambi\u00e9n desapareci\u00f3 qued\u00e1ndome en una total penunbra. La poca luz que se puede apreciar en la imagen es la provocada por el flash de la c\u00e1mara y si os fij\u00e1is podreis hasta ver el piano y todo!<\/p>\n<p>La luz no volvi\u00f3 <strong>realmente<\/strong> hasta las 20h pasadas.<\/p>\n","protected":false},"excerpt":{"rendered":"<p>Leo en ADN|Castell\u00f3n Una aver\u00eda deja sin luz a m\u00e1s de mil usuarios en Castell\u00f3n Una aver\u00eda en una l\u00ednea el\u00e9ctrica subterr\u00e1nea dej\u00f3 sin luz ayer durante m\u00e1s de cuarenta minutos a alrededor de mil clientes residentes en la plaza Fadrell de Castell\u00f3n y calles colindantes, seg\u00fan explicaron desde la&hellip; <\/p>\n","protected":false},"author":2,"featured_media":0,"comment_status":"open","ping_status":"open","sticky":false,"template":"","format":"standard","meta":{"jetpack_post_was_ever_published":false,"_jetpack_newsletter_access":"","_jetpack_dont_email_post_to_subs":false,"_jetpack_newsletter_tier_id":0,"_jetpack_memberships_contains_paywalled_content":false,"_jetpack_memberships_contains_paid_content":false,"footnotes":"","jetpack_publicize_message":"","jetpack_publicize_feature_enabled":true,"jetpack_social_post_already_shared":false,"jetpack_social_options":{"image_generator_settings":{"template":"highway","default_image_id":0,"font":"","enabled":false},"version":2}},"categories":[155,1],"tags":[66,55],"class_list":["post-247","post","type-post","status-publish","format-standard","hentry","category-ntw","category-general","tag-composicion","tag-personal"],"jetpack_publicize_connections":[],"jetpack_featured_media_url":"","jetpack_shortlink":"https:\/\/wp.me\/p74VZt-3Z","jetpack_sharing_enabled":true,"_links":{"self":[{"href":"https:\/\/oysiao.jlmirall.es\/index.php?rest_route=\/wp\/v2\/posts\/247","targetHints":{"allow":["GET"]}}],"collection":[{"href":"https:\/\/oysiao.jlmirall.es\/index.php?rest_route=\/wp\/v2\/posts"}],"about":[{"href":"https:\/\/oysiao.jlmirall.es\/index.php?rest_route=\/wp\/v2\/types\/post"}],"author":[{"embeddable":true,"href":"https:\/\/oysiao.jlmirall.es\/index.php?rest_route=\/wp\/v2\/users\/2"}],"replies":[{"embeddable":true,"href":"https:\/\/oysiao.jlmirall.es\/index.php?rest_route=%2Fwp%2Fv2%2Fcomments&post=247"}],"version-history":[{"count":5,"href":"https:\/\/oysiao.jlmirall.es\/index.php?rest_route=\/wp\/v2\/posts\/247\/revisions"}],"predecessor-version":[{"id":3619,"href":"https:\/\/oysiao.jlmirall.es\/index.php?rest_route=\/wp\/v2\/posts\/247\/revisions\/3619"}],"wp:attachment":[{"href":"https:\/\/oysiao.jlmirall.es\/index.php?rest_route=%2Fwp%2Fv2%2Fmedia&parent=247"}],"wp:term":[{"taxonomy":"category","embeddable":true,"href":"https:\/\/oysiao.jlmirall.es\/index.php?rest_route=%2Fwp%2Fv2%2Fcategories&post=247"},{"taxonomy":"post_tag","embeddable":true,"href":"https:\/\/oysiao.jlmirall.es\/index.php?rest_route=%2Fwp%2Fv2%2Ftags&post=247"}],"curies":[{"name":"wp","href":"https:\/\/api.w.org\/{rel}","templated":true}]}}