{"id":2541,"date":"2012-02-11T01:48:33","date_gmt":"2012-02-10T23:48:33","guid":{"rendered":"http:\/\/jlmirall.es\/oysiao\/?p=2541"},"modified":"2015-03-10T12:11:09","modified_gmt":"2015-03-10T10:11:09","slug":"se-anuncia-un-cambio-en-el-modelo-de-gestion-economica-de-los-centros-docentes-de-la-comunidad-valenciana","status":"publish","type":"post","link":"https:\/\/oysiao.jlmirall.es\/?p=2541","title":{"rendered":"Se anuncia un cambio en el modelo de gesti\u00f3n econ\u00f3mica de los Centros Docentes de la Comunidad Valenciana"},"content":{"rendered":"<p><a href=\"http:\/\/oysiao.jlmirall.es\/wp-content\/uploads\/2012\/02\/1328902657_531025_1328902819_noticia_normal.jpg\"><img loading=\"lazy\" decoding=\"async\" class=\"size-thumbnail wp-image-2542 alignright\" title=\"1328902657_531025_1328902819_noticia_normal\" src=\"http:\/\/oysiao.jlmirall.es\/wp-content\/uploads\/2012\/02\/1328902657_531025_1328902819_noticia_normal-150x150.jpg\" alt=\"\" width=\"150\" height=\"150\" \/><\/a>Han aparecido nuevos titulares en las versiones digitales de la prensa auton\u00f3mica y nacional. Jos\u00e9 Ciscar anuncia un nuevo cambio en el marco de gesti\u00f3n econ\u00f3mica para los centros docentes de la Comunidad Valenciana.<\/p>\n<p>Las principales medidas son:<\/p>\n<ul>\n<li>La vinculaci\u00f3n de los gastos de funcionamiento de centros educativos p\u00fablicos al \u00e9xito de los alumnos.<\/li>\n<li>La creaci\u00f3n de una central de compras de la Generalitat para gestionar los gastos de funcionamiento.<\/li>\n<li>Con la central de compras, los centros dejar\u00e1n de percibir la asignaci\u00f3n para gastos corrientes. La Generalitat pagar\u00e1 desde una \u00fanica cuenta los gastos de luz y limpieza.<\/li>\n<li>Se abre la puerta a los ingresos econ\u00f3micos de los centros con conceptos como\u00a0el alquiler de las dependencias (canchas, salones, etc.) para el desarrollo de actividades, o por la cesi\u00f3n de sus infraestructuras para instalaciones de producci\u00f3n de energ\u00eda solar.<\/li>\n<li>Nuevos criterios de asignaci\u00f3n econ\u00f3mica para gastos de funcionamiento, teniendo en cuenta:<\/li>\n<ul>\n<li>la determinaci\u00f3n de una asignaci\u00f3n m\u00e1xima a cada centro<\/li>\n<li>el presupuesto de gastos y los saldos existentes en la cuenta de resultados<\/li>\n<li>la posibilidad de incremento de ingresos por parte de los centros<\/li>\n<li>la implicaci\u00f3n en programas contra el fracaso escolar, triling\u00fc\u00edsmo<\/li>\n<\/ul>\n<li>La puesta en marcha del m\u00f3dulo econ\u00f3mico ITACA, que permitir\u00e1 saber las necesidades econ\u00f3micas de cada centro en tiempo real.<\/li>\n<li>Cada centro tendr\u00e1 que hacerse cargo de las horas extras que supondr\u00e1 tener personal para poder abrirlo fuera del horario escolar, aunque ha destacado que los ingresos extra que reportar\u00e1 ser\u00e1n superiores a los gastos.<\/li>\n<li>Cada centro se ver\u00e1 beneficiado por ello, pero no al cien por cien, porque parte ir\u00e1 tambi\u00e9n a la Generalitat.<\/li>\n<\/ul>\n<h3>Entrada en vigor<\/h3>\n<p>\u00cdtaca es el nuevo sistema de gesti\u00f3n de centros que est\u00e1 en fase de implantaci\u00f3n en los centros docentes, <a href=\"http:\/\/oysiao.jlmirall.es\/?p=621\">del cual ya se habl\u00f3 en este blog hace a\u00f1os.<\/a><\/p>\n<p>El modelo entrar\u00e1 en vigor el pr\u00f3ximo curso y no afectar\u00e1 a los concertados.<\/p>\n<p>Estas medidas se enmarcan en el decreto que regula la central de compras de la Generalitat y el pr\u00f3ximo decreto de gesti\u00f3n econ\u00f3mica de los centros educativos p\u00fablicos que sustituye a la Orden de 1995 y comenzar\u00e1 a tramitarse en las correspondientes mesas de negociaci\u00f3n a partir de este mes de febrero.<\/p>\n<h3>Algunas reflexiones respecto a las declaraciones<\/h3>\n<blockquote><p><em>\u00abLos centros que m\u00e1s se impliquen tendr\u00e1n m\u00e1s dinero para sus gastos para actividades y lo que necesiten disponer.\u00bb<\/em><\/p><\/blockquote>\n<p>Cu\u00e1l ser\u00e1 el significado de la palabra implicar, y si tienes una dotaci\u00f3n peque\u00f1a, respecto a otra, \u00bfpodr\u00e1s implicarte de la misma forma que otros centros que tengan mayor dotaci\u00f3n?<\/p>\n<p><strong>Se levanta la veda para la competici\u00f3n entre los centros docentes<\/strong>, y todo el que no acate, no tendr\u00e1 \u00abni un duro\u00bb.<\/p>\n<blockquote><p><em>\u00abSe espera lograr un ahorro anual de ocho millones.\u00bb<\/em><\/p><\/blockquote>\n<p>Y si actualmente ya falta dinero para los centros docentes, \u00bfde d\u00f3nde se quitar\u00e1n esos 8 millones que se ahorrarr\u00e1n?<\/p>\n<blockquote><p><em>\u00abEsta medida se pone en marca partiendo de la base que los ingresos ser\u00e1n mayores que los gastos.\u00bb<\/em><\/p><\/blockquote>\n<p>Los centros educativos no son negocios que tienen que buscar un beneficio econ\u00f3mico en si mismos. Los centros docentes producen beneficios a la sociedad en su conjunto con la formaci\u00f3n de los futuros ciudadanos.<\/p>\n<p>\u00bfY a los colegios concertados porque no se les fiscaliza de la misma forma?<\/p>\n<blockquote><p><em>\u00abLos centros no se ver\u00e1n perjudicados en los gastos de funcionamiento, ya que tendr\u00e1n unos ingresos extra y se les aliviar\u00e1 de la carga administrativa para la contrataci\u00f3n de ciertos servicios y suministros que asumir\u00e1 la Generalitat.\u00bb<\/em><\/p><\/blockquote>\n<p>Como se dice, <strong>el diablo siempre est\u00e1 en la letra peque\u00f1a.<\/strong><\/p>\n<h3><strong><\/strong>Nota de prensa<br \/>\n<a style=\"margin: 12px auto 6px auto; font-family: Helvetica,Arial,Sans-serif; font-style: normal; font-variant: normal; font-weight: normal; font-size: 14px; line-height: normal; font-size-adjust: none; font-stretch: normal; -x-system-font: none; display: block; text-decoration: underline;\" title=\"View 04 PLENO Gestion Centros Docentes MODIFICADA on Scribd\" href=\"http:\/\/es.scribd.com\/doc\/81236862\/04-PLENO-Gestion-Centros-Docentes-MODIFICADA\">04 PLENO Gestion Centros Docentes MODIFICADA<\/a><iframe loading=\"lazy\" id=\"doc_43551\" src=\"http:\/\/www.scribd.com\/embeds\/81236862\/content?start_page=1&amp;view_mode=list&amp;access_key=key-x7agwi697dm6atj85qz\" frameborder=\"0\" scrolling=\"no\" width=\"100%\" height=\"600\" data-auto-height=\"true\" data-aspect-ratio=\"0.707514450867052\"><\/iframe><script type=\"text\/javascript\">\/\/ <![CDATA[\n(function() { var scribd = document.createElement(\"script\"); scribd.type = \"text\/javascript\"; scribd.async = true; scribd.src = \"http:\/\/www.scribd.com\/javascripts\/embed_code\/inject.js\"; var s = document.getElementsByTagName(\"script\")[0]; s.parentNode.insertBefore(scribd, s); })();\n\/\/ ]]><\/script><\/h3>\n<h3>Primeros recortes de prensa<\/h3>\n<ul>\n<li><a href=\"http:\/\/www.lavanguardia.com\/local\/valencia\/20120210\/54252439530\/el-consell-vinculara-parte-de-los-gastos-de-funcionamiento-de-centros-educativos-publicos-al-exito.html\">La Vanguardia<\/a><\/li>\n<li><a href=\"http:\/\/www.abc.es\/agencias\/noticia.asp?noticia=1101423\">ABC<\/a><\/li>\n<li><a href=\"http:\/\/www.levante-emv.com\/comunitat-valenciana\/2012\/02\/10\/colegios-publicos-alquilaran-autofinanciarse\/880313.html\">levante-emv<\/a><\/li>\n<li><a href=\"http:\/\/www.lasprovincias.es\/20120210\/mas-actualidad\/politica\/centros-educativos-alquiler-recortes-201202101344.html\">lasprovincias<\/a><\/li>\n<li><a href=\"http:\/\/www.elmundo.es\/elmundo\/2012\/02\/10\/valencia\/1328884648.html\">El Mundo<\/a><\/li>\n<li><a href=\"http:\/\/ccaa.elpais.com\/ccaa\/2012\/02\/10\/valencia\/1328902657_531025.html\">El Pa\u00eds<\/a><\/li>\n<\/ul>\n","protected":false},"excerpt":{"rendered":"<p>Han aparecido nuevos titulares en las versiones digitales de la prensa auton\u00f3mica y nacional. Jos\u00e9 Ciscar anuncia un nuevo cambio en el marco de gesti\u00f3n econ\u00f3mica para los centros docentes de la Comunidad Valenciana. Las principales medidas son: La vinculaci\u00f3n de los gastos de funcionamiento de centros educativos p\u00fablicos al&hellip; <\/p>\n","protected":false},"author":2,"featured_media":0,"comment_status":"open","ping_status":"open","sticky":false,"template":"","format":"standard","meta":{"jetpack_post_was_ever_published":false,"_jetpack_newsletter_access":"","_jetpack_dont_email_post_to_subs":false,"_jetpack_newsletter_tier_id":0,"_jetpack_memberships_contains_paywalled_content":false,"_jetpack_memberships_contains_paid_content":false,"footnotes":"","jetpack_publicize_message":"","jetpack_publicize_feature_enabled":true,"jetpack_social_post_already_shared":false,"jetpack_social_options":{"image_generator_settings":{"template":"highway","default_image_id":0,"font":"","enabled":false},"version":2}},"categories":[139,155,43],"tags":[71,79,74,124],"class_list":["post-2541","post","type-post","status-publish","format-standard","hentry","category-actualidad-de-la-educacion-musical","category-ntw","category-reflexion-sobre-leyes-y-borradores","tag-actualidad","tag-centros","tag-educacion","tag-politica"],"jetpack_publicize_connections":[],"jetpack_featured_media_url":"","jetpack_shortlink":"https:\/\/wp.me\/p74VZt-EZ","jetpack_sharing_enabled":true,"_links":{"self":[{"href":"https:\/\/oysiao.jlmirall.es\/index.php?rest_route=\/wp\/v2\/posts\/2541","targetHints":{"allow":["GET"]}}],"collection":[{"href":"https:\/\/oysiao.jlmirall.es\/index.php?rest_route=\/wp\/v2\/posts"}],"about":[{"href":"https:\/\/oysiao.jlmirall.es\/index.php?rest_route=\/wp\/v2\/types\/post"}],"author":[{"embeddable":true,"href":"https:\/\/oysiao.jlmirall.es\/index.php?rest_route=\/wp\/v2\/users\/2"}],"replies":[{"embeddable":true,"href":"https:\/\/oysiao.jlmirall.es\/index.php?rest_route=%2Fwp%2Fv2%2Fcomments&post=2541"}],"version-history":[{"count":9,"href":"https:\/\/oysiao.jlmirall.es\/index.php?rest_route=\/wp\/v2\/posts\/2541\/revisions"}],"predecessor-version":[{"id":4346,"href":"https:\/\/oysiao.jlmirall.es\/index.php?rest_route=\/wp\/v2\/posts\/2541\/revisions\/4346"}],"wp:attachment":[{"href":"https:\/\/oysiao.jlmirall.es\/index.php?rest_route=%2Fwp%2Fv2%2Fmedia&parent=2541"}],"wp:term":[{"taxonomy":"category","embeddable":true,"href":"https:\/\/oysiao.jlmirall.es\/index.php?rest_route=%2Fwp%2Fv2%2Fcategories&post=2541"},{"taxonomy":"post_tag","embeddable":true,"href":"https:\/\/oysiao.jlmirall.es\/index.php?rest_route=%2Fwp%2Fv2%2Ftags&post=2541"}],"curies":[{"name":"wp","href":"https:\/\/api.w.org\/{rel}","templated":true}]}}