{"id":2551,"date":"2012-02-11T11:00:53","date_gmt":"2012-02-11T09:00:53","guid":{"rendered":"http:\/\/jlmirall.es\/oysiao\/?p=2551"},"modified":"2015-03-10T12:11:05","modified_gmt":"2015-03-10T10:11:05","slug":"nota-de-prensa-de-la-confederacion-intersindical-sobre-la-sentencia-del-tribunal-superior-acerca-del-rd-16142009","status":"publish","type":"post","link":"https:\/\/oysiao.jlmirall.es\/?p=2551","title":{"rendered":"Nota de prensa de la Confederaci\u00f3n Intersindical sobre la sentencia del Tribunal Superior acerca del RD 1614\/2009"},"content":{"rendered":"<p>La Confederaci\u00f3n Intersindical era uno de los codemandados por la Universidad de Granada.<\/p>\n<p>ver el <a title=\"El Tribunal Supremo anula en parte el RD 1614\/2009 de las Ense\u00f1anzas Art\u00edsticas Superiores\" href=\"http:\/\/oysiao.jlmirall.es\/?p=2439\">an\u00e1lisis jur\u00eddico de la sentencia<\/a><\/p>\n<p><strong>EL TRIBUNAL SUPREMO OBLIGA A MODIFICAR LA DENOMINACI\u00d3N DE LOS T\u00cdTULOS DE GRADO DE LAS ENSE\u00d1ANZAS ART\u00cdSTICAS SUPERIORES<br \/>\n<\/strong><br \/>\nLa sentencia, que estima en modo parcial el recurso presentado por la Universidad de Granada, reconoce la validez de las ense\u00f1anzas de primer ciclo y los master, haciendo referencia de modo exclusivo a la \u201cdenominaci\u00f3n\u201d de\u00a0<em>Grado<\/em>, para el t\u00edtulo, o\u00a0<em>Graduado<\/em>, para el titulado.<\/p>\n<p>La Confederaci\u00f3n de STEs-Intersindical (CI), \u00fanico sindicato personado en la causa como codemandado, considera que el rev\u00e9s judicial s\u00f3lo supone un peque\u00f1o freno que debe llevar a reforzar la reivindicaci\u00f3n hist\u00f3rica sobre la necesidad de crear un espacio aut\u00f3nomo propio paras las Ense\u00f1anzas Art\u00edsticas Superiores (EEAASS), un espacio que supere los actuales l\u00edmites establecidos en la LOE.<\/p>\n<p>Pero no hay motivo para desesperar. La sentencia del TS se limita a invalidar los art\u00edculos 7.1, 8, 11 y 12, y la Disposici\u00f3n Adicional S\u00e9ptima del RD 1614\/2009, de 26 de octubre, que regula los t\u00edtulos superiores de Ense\u00f1anzas Art\u00edsticas. En este RD adem\u00e1s de organizarse los estudios superiores (Danza, Teatro, Conservatorio y Ense\u00f1anzas Pl\u00e1sticas y Dise\u00f1o, en sus distintas especialidades), establece las denominaciones de Grado, Master Art\u00edstico y define, en su Disposici\u00f3n Adicional S\u00e9ptima, la potestad de las Administraciones Educativas para limitar la oferta de t\u00edtulos de las Universidades para emitir t\u00edtulos que pudieran inducir a confusi\u00f3n.<\/p>\n<p>Esta sentencia en ning\u00fan caso afecta al curr\u00edculo, ni invalida las ense\u00f1anzas, ni el car\u00e1cter superior de las mismas, ni las saca del Espacio Europeo de Educaci\u00f3n Superior. Por el contrario, considera que el t\u00edtulo Superior de EEAA es correspondiente con el primer ciclo de los Estudios Superiores, de modo equivalente al Grado Universitario,\u00a0<em>\u201c\u2026y que conduce a los estudios de postgrado\u2026.y ello en sentido gramatical de igual valor y estimaci\u00f3n de ambos t\u00edtulos tanto en lo acad\u00e9mico como para el ejercicio profesional\u201d.\u00a0<\/em>As\u00ed pues, no afecta a la validez de las ense\u00f1anzas ni desde el punto de vista acad\u00e9mico ni desde el profesional.<\/p>\n<p>En esta situaci\u00f3n, desde la Confederaci\u00f3n de STES-Intersindical, queremos instar al nuevo Ministerio de Educaci\u00f3n, para que aborde de modo adecuado e inmediato una reforma legal que permita:<\/p>\n<p>&#8211; Dotar de garant\u00eda jur\u00eddica a la denominaci\u00f3n de los t\u00edtulos de Grado de las EEAASS, en correspondencia con la jurisprudencia que el mismo TS reconoce en su sentencia como v\u00e1lida para los t\u00edtulos de M\u00e1ster. No parece adecuado dejar en el aire la denominaci\u00f3n de unos t\u00edtulos que van a tener que emitirse en un par de a\u00f1os.<\/p>\n<p>&#8211; Dotar a las EEAASS, o en su caso a las Administraciones Educativas responsables, del marco jur\u00eddico preciso para que puedan gozar de un grado de autonom\u00eda acad\u00e9mica semejante al universitario, con objeto de lograr una plena y adecuada inserci\u00f3n en el EEES.<\/p>\n<p>&#8211; As\u00ed mismo, exigimos que el Ministerio de Educaci\u00f3n recupere el Consejo Superior de Ense\u00f1anzas Art\u00edsticas con un estatus jur\u00eddico semejante al Consejo de Universidades, consejo que ha liquidado incomprensiblemente y por Real Decreto de su organigrama.<\/p>\n<p>\u00d3scar Urralburu Arza<br \/>\nResponsable Confederal de Ense\u00f1anzas Art\u00edsticas<br \/>\nSECRETARIADO DE STEs-INTERSINDICAL<br \/>\nMadrid, 10 de febrero de 2012<\/p>\n","protected":false},"excerpt":{"rendered":"<p>La Confederaci\u00f3n Intersindical era uno de los codemandados por la Universidad de Granada. ver el an\u00e1lisis jur\u00eddico de la sentencia EL TRIBUNAL SUPREMO OBLIGA A MODIFICAR LA DENOMINACI\u00d3N DE LOS T\u00cdTULOS DE GRADO DE LAS ENSE\u00d1ANZAS ART\u00cdSTICAS SUPERIORES La sentencia, que estima en modo parcial el recurso presentado por la&hellip; <\/p>\n","protected":false},"author":2,"featured_media":0,"comment_status":"open","ping_status":"open","sticky":false,"template":"","format":"standard","meta":{"jetpack_post_was_ever_published":false,"_jetpack_newsletter_access":"","_jetpack_dont_email_post_to_subs":false,"_jetpack_newsletter_tier_id":0,"_jetpack_memberships_contains_paywalled_content":false,"_jetpack_memberships_contains_paid_content":false,"footnotes":"","jetpack_publicize_message":"","jetpack_publicize_feature_enabled":true,"jetpack_social_post_already_shared":false,"jetpack_social_options":{"image_generator_settings":{"template":"highway","default_image_id":0,"font":"","enabled":false},"version":2}},"categories":[139,32,155],"tags":[71,59,90,74,67,62,63,119,92,61],"class_list":["post-2551","post","type-post","status-publish","format-standard","hentry","category-actualidad-de-la-educacion-musical","category-bolonia-y-conservatorios","category-ntw","tag-actualidad","tag-conservatorio","tag-csea","tag-educacion","tag-eeaass","tag-eees","tag-legislacion","tag-master","tag-posgrado","tag-superior"],"jetpack_publicize_connections":[],"jetpack_featured_media_url":"","jetpack_shortlink":"https:\/\/wp.me\/p74VZt-F9","jetpack_sharing_enabled":true,"_links":{"self":[{"href":"https:\/\/oysiao.jlmirall.es\/index.php?rest_route=\/wp\/v2\/posts\/2551","targetHints":{"allow":["GET"]}}],"collection":[{"href":"https:\/\/oysiao.jlmirall.es\/index.php?rest_route=\/wp\/v2\/posts"}],"about":[{"href":"https:\/\/oysiao.jlmirall.es\/index.php?rest_route=\/wp\/v2\/types\/post"}],"author":[{"embeddable":true,"href":"https:\/\/oysiao.jlmirall.es\/index.php?rest_route=\/wp\/v2\/users\/2"}],"replies":[{"embeddable":true,"href":"https:\/\/oysiao.jlmirall.es\/index.php?rest_route=%2Fwp%2Fv2%2Fcomments&post=2551"}],"version-history":[{"count":2,"href":"https:\/\/oysiao.jlmirall.es\/index.php?rest_route=\/wp\/v2\/posts\/2551\/revisions"}],"predecessor-version":[{"id":4345,"href":"https:\/\/oysiao.jlmirall.es\/index.php?rest_route=\/wp\/v2\/posts\/2551\/revisions\/4345"}],"wp:attachment":[{"href":"https:\/\/oysiao.jlmirall.es\/index.php?rest_route=%2Fwp%2Fv2%2Fmedia&parent=2551"}],"wp:term":[{"taxonomy":"category","embeddable":true,"href":"https:\/\/oysiao.jlmirall.es\/index.php?rest_route=%2Fwp%2Fv2%2Fcategories&post=2551"},{"taxonomy":"post_tag","embeddable":true,"href":"https:\/\/oysiao.jlmirall.es\/index.php?rest_route=%2Fwp%2Fv2%2Ftags&post=2551"}],"curies":[{"name":"wp","href":"https:\/\/api.w.org\/{rel}","templated":true}]}}