{"id":2586,"date":"2012-02-12T22:13:43","date_gmt":"2012-02-12T20:13:43","guid":{"rendered":"http:\/\/jlmirall.es\/oysiao\/?p=2586"},"modified":"2015-03-10T12:10:37","modified_gmt":"2015-03-10T10:10:37","slug":"las-barbaridades-que-se-estan-diciendo-sobre-la-sentencia-del-tribunal-superior-sobre-los-titulos-de-grado","status":"publish","type":"post","link":"https:\/\/oysiao.jlmirall.es\/?p=2586","title":{"rendered":"Las barbaridades que se est\u00e1n diciendo sobre la sentencia del Tribunal Superior sobre los t\u00edtulos de Grado"},"content":{"rendered":"<p><strong>Campa\u00f1a de recogida de firmas por la Incorporaci\u00f3n de las EEAASS en la Universidad:\u00a0<a href=\"http:\/\/www.eeaassuniversidad.guidoblogs.org\/\">http:\/\/www.eeaassuniversidad.guidoblogs.org\/<\/a><\/strong><\/p>\n<p>Hace unos d\u00edas saltaron las alarmas, el Tribunal Superior de Justicia hab\u00eda anulado algunos de los art\u00edculos del RD 1614\/2009 que ordenaba las Ense\u00f1anzas Art\u00edsticas Superiores.<\/p>\n<p>En este blog se analiz\u00f3 la sentencia a las pocas horas de hacerse p\u00fablica:<a href=\"http:\/\/oysiao.jlmirall.es\/?p=2439\">\u00a0http:\/\/oysiao.jlmirall.es\/?p=2439<\/a><\/p>\n<p>Los primeros d\u00edas parece ser que la noticia solo circul\u00f3 por algunos de los profesores que m\u00e1s activos estamos en la red, y permaneci\u00f3 opaca al p\u00fablico general. Con las notas de prensa de los sindicatos de ayer, han despertado los medios de comunicaci\u00f3n (media semana m\u00e1s tarde) y el p\u00fablico general parece al fin enterarse de la noticia.<\/p>\n<p>Leyendo comentarios en Facebook y de los peri\u00f3dicos que permiten comentar veo afirmaciones que demuestran un total desconocimiento de lo que realmente est\u00e1 pasando y porque. Seguidamente indicar\u00e9 algunos de los errores que veo que m\u00e1s se repiten:<\/p>\n<ol>\n<li><strong>Es culpa de Wert<\/strong>: El ministro Jos\u00e9 Ignacio Wert no tiene nada que ver con esta decisi\u00f3n. Es m\u00e1s, el Abogado del Estado era el que defend\u00eda la validez del Real Decreto frente a la demanda de la Universidad de Granada.<\/li>\n<li><strong>El Tribunal Superior est\u00e1 caduco<\/strong>: Esto no es una decisi\u00f3n de un tribunal franquista. Todo el que lea la sentencia podr\u00e1 entender las causas que justifican esa decisi\u00f3n.<\/li>\n<li><strong>Esto es una decisi\u00f3n del PP:<\/strong>\u00a0No, es una decisi\u00f3n de un tribunal de Justicia. El ministerio de educaci\u00f3n no ha tenido nada que ver.<\/li>\n<li><strong>Esto es culpa de ZP: <\/strong>Tampoco tiene ZP la culpa de esto. Se\u00f1ores, un poco de l\u00f3gica al argumentar!<\/li>\n<li><strong>Es culpa de la universidad: <\/strong>La universidad lo \u00fanico que ha hecho ha sido defenderse de un ataque que le imped\u00eda impartir titulaciones de grado relacionadas con las ense\u00f1anzas art\u00edsticas.<\/li>\n<li><strong>Mi t\u00edtulo ya no vale nada:<\/strong>\u00a0Si tienes un t\u00edtulo, seguramente no ser\u00e1 Grado, porque ninguna promoci\u00f3n ha terminado aun en espa\u00f1a este plan de estudios. As\u00ed que tu t\u00edtulo (LOGSE, Plan 66) no queda invalidado.<\/li>\n<li><strong>Las ense\u00f1anzas de los Conservatorio son igual de v\u00e1lidas que las de la universidad: <\/strong>Mientras no estemos dentro de una facultad en la universidad y nuestros t\u00edtulos de Grado no est\u00e9n reconocidos por la ANECA (Agencia Nacional de la Evaluaci\u00f3n y la Calidad y Acreditaci\u00f3n que, valga la redundancia, acredita <strong>TODOS<\/strong> los t\u00edtulos universitarios) no tenemos el mismo estatus legal que las universidades.<\/li>\n<\/ol>\n<p>La culpa de esto es de:<\/p>\n<ul>\n<li>Los que, teniendo poder para ello, deciden que no entremos en la universidad, argumentando que m\u00e1s vale ser \u00abcabeza de rat\u00f3n que cola de le\u00f3n\u00bb.<\/li>\n<li>El Sr Rubalcaba que en su \u00e9poca de Ministro de Educaci\u00f3n dijo que menos en la universidad nos pon\u00eda donde quisi\u00e9ramos.<\/li>\n<li>El Sr Rajoy que en su \u00e9poca de Ministro de Educaci\u00f3n dijo que como no somos Universidad somos Escolares.<\/li>\n<\/ul>\n<p>Mientras no estemos en la universidad, no podemos usar la denominaci\u00f3n de Grado para nuestras ense\u00f1anzas. Ni nos acreditar\u00e1 la ANECA, ni se sabe muy bien si nuestros t\u00edtulos valdr\u00e1n en Europa. Ni tendremos M\u00e1sters oficiales, ni tendremos doctorados en nuestros centros.<\/p>\n<p>Se han perdido muchas oportunidades de incorporaci\u00f3n a la universidad, y las consecuencias son las que son. <strong>As\u00ed que dirijan las quejas no al tribunal que ha actuado con sentido com\u00fan, sino a los que nos niegan la incorporaci\u00f3n en la universidad<\/strong>. La mayor\u00eda est\u00e1n entre nosotros.<\/p>\n<p>Est\u00e1 claro que no ser\u00e1 un proceso f\u00e1cil, pero hay ejemplos en Europa de integraci\u00f3n dentro de la Universidad de las Ense\u00f1anzas Art\u00edsticas como facultades Art\u00edsticas (como hizo Bellas Artes en espa\u00f1a en su momento) sin dejar de perder las metodolog\u00edas de trabajo que son propias de nuestras ense\u00f1anzas.<\/p>\n<p>Edito para a\u00f1adir un comentario que he le\u00eddo, que explica de forma concisa (cosa que a mi me cuesta) lo que est\u00e1 pasando:<\/p>\n<blockquote><p>Para TODOS aquellos que NO se han le\u00eddo la sentencia, que NO tienen ni idea de lo que hablan y que NO saben lo que significaba su t\u00edtulo de conservatorio (ANTES de la sentencia y DESPU\u00c9S de la sentencia): &#8211; La LOE estableci\u00f3 que la titulaci\u00f3n de los conservatorios ser\u00eda la de T\u00cdTULO SUPERIOR en M\u00fasica, Danza, etc. &#8211; Esta titulaci\u00f3n estar\u00eda DENTRO del Espacio Europeo de Educaci\u00f3n Supeiror (EEES) junto con todas las ense\u00f1anzas superiores espa\u00f1olas (como las universitarias). &#8211; NO ser\u00eda una titulaci\u00f3n universitaria, pero ser\u00eda EQUIVALENTE a ellas. &#8211; El Real Decreto ahora impugnado SE INVENT\u00d3 que el nuevo t\u00edtulo se llamar\u00eda GRADO (contraviniendo la propia LOE de la que se supone emanaba). Pero eso NO implicaba \u00abSUBIR\u00bb de categor\u00eda a estos estudios, a saber, seguir\u00edan siendo estudios Bolonia, de ense\u00f1anza superior, equivalentes al t\u00edtulo de Grado universitario, PERO NO IGUALES AL GRADO UNIVERSITARIO. &#8211; Es decir, el RD se inventa que el t\u00edtulo de m\u00fasica se llama GRADO (como el GRADO universitario), pero reconoce que NO es lo mismo, sino equivalente (LOE dixit), lo cual es verdaderamente extra\u00f1o. &#8211; Por \u00faltimo: l\u00f3gicamente el TS ha dicho que eso es una tonter\u00eda, que no se puede llamar \u00abGRADO\u00bb si no es igual al GRADO UNIVERSITARIO. Y por eso lo declara NULO. &#8211; PERO EL TS NO HA DEGRADADO NADA: SEGUIMOS IMPARTIENDO UNA ENSE\u00d1ANZA SUPERIOR, DENTRO DE BOLONIA, QUE SE TENDR\u00c1 QUE LLAMARA DE OTRA MANERA Y QUE NO ES IGUAL AL GRADO UNIVERSITARIO, NI NUNCA LO FUE, AUNQUE EL RD DIJERA QUE SE LLAMABA GRADO. Ahora el gobierno tendr\u00e1 que cambiar EL NOMBRE. NADA M\u00c1S. Su estatus (alto o bajo, gordo o flaco) NO CAMBIA. A ver si ya nos enteramos de una vez. Fdo. Un profesor de conservatorio superior.<\/p><\/blockquote>\n","protected":false},"excerpt":{"rendered":"<p>Campa\u00f1a de recogida de firmas por la Incorporaci\u00f3n de las EEAASS en la Universidad:\u00a0http:\/\/www.eeaassuniversidad.guidoblogs.org\/ Hace unos d\u00edas saltaron las alarmas, el Tribunal Superior de Justicia hab\u00eda anulado algunos de los art\u00edculos del RD 1614\/2009 que ordenaba las Ense\u00f1anzas Art\u00edsticas Superiores. En este blog se analiz\u00f3 la sentencia a las pocas&hellip; <\/p>\n","protected":false},"author":2,"featured_media":0,"comment_status":"open","ping_status":"closed","sticky":false,"template":"","format":"standard","meta":{"jetpack_post_was_ever_published":false,"_jetpack_newsletter_access":"","_jetpack_dont_email_post_to_subs":false,"_jetpack_newsletter_tier_id":0,"_jetpack_memberships_contains_paywalled_content":false,"_jetpack_memberships_contains_paid_content":false,"footnotes":"","jetpack_publicize_message":"","jetpack_publicize_feature_enabled":true,"jetpack_social_post_already_shared":false,"jetpack_social_options":{"image_generator_settings":{"template":"highway","default_image_id":0,"font":"","enabled":false},"version":2}},"categories":[139,32,155],"tags":[71,59,90,67,62,63,119,124,92,84,82,61],"class_list":["post-2586","post","type-post","status-publish","format-standard","hentry","category-actualidad-de-la-educacion-musical","category-bolonia-y-conservatorios","category-ntw","tag-actualidad","tag-conservatorio","tag-csea","tag-eeaass","tag-eees","tag-legislacion","tag-master","tag-politica","tag-posgrado","tag-reivindicaciones","tag-sociedad","tag-superior"],"jetpack_publicize_connections":[],"jetpack_featured_media_url":"","jetpack_shortlink":"https:\/\/wp.me\/p74VZt-FI","jetpack_sharing_enabled":true,"_links":{"self":[{"href":"https:\/\/oysiao.jlmirall.es\/index.php?rest_route=\/wp\/v2\/posts\/2586","targetHints":{"allow":["GET"]}}],"collection":[{"href":"https:\/\/oysiao.jlmirall.es\/index.php?rest_route=\/wp\/v2\/posts"}],"about":[{"href":"https:\/\/oysiao.jlmirall.es\/index.php?rest_route=\/wp\/v2\/types\/post"}],"author":[{"embeddable":true,"href":"https:\/\/oysiao.jlmirall.es\/index.php?rest_route=\/wp\/v2\/users\/2"}],"replies":[{"embeddable":true,"href":"https:\/\/oysiao.jlmirall.es\/index.php?rest_route=%2Fwp%2Fv2%2Fcomments&post=2586"}],"version-history":[{"count":4,"href":"https:\/\/oysiao.jlmirall.es\/index.php?rest_route=\/wp\/v2\/posts\/2586\/revisions"}],"predecessor-version":[{"id":4342,"href":"https:\/\/oysiao.jlmirall.es\/index.php?rest_route=\/wp\/v2\/posts\/2586\/revisions\/4342"}],"wp:attachment":[{"href":"https:\/\/oysiao.jlmirall.es\/index.php?rest_route=%2Fwp%2Fv2%2Fmedia&parent=2586"}],"wp:term":[{"taxonomy":"category","embeddable":true,"href":"https:\/\/oysiao.jlmirall.es\/index.php?rest_route=%2Fwp%2Fv2%2Fcategories&post=2586"},{"taxonomy":"post_tag","embeddable":true,"href":"https:\/\/oysiao.jlmirall.es\/index.php?rest_route=%2Fwp%2Fv2%2Ftags&post=2586"}],"curies":[{"name":"wp","href":"https:\/\/api.w.org\/{rel}","templated":true}]}}