{"id":2592,"date":"2012-02-13T11:56:23","date_gmt":"2012-02-13T09:56:23","guid":{"rendered":"http:\/\/jlmirall.es\/oysiao\/?p=2592"},"modified":"2015-03-10T12:10:28","modified_gmt":"2015-03-10T10:10:28","slug":"unete-a-la-plataforma-de-funcionarios-docentes-que-va-a-recurrir-el-decreto-ley-de-recortes-en-educacion","status":"publish","type":"post","link":"https:\/\/oysiao.jlmirall.es\/?p=2592","title":{"rendered":"\u00danete a la Plataforma de Funcionarios Docentes que va a recurrir el Decreto-Ley de recortes en educaci\u00f3n"},"content":{"rendered":"<div><a href=\"http:\/\/oysiao.jlmirall.es\/wp-content\/uploads\/2012\/01\/retallades2.tiff\"><img loading=\"lazy\" decoding=\"async\" class=\"alignleft  wp-image-1694\" title=\"retallades2\" src=\"http:\/\/oysiao.jlmirall.es\/wp-content\/uploads\/2012\/01\/retallades2.tiff\" alt=\"\" width=\"145\" height=\"133\" \/><\/a>Remito el mensaje que me llega:<\/div>\n<div>Desde la Plataforma de Funcionarios Docentes de la CV, os enviamos el\u00a0documento donde se informa a todos los funcionarios docentes sobre los\u00a0pasos a seguir para recurrir el decreto que tan negativamente nos\u00a0afecta. Os pedimos que dediqu\u00e9is un poco de vuestro tiempo a leerlo,\u00a0porque es muy importante. Cuando lo le\u00e1is entender\u00e9is porqu\u00e9 es tan\u00a0necesario que recurramos el decreto todos juntos.<\/div>\n<div><strong>DIFUNDIDLO<\/strong> a todos vuestros contactos, sobretodo funcionarios\u00a0docentes, pero tambi\u00e9n a los que no lo sean, pues ellos pueden tener\u00a0contactos que s\u00ed lo sean. Somos m\u00e1s de 50.000 personas afectadas por\u00a0el decreto y tenemos que conseguir que llegue al mayor n\u00famero posible\u00a0de funcionarios docentes lo antes posible. Cada uno que haga lo que\u00a0pueda. Muchos compa\u00f1eros ya lo han imprimido y ma\u00f1ana har\u00e1n copias en\u00a0su centro para repartirlo a los dem\u00e1s, si todos hici\u00e9semos lo mismo,\u00a0se extender\u00eda muy r\u00e1pido.<\/div>\n<div><\/div>\n<div>\n<div>Pod\u00e9is permanecer informados de la situaci\u00f3n en tiempo real en la\u00a0p\u00e1gina de facebook: <a href=\"http:\/\/www.facebook.com\/pages\/Plataforma-de-Funcionarios-Docentes-de-la-CV\/374037669288521\">ENLACE<\/a><\/div>\n<\/div>\n<p><a style=\"margin: 12px auto 6px auto; font-family: Helvetica,Arial,Sans-serif; font-style: normal; font-variant: normal; font-weight: normal; font-size: 14px; line-height: normal; font-size-adjust: none; font-stretch: normal; -x-system-font: none; display: block; text-decoration: underline;\" title=\"View Como Recurrir El Decreto. ma Funcionarios Docentes Cv. on Scribd\" href=\"http:\/\/www.scribd.com\/doc\/81438663\/Como-Recurrir-El-Decreto-ma-Funcionarios-Docentes-Cv\">Como Recurrir El Decreto. ma Funcionarios Docentes Cv.<\/a><iframe loading=\"lazy\" id=\"doc_37324\" src=\"http:\/\/www.scribd.com\/embeds\/81438663\/content?start_page=1&amp;view_mode=list&amp;access_key=key-10xe5awcjsmzkwex5c5b\" frameborder=\"0\" scrolling=\"no\" width=\"100%\" height=\"600\" data-auto-height=\"true\" data-aspect-ratio=\"0.707514450867052\"><\/iframe><script type=\"text\/javascript\">\/\/ <![CDATA[\n(function() { var scribd = document.createElement(\"script\"); scribd.type = \"text\/javascript\"; scribd.async = true; scribd.src = \"http:\/\/www.scribd.com\/javascripts\/embed_code\/inject.js\"; var s = document.getElementsByTagName(\"script\")[0]; s.parentNode.insertBefore(scribd, s); })();\n\/\/ ]]><\/script><\/p>\n","protected":false},"excerpt":{"rendered":"<p>Remito el mensaje que me llega: Desde la Plataforma de Funcionarios Docentes de la CV, os enviamos el\u00a0documento donde se informa a todos los funcionarios docentes sobre los\u00a0pasos a seguir para recurrir el decreto que tan negativamente nos\u00a0afecta. Os pedimos que dediqu\u00e9is un poco de vuestro tiempo a leerlo,\u00a0porque es&hellip; <\/p>\n","protected":false},"author":2,"featured_media":0,"comment_status":"open","ping_status":"closed","sticky":false,"template":"","format":"standard","meta":{"jetpack_post_was_ever_published":false,"_jetpack_newsletter_access":"","_jetpack_dont_email_post_to_subs":false,"_jetpack_newsletter_tier_id":0,"_jetpack_memberships_contains_paywalled_content":false,"_jetpack_memberships_contains_paid_content":false,"footnotes":"","jetpack_publicize_message":"","jetpack_publicize_feature_enabled":true,"jetpack_social_post_already_shared":false,"jetpack_social_options":{"image_generator_settings":{"template":"highway","default_image_id":0,"font":"","enabled":false},"version":2}},"categories":[139,50,155],"tags":[71,84,89],"class_list":["post-2592","post","type-post","status-publish","format-standard","hentry","category-actualidad-de-la-educacion-musical","category-guidoblogs-y-redes-de-profesores","category-ntw","tag-actualidad","tag-reivindicaciones","tag-secundaria"],"jetpack_publicize_connections":[],"jetpack_featured_media_url":"","jetpack_shortlink":"https:\/\/wp.me\/p74VZt-FO","jetpack_sharing_enabled":true,"_links":{"self":[{"href":"https:\/\/oysiao.jlmirall.es\/index.php?rest_route=\/wp\/v2\/posts\/2592","targetHints":{"allow":["GET"]}}],"collection":[{"href":"https:\/\/oysiao.jlmirall.es\/index.php?rest_route=\/wp\/v2\/posts"}],"about":[{"href":"https:\/\/oysiao.jlmirall.es\/index.php?rest_route=\/wp\/v2\/types\/post"}],"author":[{"embeddable":true,"href":"https:\/\/oysiao.jlmirall.es\/index.php?rest_route=\/wp\/v2\/users\/2"}],"replies":[{"embeddable":true,"href":"https:\/\/oysiao.jlmirall.es\/index.php?rest_route=%2Fwp%2Fv2%2Fcomments&post=2592"}],"version-history":[{"count":2,"href":"https:\/\/oysiao.jlmirall.es\/index.php?rest_route=\/wp\/v2\/posts\/2592\/revisions"}],"predecessor-version":[{"id":4341,"href":"https:\/\/oysiao.jlmirall.es\/index.php?rest_route=\/wp\/v2\/posts\/2592\/revisions\/4341"}],"wp:attachment":[{"href":"https:\/\/oysiao.jlmirall.es\/index.php?rest_route=%2Fwp%2Fv2%2Fmedia&parent=2592"}],"wp:term":[{"taxonomy":"category","embeddable":true,"href":"https:\/\/oysiao.jlmirall.es\/index.php?rest_route=%2Fwp%2Fv2%2Fcategories&post=2592"},{"taxonomy":"post_tag","embeddable":true,"href":"https:\/\/oysiao.jlmirall.es\/index.php?rest_route=%2Fwp%2Fv2%2Ftags&post=2592"}],"curies":[{"name":"wp","href":"https:\/\/api.w.org\/{rel}","templated":true}]}}