{"id":2670,"date":"2012-02-26T23:51:00","date_gmt":"2012-02-26T21:51:00","guid":{"rendered":"http:\/\/jlmirall.es\/oysiao\/?p=2670"},"modified":"2015-03-10T12:08:50","modified_gmt":"2015-03-10T10:08:50","slug":"acesea-convoca-una-reunion-y-nace-el-blog-de-un-director-de-centro-superior","status":"publish","type":"post","link":"https:\/\/oysiao.jlmirall.es\/?p=2670","title":{"rendered":"ACESEA convoca una reuni\u00f3n y nace el blog de un Director de Centro Superior."},"content":{"rendered":"<p>Ha aparecido un nuevo blog al que merece la pena seguir la pista. Se trata de <a href=\"http:\/\/enmudecido.blogspot.com\/\">enmudecidos<\/a>, el blog de <a href=\"http:\/\/sociedad.elpais.com\/sociedad\/2012\/02\/17\/actualidad\/1329510451_638227.html\">Fernando Carrera Ram\u00edrez<\/a>, director de la\u00a0<a href=\"http:\/\/www.gradoconservacionbbcc.es\/Castellano\/castinicio.htm\">Escuela Superior de Conservaci\u00f3n y Restauraci\u00f3n de Bienes Culturales de Galicia<\/a>.<\/p>\n<p>Su primer post, de una contundencia singular, explica como recientes acontecimientos demuestran el acierto de la decisi\u00f3n del claustro (por votaci\u00f3n democr\u00e1tica) de solicitar la baja a la pertenencia de la asociaci\u00f3n ACESEA. Algunas de esas razones son:<\/p>\n<blockquote>\n<div>\n<ul>\n<li>Porque tenemos fundadas sospechas de que se trata de una asociaci\u00f3n an\u00f3mala, dada la falta de personalidad jur\u00eddica de los Centros (p\u00fablicos) de Ense\u00f1anzas Art\u00edsticas.<\/li>\n<li>Porque ha dise\u00f1ado e impulsado una estrategia que se ha demostrado equivocada y que ha abandonado a nuestro alumnado a una grave situaci\u00f3n de indefensi\u00f3n.<\/li>\n<li>Porque sentimos que se ha arrogado una representatividad exclusiva, sustrayendo a los centros, a sus directores, a profesores y a alumnos la capacidad de interlocuci\u00f3n con el Ministerio de Educaci\u00f3n.<\/li>\n<li>Porque hemos percibido escasa democracia interna, ausencia de un aut\u00e9ntico esp\u00edritu de consenso y limitadas oportunidades de discusi\u00f3n y pacto.<\/li>\n<li>Porque han fundamentado su argumentaci\u00f3n en simplificadores discursos basados en el miedo a una Universidad supuestamente voraz y destructora.<\/li>\n<li>Porque ha fomentado ese clima de enfrentamiento con la Universidad, interponiendo recurso de alzada contra el acuerdo por el que se aprobaron varias titulaciones universitarias de Grados \u201cart\u00edsticos\u201d que ya se estaban impartiendo.<\/li>\n<li>Porque apenas se han renovado los cargos directivos.<\/li>\n<li>Porque parece haber olvidado la defensa de los intereses de las Ense\u00f1anzas Art\u00edsticas y de las comunidades escolares, siendo sustituidos por intereses aparentemente personalistas.<\/li>\n<li>Porque ACESEA parece haber hecho o\u00eddos sordos a la comunicaci\u00f3n de baja formulada por la ECRBCG, manteni\u00e9ndonos en su p\u00e1gina web contra nuestro deseo.<\/li>\n<\/ul>\n<\/div>\n<\/blockquote>\n<div>\n<p>El 9 y 10 de Marzo hay Asamblea de ACESEA.<strong> \u00bfQu\u00e9 har\u00e1n el resto de centro? \u00bfSolicitar\u00e1n la baja atendiendo a las razones de Fernando Carrera? \u00bfAcudir\u00e1n a la asamblea? \u00bfExpresar\u00e1n su opini\u00f3n aunque sea disonante con las l\u00edneas generales de ACESEA hasta ahora? <\/strong>Desde luego, estaremos esperando todos a ver como se desenvuelve la reuni\u00f3n.<\/p>\n<p>Aqu\u00ed el comunicado p\u00fablico de ACESEA que convoca la Asamblea de 9 y 10<\/p>\n<h2>Comunicado de la Junta Directiva de ACESEA<\/h2>\n<p>Madrid, 23 de febrero de 2012<\/p>\n<p>COMUNICADO DE LA JUNTA DIRECTIVA DE ACESEA<\/p>\n<p>Asociaci\u00f3n de los centros superiores de ense\u00f1anzas art\u00edsticas<br \/>\nLa Junta Directiva de ACESEA, asociaci\u00f3n espa\u00f1ola de centros superiores de\u00a0ense\u00f1anzas art\u00edsticas, reunida en Madrid el 22 de febrero de 2012, ha valorado las\u00a0razones y efectos de la sentencia emitida por el Tribunal Supremo sobre nuestras\u00a0ense\u00f1anzas, y pone de manifiesto las siguientes consideraciones y acuerdos:<\/p>\n<ol>\n<li>Consideramos que la Sentencia del Tribunal Supremo constituye una alta\u00a0jurisprudencia que confirma y consolida nuestras ense\u00f1anzas como sujeto\u00a0de pleno de derecho del Espacio Europeo de Educaci\u00f3n Superior, tal como\u00a0establec\u00eda la LOE (art. 54-58).<\/li>\n<li>Consideramos que la Sentencia del Tribunal Supremo se\u00f1ala un d\u00e9ficit\u00a0legislativo cierto: la ausencia, en la LOE (2006), de las denominaciones de\u00a0los t\u00edtulos europeos, que no se introdujeron hasta 2007 mediante enmienda a la\u00a0LOU (2001). La LOE precisa tambi\u00e9n de esta enmienda.<\/li>\n<li>La denominaci\u00f3n de los t\u00edtulos del Espacio Europeo, sea cual sea en cada\u00a0pa\u00eds, es la misma tanto para las universidades como para los centros\u00a0superiores. De acuerdo con ello, no deber\u00eda admitirse ninguna denominaci\u00f3n\u00a0exclusiva de alguna de las partes, tampoco de las universidades. Se trata del\u00a0Espacio Europeo de \u201cEducaci\u00f3n Superior\u201d y no s\u00f3lo de \u201cEducaci\u00f3n\u00a0Universitaria\u201d, tal como especifica el art\u00edculo 3.5 de la LOE.<\/li>\n<li>Dada la grave situaci\u00f3n creada, solicitamos la inmediata convocatoria del\u00a0Consejo Superior de Ense\u00f1anzas Art\u00edsticas del Estado, en cuyo marco tuvo\u00a0lugar la reflexi\u00f3n y las elaboraciones de consenso que dieron lugar a la nueva\u00a0ordenaci\u00f3n de las ense\u00f1anzas art\u00edsticas superiores y cuya opini\u00f3n debe ser\u00a0fundamental para el gobierno.<\/li>\n<li>Convocamos una reuni\u00f3n urgente de la asamblea de ACESEA para los d\u00eda 9\u00a0y 10 marzo, con la finalidad de recabar las opiniones y posicionamientos de\u00a0todos los centros superiores de ense\u00f1anzas art\u00edsticas y de tomar las decisiones\u00a0colectivas que correspondan.<\/li>\n<li>Hacemos nuestro el malestar mostrado por los miles de alumnos que se\u00a0matricularon de unas ense\u00f1anzas oficiales de Grado y que hoy, despojados de\u00a0esta denominaci\u00f3n, se sienten estafados por el Estado.<\/li>\n<li>No compartimos el oportunismo que aprovecha cualquier obst\u00e1culo para\u00a0replantear las opciones b\u00e1sicas adoptadas colectivamente por los centros a lo\u00a0largo del proceso seguido. Por el contrario, nos reafirmamos en:<\/li>\n<ol>\n<li>El reconocimiento de las ense\u00f1anzas art\u00edsticas como\u00a0ense\u00f1anzas superiores, dentro del Espacio Europeo de Educaci\u00f3n\u00a0Superior.<\/li>\n<li>Y ello de manera que tenga lugar, no en los par\u00e1metros\u00a0universitarios vigentes, que resultan asfixiantes para nuestras ense\u00f1anzas,\u00a0sino en un ecosistema espec\u00edfico que garantice sus constantes vitales y\u00a0su pleno desarrollo.<\/li>\n<\/ol>\n<li>Es cierto que, como algunos han se\u00f1alado, las condiciones acad\u00e9micas,\u00a0organizativas y laborales de nuestros centros y de nuestro profesorado siguen\u00a0por debajo del nivel que les corresponde. En su momento, priorizamos la\u00a0homologaci\u00f3n de las ense\u00f1anzas por encima de estos aspectos, convencidos\u00a0de que \u00e9stos vendr\u00edan rodados en una segunda fase. En ello estamos, tanto a\u00a0nivel estatal como a nivel auton\u00f3mico. Y urgimos a las administraciones\u00a0competentes el impulso de esta segunda fase normalizadora.<\/li>\n<li>Apelamos al Ministerio de Educaci\u00f3n para que asuma su grave\u00a0responsabilidad ante una situaci\u00f3n que lesiona gravemente a las ense\u00f1anzas\u00a0art\u00edsticas superiores y no digamos a los alumnos afectados. Exigimos que, en\u00a0consecuencia, se promuevan de inmediato las soluciones legislativas y\u00a0reguladoras que han de restituir la denominaci\u00f3n de Grado a nuestras\u00a0ense\u00f1anzas, que son, seg\u00fan la ley, sujetos de pleno derecho del Espacio\u00a0Europeo de Educaci\u00f3n Superior y que como tales han de ser tratadas, tambi\u00e9n en\u00a0la denominaci\u00f3n de sus titulaciones.<\/li>\n<\/ol>\n<p>Plaza de los Ap\u00f3stoles, s\/n. 30001-Murcia : : Telf. 968 214 628 Fax. 968 217 636 : : E-mail.acesea@gmail.com<\/p>\n<h2>Anotaciones al comunicado<\/h2>\n<p>Desde mi humilde posici\u00f3n voy a permitirme hacer \u00abanotaciones\u00bb punto por puntos de este comunicado:<\/p>\n<ol>\n<li>No me parece justo amarrarse a la LOE para lo que conviene, y para lo que no conviene: no.<\/li>\n<li>No es un problema de denominaci\u00f3n de t\u00edtulos. Es un problema de cumplir las obligaciones que conllevan esas denominaciones. Para ampliar:\u00a0<a href=\"http:\/\/oysiao.jlmirall.es\/?p=2648\">http:\/\/oysiao.jlmirall.es\/?p=2648<\/a><\/li>\n<li>Si la legislaci\u00f3n educativa europea fuera la misma en todos los pa\u00edses de la uni\u00f3n este argumento ser\u00eda v\u00e1lido. Pero el caso espa\u00f1ol tiene unas peculiaridades que hacen que la divisi\u00f3n sea esa.<\/li>\n<li>Historial del Consejo Superior de Ense\u00f1anzas Art\u00edsticas:\u00a0<a href=\"http:\/\/oysiao.jlmirall.es\/?p=2651\">http:\/\/oysiao.jlmirall.es\/?p=2651<\/a><\/li>\n<li>Este punto entra en contradicci\u00f3n con lo expresado en el punto 7.<\/li>\n<li>El Estado estuvo asesorado por el Consejo Superior de Ense\u00f1anzas Art\u00edsticas. Las universidades (\u00a0<a href=\"http:\/\/oysiao.jlmirall.es\/?p=2629\">http:\/\/oysiao.jlmirall.es\/?p=2629<\/a>\u00a0) y otros grupos (\u00a0<a href=\"http:\/\/oysiao.jlmirall.es\/?p=2655\">http:\/\/oysiao.jlmirall.es\/?p=2655<\/a> ) avisaron del desastre.<\/li>\n<li>Este punto entra en contradicci\u00f3n con lo expresado en el \u00a0punto 5.<\/li>\n<li>No se puede homologar si no se cumplen las exigencias para la homologaci\u00f3n.<\/li>\n<li>Totalmente de acuerdo en lo que se lee fuera de l\u00edneas, totalmente en desacuerdo en lo que se lee entre l\u00edneas.<\/li>\n<\/ol>\n<\/div>\n","protected":false},"excerpt":{"rendered":"<p>Ha aparecido un nuevo blog al que merece la pena seguir la pista. Se trata de enmudecidos, el blog de Fernando Carrera Ram\u00edrez, director de la\u00a0Escuela Superior de Conservaci\u00f3n y Restauraci\u00f3n de Bienes Culturales de Galicia. Su primer post, de una contundencia singular, explica como recientes acontecimientos demuestran el acierto&hellip; <\/p>\n","protected":false},"author":2,"featured_media":0,"comment_status":"open","ping_status":"closed","sticky":false,"template":"","format":"standard","meta":{"jetpack_post_was_ever_published":false,"_jetpack_newsletter_access":"","_jetpack_dont_email_post_to_subs":false,"_jetpack_newsletter_tier_id":0,"_jetpack_memberships_contains_paywalled_content":false,"_jetpack_memberships_contains_paid_content":false,"footnotes":"","jetpack_publicize_message":"","jetpack_publicize_feature_enabled":true,"jetpack_social_post_already_shared":false,"jetpack_social_options":{"image_generator_settings":{"template":"highway","default_image_id":0,"font":"","enabled":false},"version":2}},"categories":[139,32,155,1],"tags":[133,59,74,67,62,112,88,63,87,64,84,61],"class_list":["post-2670","post","type-post","status-publish","format-standard","hentry","category-actualidad-de-la-educacion-musical","category-bolonia-y-conservatorios","category-ntw","category-general","tag-bolonia","tag-conservatorio","tag-educacion","tag-eeaass","tag-eees","tag-europa","tag-isea","tag-legislacion","tag-loe","tag-mec","tag-reivindicaciones","tag-superior"],"jetpack_publicize_connections":[],"jetpack_featured_media_url":"","jetpack_shortlink":"https:\/\/wp.me\/p74VZt-H4","jetpack_sharing_enabled":true,"_links":{"self":[{"href":"https:\/\/oysiao.jlmirall.es\/index.php?rest_route=\/wp\/v2\/posts\/2670","targetHints":{"allow":["GET"]}}],"collection":[{"href":"https:\/\/oysiao.jlmirall.es\/index.php?rest_route=\/wp\/v2\/posts"}],"about":[{"href":"https:\/\/oysiao.jlmirall.es\/index.php?rest_route=\/wp\/v2\/types\/post"}],"author":[{"embeddable":true,"href":"https:\/\/oysiao.jlmirall.es\/index.php?rest_route=\/wp\/v2\/users\/2"}],"replies":[{"embeddable":true,"href":"https:\/\/oysiao.jlmirall.es\/index.php?rest_route=%2Fwp%2Fv2%2Fcomments&post=2670"}],"version-history":[{"count":7,"href":"https:\/\/oysiao.jlmirall.es\/index.php?rest_route=\/wp\/v2\/posts\/2670\/revisions"}],"predecessor-version":[{"id":3706,"href":"https:\/\/oysiao.jlmirall.es\/index.php?rest_route=\/wp\/v2\/posts\/2670\/revisions\/3706"}],"wp:attachment":[{"href":"https:\/\/oysiao.jlmirall.es\/index.php?rest_route=%2Fwp%2Fv2%2Fmedia&parent=2670"}],"wp:term":[{"taxonomy":"category","embeddable":true,"href":"https:\/\/oysiao.jlmirall.es\/index.php?rest_route=%2Fwp%2Fv2%2Fcategories&post=2670"},{"taxonomy":"post_tag","embeddable":true,"href":"https:\/\/oysiao.jlmirall.es\/index.php?rest_route=%2Fwp%2Fv2%2Ftags&post=2670"}],"curies":[{"name":"wp","href":"https:\/\/api.w.org\/{rel}","templated":true}]}}