{"id":2690,"date":"2012-02-29T13:52:42","date_gmt":"2012-02-29T11:52:42","guid":{"rendered":"http:\/\/jlmirall.es\/oysiao\/?p=2690"},"modified":"2015-03-10T12:08:31","modified_gmt":"2015-03-10T10:08:31","slug":"haciendo-las-maletas-para-el-ceimus-ii","status":"publish","type":"post","link":"https:\/\/oysiao.jlmirall.es\/?p=2690","title":{"rendered":"Haciendo las maletas para el CEIMUS II"},"content":{"rendered":"<p>La educaci\u00f3n musical tiene una cita inexcusable el pr\u00f3ximo fin de semana en Madrid. Es la celebraci\u00f3n (en sentido amplio) de la segunda edici\u00f3n del <strong>C<\/strong>ongreso en <strong>E<\/strong>ducaci\u00f3n e <strong>I<\/strong>nvestigaci\u00f3n <strong>Mus<\/strong>ical (<strong>CEIMUS II<\/strong>).<\/p>\n<p>Aqu\u00ed pod\u00e9is consultar toda la informaci\u00f3n al respecto:<\/p>\n<p style=\"text-align: center;\"><a href=\"http:\/\/ceimus.es\/\">http:\/\/ceimus.es\/<\/a><\/p>\n<p>Yo voy como un simple asistente, pero recientes acontecimientos me hacen dudar si acudir a \u00e9l con una mano pintada de esta forma:<\/p>\n<p><a title=\"GuidoBlogs | Profesores de Conservatorio\" href=\"http:\/\/www.guidoblogs.org\"><img decoding=\"async\" class=\"aligncenter\" src=\"http:\/\/farm8.staticflickr.com\/7033\/6637331435_9fd7fb4833.jpg\" alt=\"guidobanneralto180\" \/><\/a><\/p>\n<p>O por el contrario, a ra\u00edz de las pasiones que est\u00e1n despertando mis \u00faltimas entradas en el blog, acudir con esta m\u00e1scara:<\/p>\n<p><a href=\"http:\/\/oysiao.jlmirall.es\/wp-content\/uploads\/2012\/02\/anonymous3.jpg\"><img loading=\"lazy\" decoding=\"async\" class=\"aligncenter size-medium wp-image-2691\" title=\"anonymous3\" src=\"http:\/\/oysiao.jlmirall.es\/wp-content\/uploads\/2012\/02\/anonymous3-300x238.jpg\" alt=\"\" width=\"300\" height=\"238\" srcset=\"https:\/\/oysiao.jlmirall.es\/wp-content\/uploads\/2012\/02\/anonymous3-300x238.jpg 300w, https:\/\/oysiao.jlmirall.es\/wp-content\/uploads\/2012\/02\/anonymous3.jpg 500w\" sizes=\"auto, (max-width: 300px) 100vw, 300px\" \/><\/a><\/p>\n<p>Sea lo que sea, estar\u00e9 encantado de conocer que se cuece en la educaci\u00f3n e investigaci\u00f3n musical espa\u00f1ola, participar en los debates que se generen, y hacer nuevos amigos, independientemente de sus opiniones. Si alguien me reconoce, le animo a que me salude. \ud83d\ude09<\/p>\n<p><strong>\u00a1Nos vemos en Madrid!<\/strong><\/p>\n<p>PD: enti\u00e9ndase con esta entrada que la moderaci\u00f3n de comentarios y publicaci\u00f3n de entradas en este blog puede quedar algo ralentizada o incluso paralizada durante mi estancia en Madrid, hasta el domingo por la noche. Disculpen las molestias.<\/p>\n","protected":false},"excerpt":{"rendered":"<p>La educaci\u00f3n musical tiene una cita inexcusable el pr\u00f3ximo fin de semana en Madrid. Es la celebraci\u00f3n (en sentido amplio) de la segunda edici\u00f3n del Congreso en Educaci\u00f3n e Investigaci\u00f3n Musical (CEIMUS II). Aqu\u00ed pod\u00e9is consultar toda la informaci\u00f3n al respecto: http:\/\/ceimus.es\/ Yo voy como un simple asistente, pero recientes&hellip; <\/p>\n","protected":false},"author":2,"featured_media":0,"comment_status":"open","ping_status":"closed","sticky":false,"template":"","format":"standard","meta":{"jetpack_post_was_ever_published":false,"_jetpack_newsletter_access":"","_jetpack_dont_email_post_to_subs":false,"_jetpack_newsletter_tier_id":0,"_jetpack_memberships_contains_paywalled_content":false,"_jetpack_memberships_contains_paid_content":false,"footnotes":"","jetpack_publicize_message":"","jetpack_publicize_feature_enabled":true,"jetpack_social_post_already_shared":false,"jetpack_social_options":{"image_generator_settings":{"template":"highway","default_image_id":0,"font":"","enabled":false},"version":2}},"categories":[149,155,1],"tags":[74,55],"class_list":["post-2690","post","type-post","status-publish","format-standard","hentry","category-eventos-importantes","category-ntw","category-general","tag-educacion","tag-personal"],"jetpack_publicize_connections":[],"jetpack_featured_media_url":"","jetpack_shortlink":"https:\/\/wp.me\/p74VZt-Ho","jetpack_sharing_enabled":true,"_links":{"self":[{"href":"https:\/\/oysiao.jlmirall.es\/index.php?rest_route=\/wp\/v2\/posts\/2690","targetHints":{"allow":["GET"]}}],"collection":[{"href":"https:\/\/oysiao.jlmirall.es\/index.php?rest_route=\/wp\/v2\/posts"}],"about":[{"href":"https:\/\/oysiao.jlmirall.es\/index.php?rest_route=\/wp\/v2\/types\/post"}],"author":[{"embeddable":true,"href":"https:\/\/oysiao.jlmirall.es\/index.php?rest_route=\/wp\/v2\/users\/2"}],"replies":[{"embeddable":true,"href":"https:\/\/oysiao.jlmirall.es\/index.php?rest_route=%2Fwp%2Fv2%2Fcomments&post=2690"}],"version-history":[{"count":10,"href":"https:\/\/oysiao.jlmirall.es\/index.php?rest_route=\/wp\/v2\/posts\/2690\/revisions"}],"predecessor-version":[{"id":3809,"href":"https:\/\/oysiao.jlmirall.es\/index.php?rest_route=\/wp\/v2\/posts\/2690\/revisions\/3809"}],"wp:attachment":[{"href":"https:\/\/oysiao.jlmirall.es\/index.php?rest_route=%2Fwp%2Fv2%2Fmedia&parent=2690"}],"wp:term":[{"taxonomy":"category","embeddable":true,"href":"https:\/\/oysiao.jlmirall.es\/index.php?rest_route=%2Fwp%2Fv2%2Fcategories&post=2690"},{"taxonomy":"post_tag","embeddable":true,"href":"https:\/\/oysiao.jlmirall.es\/index.php?rest_route=%2Fwp%2Fv2%2Ftags&post=2690"}],"curies":[{"name":"wp","href":"https:\/\/api.w.org\/{rel}","templated":true}]}}