{"id":2700,"date":"2012-03-07T00:41:40","date_gmt":"2012-03-06T22:41:40","guid":{"rendered":"http:\/\/jlmirall.es\/oysiao\/?p=2700"},"modified":"2015-03-10T12:08:21","modified_gmt":"2015-03-10T10:08:21","slug":"noticias-recientes-para-las-eeaass-y-la-universidad","status":"publish","type":"post","link":"https:\/\/oysiao.jlmirall.es\/?p=2700","title":{"rendered":"Noticias Recientes para las EEAASS y la Universidad"},"content":{"rendered":"<p>Se va acercando la fecha del s\u00e1bado 10 de Marzo de 2012. Fecha que ser\u00e1 recordada en la posteridad como el d\u00eda en que constituy\u00f3 en el Real Conservatorio de M\u00fasica de Madrid, \u00a0la Plataforma por la Integraci\u00f3n de las Ense\u00f1anzas Art\u00edsticas Superiores en la Universidad.<\/p>\n<p>No son insignificantes los hechos que han catalizado en d\u00edas recientes la convocatoria de dicho evento. De forma un tanto dispersa ir\u00e9 indicando algunos de ellos.<\/p>\n<p>La publicaci\u00f3n en el BOE de una de las sentencias:<\/p>\n<p><a style=\"margin: 12px auto 6px auto; font-family: Helvetica,Arial,Sans-serif; font-style: normal; font-variant: normal; font-weight: normal; font-size: 14px; line-height: normal; font-size-adjust: none; font-stretch: normal; -x-system-font: none; display: block; text-decoration: underline;\" title=\"View BOE-A-2012-3167 on Scribd\" href=\"http:\/\/es.scribd.com\/doc\/84192809\/BOE-A-2012-3167\">BOE-A-2012-3167<\/a><iframe loading=\"lazy\" id=\"doc_22125\" src=\"http:\/\/www.scribd.com\/embeds\/84192809\/content?start_page=1&amp;view_mode=list&amp;access_key=key-18x3jmym8tu3tl85nlbm\" frameborder=\"0\" scrolling=\"no\" width=\"100%\" height=\"600\" data-auto-height=\"true\" data-aspect-ratio=\"0.707514450867052\"><\/iframe><\/p>\n<p>El siguiente editorial de M\u00fasica y Educaci\u00f3n:<br \/>\n<a style=\"margin: 12px auto 6px auto; font-family: Helvetica,Arial,Sans-serif; font-style: normal; font-variant: normal; font-weight: normal; font-size: 14px; line-height: normal; font-size-adjust: none; font-stretch: normal; -x-system-font: none; display: block; text-decoration: underline;\" title=\"View Editorial de M\u00fasica y Educaci\u00f3n marzo 2012 on Scribd\" href=\"http:\/\/es.scribd.com\/doc\/84192839\/Editorial-de-Mu%CC%81sica-y-Educacio%CC%81n-marzo-2012\">Editorial de M\u00fasica y Educaci\u00f3n marzo 2012<\/a><iframe loading=\"lazy\" id=\"doc_99749\" src=\"http:\/\/www.scribd.com\/embeds\/84192839\/content?start_page=1&amp;view_mode=list&amp;access_key=key-q6z3qntnks3qcwxbcct\" frameborder=\"0\" scrolling=\"no\" width=\"100%\" height=\"600\" data-auto-height=\"true\" data-aspect-ratio=\"0.697833523375142\"><\/iframe><\/p>\n<p>La votaci\u00f3n por consejo escolar de la totalidad de centros gallegos, en pro de la integraci\u00f3n con la Universidad (solo faltaba el del Conservatorio de Coru\u00f1a):<br \/>\n<a style=\"margin: 12px auto 6px auto; font-family: Helvetica,Arial,Sans-serif; font-style: normal; font-variant: normal; font-weight: normal; font-size: 14px; line-height: normal; font-size-adjust: none; font-stretch: normal; -x-system-font: none; display: block; text-decoration: underline;\" title=\"View Manifiestocsmcoru\u00f1a on Scribd\" href=\"http:\/\/es.scribd.com\/doc\/84087084\/Manifiestocsmcorun%CC%83a\">Manifiestocsmcoru\u00f1a<\/a><iframe loading=\"lazy\" id=\"doc_43731\" src=\"http:\/\/www.scribd.com\/embeds\/84087084\/content?start_page=1&amp;view_mode=list&amp;access_key=key-2kkvomi69hwwlmblian8\" frameborder=\"0\" scrolling=\"no\" width=\"100%\" height=\"600\" data-auto-height=\"true\" data-aspect-ratio=\"0.706697459584296\"><\/iframe><br \/>\nUna comunicaci\u00f3n en un Congreso:<br \/>\n<a style=\"margin: 12px auto 6px auto; font-family: Helvetica,Arial,Sans-serif; font-style: normal; font-variant: normal; font-weight: normal; font-size: 14px; line-height: normal; font-size-adjust: none; font-stretch: normal; -x-system-font: none; display: block; text-decoration: underline;\" title=\"View M\u00fasica_y_EEES_VPlliego on Scribd\" href=\"http:\/\/es.scribd.com\/doc\/84192853\/Musica-y-EEES-VPlliego\">M\u00fasica_y_EEES_VPlliego<\/a><iframe loading=\"lazy\" id=\"doc_36121\" src=\"http:\/\/www.scribd.com\/embeds\/84192853\/content?start_page=1&amp;view_mode=list&amp;access_key=key-3c7bzx490xpteb5rylv\" frameborder=\"0\" scrolling=\"no\" width=\"100%\" height=\"600\" data-auto-height=\"true\" data-aspect-ratio=\"0.707514450867052\"><\/iframe><\/p>\n<p>Y sobretodo el principal detonante, la aprobaci\u00f3n por parte del claustro del manifiesto por la integraci\u00f3n en el espacio universitario por parte del Real Conservatorio Superior de M\u00fasica de Madrid:<\/p>\n<p><a style=\"margin: 12px auto 6px auto; font-family: Helvetica,Arial,Sans-serif; font-style: normal; font-variant: normal; font-weight: normal; font-size: 14px; line-height: normal; font-size-adjust: none; font-stretch: normal; -x-system-font: none; display: block; text-decoration: underline;\" title=\"View MANIFIESTO_rcsmm_claustro on Scribd\" href=\"http:\/\/es.scribd.com\/doc\/84193363\/MANIFIESTO-rcsmm-claustro\">MANIFIESTO_rcsmm_claustro<\/a><iframe loading=\"lazy\" id=\"doc_67239\" src=\"http:\/\/www.scribd.com\/embeds\/84193363\/content?start_page=1&amp;view_mode=list&amp;access_key=key-wav9gfvl34dz5vnj0q0\" frameborder=\"0\" scrolling=\"no\" width=\"100%\" height=\"600\" data-auto-height=\"true\" data-aspect-ratio=\"\"><\/iframe><\/p>\n<p style=\"text-align: justify;\">El d\u00eda 10 de Marzo, a las 11h, tienes una cita en el Real Conservatorio Superior de M\u00fasica de Madrid, si quieres formar parte de aquellos que construyeron el camino de las EEAASS hacia la Universidad.<strong> \u00a1Nos vemos en Madrid!<\/strong><\/p>\n<p style=\"text-align: justify;\">\n<p>&nbsp;<\/p>\n","protected":false},"excerpt":{"rendered":"<p>Se va acercando la fecha del s\u00e1bado 10 de Marzo de 2012. Fecha que ser\u00e1 recordada en la posteridad como el d\u00eda en que constituy\u00f3 en el Real Conservatorio de M\u00fasica de Madrid, \u00a0la Plataforma por la Integraci\u00f3n de las Ense\u00f1anzas Art\u00edsticas Superiores en la Universidad. No son insignificantes los&hellip; <\/p>\n","protected":false},"author":2,"featured_media":0,"comment_status":"open","ping_status":"closed","sticky":false,"template":"","format":"standard","meta":{"jetpack_post_was_ever_published":false,"_jetpack_newsletter_access":"","_jetpack_dont_email_post_to_subs":false,"_jetpack_newsletter_tier_id":0,"_jetpack_memberships_contains_paywalled_content":false,"_jetpack_memberships_contains_paid_content":false,"footnotes":"","jetpack_publicize_message":"","jetpack_publicize_feature_enabled":true,"jetpack_social_post_already_shared":false,"jetpack_social_options":{"image_generator_settings":{"template":"highway","default_image_id":0,"font":"","enabled":false},"version":2}},"categories":[155,1],"tags":[133,59,74,67,62,112,88,63,87,64,84,61],"class_list":["post-2700","post","type-post","status-publish","format-standard","hentry","category-ntw","category-general","tag-bolonia","tag-conservatorio","tag-educacion","tag-eeaass","tag-eees","tag-europa","tag-isea","tag-legislacion","tag-loe","tag-mec","tag-reivindicaciones","tag-superior"],"jetpack_publicize_connections":[],"jetpack_featured_media_url":"","jetpack_shortlink":"https:\/\/wp.me\/p74VZt-Hy","jetpack_sharing_enabled":true,"_links":{"self":[{"href":"https:\/\/oysiao.jlmirall.es\/index.php?rest_route=\/wp\/v2\/posts\/2700","targetHints":{"allow":["GET"]}}],"collection":[{"href":"https:\/\/oysiao.jlmirall.es\/index.php?rest_route=\/wp\/v2\/posts"}],"about":[{"href":"https:\/\/oysiao.jlmirall.es\/index.php?rest_route=\/wp\/v2\/types\/post"}],"author":[{"embeddable":true,"href":"https:\/\/oysiao.jlmirall.es\/index.php?rest_route=\/wp\/v2\/users\/2"}],"replies":[{"embeddable":true,"href":"https:\/\/oysiao.jlmirall.es\/index.php?rest_route=%2Fwp%2Fv2%2Fcomments&post=2700"}],"version-history":[{"count":6,"href":"https:\/\/oysiao.jlmirall.es\/index.php?rest_route=\/wp\/v2\/posts\/2700\/revisions"}],"predecessor-version":[{"id":3701,"href":"https:\/\/oysiao.jlmirall.es\/index.php?rest_route=\/wp\/v2\/posts\/2700\/revisions\/3701"}],"wp:attachment":[{"href":"https:\/\/oysiao.jlmirall.es\/index.php?rest_route=%2Fwp%2Fv2%2Fmedia&parent=2700"}],"wp:term":[{"taxonomy":"category","embeddable":true,"href":"https:\/\/oysiao.jlmirall.es\/index.php?rest_route=%2Fwp%2Fv2%2Fcategories&post=2700"},{"taxonomy":"post_tag","embeddable":true,"href":"https:\/\/oysiao.jlmirall.es\/index.php?rest_route=%2Fwp%2Fv2%2Ftags&post=2700"}],"curies":[{"name":"wp","href":"https:\/\/api.w.org\/{rel}","templated":true}]}}