{"id":2703,"date":"2012-03-07T11:57:55","date_gmt":"2012-03-07T09:57:55","guid":{"rendered":"http:\/\/jlmirall.es\/oysiao\/?p=2703"},"modified":"2015-03-10T12:08:15","modified_gmt":"2015-03-10T10:08:15","slug":"donde-dije-digo-dije-universidad","status":"publish","type":"post","link":"https:\/\/oysiao.jlmirall.es\/?p=2703","title":{"rendered":"Donde dije digo, dije &#8230; Universidad!"},"content":{"rendered":"<h2 style=\"text-align: justify;\">Una pregunta&#8230;<\/h2>\n<p style=\"text-align: justify;\">El s\u00e1bado pasado, en un Congreso de educaci\u00f3n e investigaci\u00f3n musical en Madrid, al finalizar una ponencia sobre:\u00a0<strong>La pr\u00e1ctica musical como tarea cient\u00edfica: investigando etnogr\u00e1ficamente los procesos art\u00edsticos; <\/strong>alguien le pregunt\u00f3 al ponente sobre su opini\u00f3n acerca de la reciente sentencia que anulaba los t\u00edtulos de grado en los centros de Ense\u00f1anzas Art\u00edsticas Superiores. El ponente hab\u00eda hablado ampliamente sobre la naturaleza de los centros d\u00f3nde deber\u00edan realizarse las tareas investigadoras que propon\u00eda, pero aun as\u00ed quiso sondear la sala para ver si alguien estaba inquieto con otra pregunta que pudiera estar m\u00e1s relacionada con el tema. Frente a la voluntad manifiesta de la totalidad del p\u00fablico que esperaba respuesta y opini\u00f3n del ponente, se mostr\u00f3 por fin la sombra que hab\u00eda estado planeando durante todo el congreso y se le dedicaron unas palabras a la sentencia del tribunal supremo.<\/p>\n<p style=\"text-align: justify;\">Despu\u00e9s de que el ponente expusiera a modo de proleg\u00f3meno una sat\u00edrica glosa sobre las virtudes y excelencias del g\u00e9nero literario de las sentencias judiciales, quiso recalcar que la sentencia es de un sentido com\u00fan apabullante. A continuaci\u00f3n, el ponente, empez\u00f3 una astuta met\u00e1fora sobre vinos y denominaciones de origen. Diciendo que si somos un vino vallisoletano, no podemos exigir una denominaci\u00f3n de origen La Rioja, pero que aun no siendo La Rioja, podemos perfectamente quedarnos conformes con ser un Vega Sicilia. O en todo caso, comprar terrenos en La Rioja para poder tener la denominaci\u00f3n de origen deseada.<\/p>\n<h2 style=\"text-align: justify;\">Un comunicado de prensa&#8230;<\/h2>\n<p>El 23 de Febrero de 2012, pod\u00edamos leer todos un contundente comunicado de prensa de parte de ACESEA (leer el comunicado completo <a title=\"ACESEA convoca una reuni\u00f3n y nace el blog de un Director de Centro Superior.\" href=\"http:\/\/oysiao.jlmirall.es\/?p=2670\">aqu\u00ed<\/a>) en el que uno de sus apartados era:<\/p>\n<ul>\n<li><strong>No compartimos el oportunismo<\/strong> que aprovecha cualquier obst\u00e1culo para\u00a0replantear las <strong>opciones b\u00e1sicas adoptadas colectivamente<\/strong> por los centros a lo\u00a0largo del proceso seguido. Por el contrario, nos reafirmamos en:<\/li>\n<ul>\n<li>El reconocimiento de las ense\u00f1anzas art\u00edsticas como\u00a0ense\u00f1anzas superiores, dentro del Espacio Europeo de Educaci\u00f3n\u00a0Superior.<\/li>\n<li>Y ello de manera que tenga lugar, <strong>no en los par\u00e1metros\u00a0universitarios vigentes, que resultan asfixiantes para nuestras ense\u00f1anzas<\/strong>,\u00a0sino en un ecosistema espec\u00edfico que garantice sus constantes vitales y\u00a0su pleno desarrollo.<\/li>\n<\/ul>\n<\/ul>\n<p style=\"text-align: justify;\">De el anterior apartado se puede deducir claramente que ACESEA no acepta que se discrepe de una supuesta decisi\u00f3n b\u00e1sica adoptada colectivamente. Esta supuesta decisi\u00f3n b\u00e1sica adoptada colectivamente ser\u00eda la de no entrar dentro del espacio universitario y buscar una ecosistema espec\u00edfico para las EEAASS<\/p>\n<h2 style=\"text-align: justify;\">Un peque\u00f1o monogr\u00e1fico publicado en la La Vanguardia:<\/h2>\n<p>El 27 de febrero de 2012 aparece el siguiente monogr\u00e1fico en la secci\u00f3n de cultura de La Vanguardia:<\/p>\n<p><a style=\"margin: 12px auto 6px auto; font-family: Helvetica,Arial,Sans-serif; font-style: normal; font-variant: normal; font-weight: normal; font-size: 14px; line-height: normal; font-size-adjust: none; font-stretch: normal; -x-system-font: none; display: block; text-decoration: underline;\" title=\"View Vang - 270212 - Prohibido Graduar en Arte on Scribd\" href=\"http:\/\/es.scribd.com\/doc\/84270766\/Vang-270212-Prohibido-Graduar-en-Arte\">Vang &#8211; 270212 &#8211; Prohibido Graduar en Arte<\/a><iframe loading=\"lazy\" id=\"doc_59629\" src=\"http:\/\/www.scribd.com\/embeds\/84270766\/content?start_page=1&amp;view_mode=list&amp;access_key=key-oxpmjrm4ej8gk6cet86\" frameborder=\"0\" scrolling=\"no\" width=\"100%\" height=\"600\" data-auto-height=\"true\" data-aspect-ratio=\"0.758364312267658\"><\/iframe><\/p>\n<p>En \u00e9l queda patente la beligerancia con la que se trata a la universidad, c\u00f3mo se indica que la postura oficial de las escuelas superiores es la de crear un espacio propio, y por supuesto: fuera de la universidad.<\/p>\n<h2 style=\"text-align: justify;\">Un recurso contra 5 universidades:<\/h2>\n<p>Por si estas muestras de animadversi\u00f3n hacia las ense\u00f1anzas universitarias, y la posibilidad de que ellas impartan titulaciones de grado de las Ense\u00f1anzas Art\u00edsticas Superiores, podemos consultar el siguiente RECURSO POTESTATIVO DE REPOSICI\u00d3N que realiz\u00f3 ACESEA el 30 de Noviembre de 2010:<\/p>\n<p><a style=\"margin: 12px auto 6px auto; font-family: Helvetica,Arial,Sans-serif; font-style: normal; font-variant: normal; font-weight: normal; font-size: 14px; line-height: normal; font-size-adjust: none; font-stretch: normal; -x-system-font: none; display: block; text-decoration: underline;\" title=\"View Recurso Acuerdo Consejo Ministros on Scribd\" href=\"http:\/\/es.scribd.com\/doc\/84271419\/Recurso-Acuerdo-Consejo-Ministros\">Recurso Acuerdo Consejo Ministros<\/a><iframe loading=\"lazy\" id=\"doc_75228\" src=\"http:\/\/www.scribd.com\/embeds\/84271419\/content?start_page=1&amp;view_mode=list&amp;access_key=key-u7vk6b7k2uojs273ez1\" frameborder=\"0\" scrolling=\"no\" width=\"100%\" height=\"600\" data-auto-height=\"true\" data-aspect-ratio=\"0.707514450867052\"><\/iframe><\/p>\n<p>Este documento fundamenta las argumentaciones de ACESEA para dinamitar toda posibilidad de que las universidades puedas impartir titulaciones de grado. Indicando directamente las universidades, cuyos grados desean que se destierren del \u00e1mbito. A saber:<\/p>\n<ul>\n<li>Universidad Camilo Jos\u00e9 Cela: Graduado o Graduada en Dise\u00f1o y Desarrollo de Videojuegos.<\/li>\n<li>Universidad Europea de Madrid: Graduado o Graduada en Artes Esc\u00e9nicas y Medi\u00e1ticas.<\/li>\n<li>Universidad de Granada: Graduado o Graduada en Conservaci\u00f3n y Restauraci\u00f3n de Bienes Culturales.<\/li>\n<li>Universidad Rey Juan Carlos: Graduado o Graduada en Artes Visuales y Danza.<\/li>\n<li>Universidad de Sevilla: Graduado o Graduada en Conservaci\u00f3n y Restauraci\u00f3n de Bienes Culturales.<\/li>\n<\/ul>\n<h2 style=\"text-align: justify;\">Un contramanifiesto en 2009:<\/h2>\n<p>Y por si aun quedaba alguna duda, ante la aparici\u00f3n de CEEAASS y su manifiesto en 2009 <a href=\"http:\/\/oysiao.jlmirall.es\/?p=546\">Por la Plena Integraci\u00f3n de las EEAASS en la Universidad<\/a>, ACESEA redact\u00f3 y difundi\u00f3 un contra-manifiesto:<\/p>\n<p><a style=\"margin: 12px auto 6px auto; font-family: Helvetica,Arial,Sans-serif; font-style: normal; font-variant: normal; font-weight: normal; font-size: 14px; line-height: normal; font-size-adjust: none; font-stretch: normal; -x-system-font: none; display: block; text-decoration: underline;\" title=\"View Contramanifiesto ACESEA on Scribd\" href=\"http:\/\/es.scribd.com\/doc\/84192814\/Contramanifiesto-ACESEA\">Contramanifiesto ACESEA<\/a><iframe loading=\"lazy\" id=\"doc_99728\" src=\"http:\/\/www.scribd.com\/embeds\/84192814\/content?start_page=1&amp;view_mode=list&amp;access_key=key-1btkofkh24mvha19v6um\" frameborder=\"0\" scrolling=\"no\" width=\"100%\" height=\"600\" data-auto-height=\"true\" data-aspect-ratio=\"0.707514450867052\"><\/iframe><\/p>\n<p>La idea misma de la integraci\u00f3n con la universidad era tildada de:<\/p>\n<ul>\n<li>\u00abcantos de sirena -tan dulces como falaces-\u00ab<\/li>\n<li>\u00abprimer ulular\u00bb<\/li>\n<li>\u00abseductor y enga\u00f1oso mensaje\u00bb<\/li>\n<li>\u00abposicionamiento personal\u00bb<\/li>\n<li>\u00abatajo [&#8230;] para alcanzar el brillo de una c\u00e1tedra\u00bb<\/li>\n<li>\u00abhumano, pero lamentable\u00bb<\/li>\n<\/ul>\n<div>\n<div>\n<div>Y finalmente concluye:<\/div>\n<blockquote>\n<div>No cabe otra interpretaci\u00f3n: se trata de guerra particular, al margen de la legalidad, y poco o nada decorosa; una guerra sucia. Una guerra de alguien que esconde su cara, que solo intenta sembrar confusi\u00f3n, aunque no sepamos, o no queramos saber, al servicio de qu\u00e9 o de qui\u00e9n.<\/div>\n<\/blockquote>\n<h2>Donde dije digo,&#8230;<\/h2>\n<\/div>\n<\/div>\n<div>Pero ahora resulta que ACESEA est\u00e1 desenpolvando documentos que acreditan que <strong>siempre<\/strong> estuvo a favor de la integraci\u00f3n con la universidad:<\/div>\n<p><a style=\"margin: 12px auto 6px auto; font-family: Helvetica,Arial,Sans-serif; font-style: normal; font-variant: normal; font-weight: normal; font-size: 14px; line-height: normal; font-size-adjust: none; font-stretch: normal; -x-system-font: none; display: block; text-decoration: underline;\" title=\"View Circular a Miembros de Acesea on Scribd\" href=\"http:\/\/es.scribd.com\/doc\/84274875\/Circular-a-Miembros-de-Acesea\">Circular a Miembros de Acesea<\/a><iframe loading=\"lazy\" id=\"doc_30880\" src=\"http:\/\/www.scribd.com\/embeds\/84274875\/content?start_page=1&amp;view_mode=list&amp;access_key=key-1zar56wxycsrkeykxycp\" frameborder=\"0\" scrolling=\"no\" width=\"100%\" height=\"600\" data-auto-height=\"true\" data-aspect-ratio=\"0.707514450867052\"><\/iframe><\/p>\n<p>Cito textualmente:<\/p>\n<div>\n<ul>\n<li>ACESEA ha tenido siempre el modelo\u201cuniversidad o su absoluta equiparaci\u00f3n\u201d como ideal y referencia.<\/li>\n<li>la f\u00f3rmula \u00f3ptima ser\u00eda la Universidad de las Artes. Su modelo ser\u00eda el alem\u00e1n de las ense\u00f1anzas superiores articuladas en Universidad.<\/li>\n<\/ul>\n<p>Tambi\u00e9n apunta un interesante hecho:<\/p>\n<blockquote><p>Recu\u00e9rdese que en Espa\u00f1a, cuando los estudios t\u00e9cnicos superiores quisieron articularse en universidad, no se incorporaron a la universidad cl\u00e1sica, sino que se constituyeron en Universidad Polit\u00e9cnica. Las EE. AA. con igual categor\u00eda tendr\u00edan as\u00ed\u00a0consolidada su\u00a0especificidad.<\/p><\/blockquote>\n<p>Y aqu\u00ed los documentos que se adjuntan:<br \/>\n<a style=\"margin: 12px auto 6px auto; font-family: Helvetica,Arial,Sans-serif; font-style: normal; font-variant: normal; font-weight: normal; font-size: 14px; line-height: normal; font-size-adjust: none; font-stretch: normal; -x-system-font: none; display: block; text-decoration: underline;\" title=\"View AEC a MEC (Marzo Orig y Trad. Completo on Scribd\" href=\"http:\/\/es.scribd.com\/doc\/84192917\/AEC-a-MEC-Marzo-Orig-y-Trad-Completo\">AEC a MEC (Marzo Orig y Trad. Completo<\/a><iframe loading=\"lazy\" id=\"doc_95780\" src=\"http:\/\/www.scribd.com\/embeds\/84192917\/content?start_page=1&amp;view_mode=list&amp;access_key=key-2b07329m6q3bh57nfhdc\" frameborder=\"0\" scrolling=\"no\" width=\"100%\" height=\"600\" data-auto-height=\"true\" data-aspect-ratio=\"0.706697459584296\"><\/iframe><br \/>\n<a style=\"margin: 12px auto 6px auto; font-family: Helvetica,Arial,Sans-serif; font-style: normal; font-variant: normal; font-weight: normal; font-size: 14px; line-height: normal; font-size-adjust: none; font-stretch: normal; -x-system-font: none; display: block; text-decoration: underline;\" title=\"View AEC Declaraci\u00f3n Asam., Bucarest, nov. 1999 on Scribd\" href=\"http:\/\/es.scribd.com\/doc\/84192833\/AEC-Declaracio%CC%81n-Asam-Bucarest-nov-1999\">AEC Declaraci\u00f3n Asam., Bucarest, nov. 1999<\/a><iframe loading=\"lazy\" id=\"doc_52412\" src=\"http:\/\/www.scribd.com\/embeds\/84192833\/content?start_page=1&amp;view_mode=list&amp;access_key=key-10fzpue18rqg7z6t5wle\" frameborder=\"0\" scrolling=\"no\" width=\"100%\" height=\"600\" data-auto-height=\"true\" data-aspect-ratio=\"0.669584245076586\"><\/iframe><br \/>\n<a style=\"margin: 12px auto 6px auto; font-family: Helvetica,Arial,Sans-serif; font-style: normal; font-variant: normal; font-weight: normal; font-size: 14px; line-height: normal; font-size-adjust: none; font-stretch: normal; -x-system-font: none; display: block; text-decoration: underline;\" title=\"View AEC a Bucarest Nov. 1999 on Scribd\" href=\"http:\/\/es.scribd.com\/doc\/84192824\/AEC-a-Bucarest-Nov-1999\">AEC a Bucarest Nov. 1999<\/a><iframe loading=\"lazy\" id=\"doc_26664\" src=\"http:\/\/www.scribd.com\/embeds\/84192824\/content?start_page=1&amp;view_mode=list&amp;access_key=key-1nn88hct1sfn3024mecd\" frameborder=\"0\" scrolling=\"no\" width=\"100%\" height=\"600\" data-auto-height=\"true\" data-aspect-ratio=\"0.656652360515021\"><\/iframe><\/p>\n<h2>\u00a1Albricias!<\/h2>\n<p>Al parecer ya no existen bandos, ya no hay guerra entre hermanos. Esperemos que recordando la historia reciente de las Ense\u00f1anzas Art\u00edsticas Superiores y como la obstinaci\u00f3n de algunos han impedido el natural desarrollo en un \u00e1mbito legal y administrativo adecuado, a partir de ahora todos unamos el hombro en la nueva v\u00eda universitaria que parece abrirse camino delante de nuestros pies.<\/p>\n<p><a href=\"http:\/\/oysiao.jlmirall.es\/wp-content\/uploads\/2012\/03\/Goya_duel.jpg\"><img loading=\"lazy\" decoding=\"async\" class=\"aligncenter size-full wp-image-2706\" title=\"Goya_duel\" src=\"http:\/\/oysiao.jlmirall.es\/wp-content\/uploads\/2012\/03\/Goya_duel.jpg\" alt=\"\" width=\"720\" height=\"417\" srcset=\"https:\/\/oysiao.jlmirall.es\/wp-content\/uploads\/2012\/03\/Goya_duel.jpg 720w, https:\/\/oysiao.jlmirall.es\/wp-content\/uploads\/2012\/03\/Goya_duel-300x173.jpg 300w\" sizes=\"auto, (max-width: 720px) 100vw, 720px\" \/><\/a><\/p>\n<p>La cita es abierta, a todo el mundo. El s\u00e1bado 10 de Marzo de 2012 a las 11h en el Real Conservatorio Superior de M\u00fasica de Madrid, vamos a empezar a caminar todos juntos hacia la Universidad. El camino no ser\u00e1 f\u00e1cil, pero desde nuestra posici\u00f3n ya podemos empezar a vislumbrar el luminoso final que nos espera. \u00a1Nos vemos en Madrid!<\/p>\n<\/div>\n","protected":false},"excerpt":{"rendered":"<p>Una pregunta&#8230; El s\u00e1bado pasado, en un Congreso de educaci\u00f3n e investigaci\u00f3n musical en Madrid, al finalizar una ponencia sobre:\u00a0La pr\u00e1ctica musical como tarea cient\u00edfica: investigando etnogr\u00e1ficamente los procesos art\u00edsticos; alguien le pregunt\u00f3 al ponente sobre su opini\u00f3n acerca de la reciente sentencia que anulaba los t\u00edtulos de grado en&hellip; <\/p>\n","protected":false},"author":2,"featured_media":0,"comment_status":"open","ping_status":"closed","sticky":false,"template":"","format":"standard","meta":{"jetpack_post_was_ever_published":false,"_jetpack_newsletter_access":"","_jetpack_dont_email_post_to_subs":false,"_jetpack_newsletter_tier_id":0,"_jetpack_memberships_contains_paywalled_content":false,"_jetpack_memberships_contains_paid_content":false,"footnotes":"","jetpack_publicize_message":"","jetpack_publicize_feature_enabled":true,"jetpack_social_post_already_shared":false,"jetpack_social_options":{"image_generator_settings":{"template":"highway","default_image_id":0,"font":"","enabled":false},"version":2}},"categories":[139,32,155,1],"tags":[133,59,74,67,62,112,88,63,87,64,84,61],"class_list":["post-2703","post","type-post","status-publish","format-standard","hentry","category-actualidad-de-la-educacion-musical","category-bolonia-y-conservatorios","category-ntw","category-general","tag-bolonia","tag-conservatorio","tag-educacion","tag-eeaass","tag-eees","tag-europa","tag-isea","tag-legislacion","tag-loe","tag-mec","tag-reivindicaciones","tag-superior"],"jetpack_publicize_connections":[],"jetpack_featured_media_url":"","jetpack_shortlink":"https:\/\/wp.me\/p74VZt-HB","jetpack_sharing_enabled":true,"_links":{"self":[{"href":"https:\/\/oysiao.jlmirall.es\/index.php?rest_route=\/wp\/v2\/posts\/2703","targetHints":{"allow":["GET"]}}],"collection":[{"href":"https:\/\/oysiao.jlmirall.es\/index.php?rest_route=\/wp\/v2\/posts"}],"about":[{"href":"https:\/\/oysiao.jlmirall.es\/index.php?rest_route=\/wp\/v2\/types\/post"}],"author":[{"embeddable":true,"href":"https:\/\/oysiao.jlmirall.es\/index.php?rest_route=\/wp\/v2\/users\/2"}],"replies":[{"embeddable":true,"href":"https:\/\/oysiao.jlmirall.es\/index.php?rest_route=%2Fwp%2Fv2%2Fcomments&post=2703"}],"version-history":[{"count":7,"href":"https:\/\/oysiao.jlmirall.es\/index.php?rest_route=\/wp\/v2\/posts\/2703\/revisions"}],"predecessor-version":[{"id":3700,"href":"https:\/\/oysiao.jlmirall.es\/index.php?rest_route=\/wp\/v2\/posts\/2703\/revisions\/3700"}],"wp:attachment":[{"href":"https:\/\/oysiao.jlmirall.es\/index.php?rest_route=%2Fwp%2Fv2%2Fmedia&parent=2703"}],"wp:term":[{"taxonomy":"category","embeddable":true,"href":"https:\/\/oysiao.jlmirall.es\/index.php?rest_route=%2Fwp%2Fv2%2Fcategories&post=2703"},{"taxonomy":"post_tag","embeddable":true,"href":"https:\/\/oysiao.jlmirall.es\/index.php?rest_route=%2Fwp%2Fv2%2Ftags&post=2703"}],"curies":[{"name":"wp","href":"https:\/\/api.w.org\/{rel}","templated":true}]}}