{"id":2709,"date":"2012-03-10T00:15:13","date_gmt":"2012-03-09T22:15:13","guid":{"rendered":"http:\/\/jlmirall.es\/oysiao\/?p=2709"},"modified":"2015-03-10T12:08:09","modified_gmt":"2015-03-10T10:08:09","slug":"eeaass-en-la-universidad-movemos-ficha","status":"publish","type":"post","link":"https:\/\/oysiao.jlmirall.es\/?p=2709","title":{"rendered":"EEAASS en la Universidad: MOVEMOS FICHA"},"content":{"rendered":"<p>Dentro de unas horas, el s\u00e1bado 10 de marzo de 2012 a las 11h se va a hacer p\u00fablica la PLATAFORMA POR LA INTEGRACI\u00d3N DE LAS EEAASS EN LA UNIVERSIDAD.<\/p>\n<p>Como no podr\u00eda ser de otra forma, asisto personalmente a tal evento que tendr\u00e1 lugar en el emblem\u00e1tico Real Conservatorio Superior de M\u00fasica de Madrid. En dicha reuni\u00f3n asistiremos directores de centros superiores, representantes sindicales y representantes de alumnos, entre otros.<\/p>\n<p>Est\u00e1 invitado todo el mundo a participar, incluida ACESEA, que en su casi totalidad se encuentra casualmente por Madrid estos d\u00edas.<\/p>\n<p>Y tambi\u00e9n para todos aquellos a los que les sea imposible acudir f\u00edsicamente a la cita, especialmente a alumnos o representantes de alumnos, voy a intentar crear una sala de multiconferencia en skype (si los elementos no se ponen en mi contra) para poder asistir de forma virtual y tomar parte activa de la reuni\u00f3n.<\/p>\n<p>Mi nick de skype es: \u00ab<strong>jose_luis_miralles<\/strong>\u00ab. As\u00ed que todo el que quiera formar parte de este evento, tan s\u00f3lo tiene que agregarme. Aun queda alguna plaza libre, pero no garantizo que pueda atender a todo el mundo, por limitaciones de la plataforma. Estos d\u00edas me ha sido imposible encontrar tiempo para poder buscar otras alternativas menos limitantes.<\/p>\n<p style=\"text-align: center;\"><a href=\"http:\/\/oysiao.jlmirall.es\/wp-content\/uploads\/2012\/03\/skype.jpg\"><img loading=\"lazy\" decoding=\"async\" class=\"aligncenter  wp-image-2710\" title=\"skype\" src=\"http:\/\/oysiao.jlmirall.es\/wp-content\/uploads\/2012\/03\/skype.jpg\" alt=\"\" width=\"280\" height=\"280\" srcset=\"https:\/\/oysiao.jlmirall.es\/wp-content\/uploads\/2012\/03\/skype.jpg 400w, https:\/\/oysiao.jlmirall.es\/wp-content\/uploads\/2012\/03\/skype-150x150.jpg 150w, https:\/\/oysiao.jlmirall.es\/wp-content\/uploads\/2012\/03\/skype-300x300.jpg 300w\" sizes=\"auto, (max-width: 280px) 100vw, 280px\" \/><\/a><\/p>\n<p style=\"text-align: center;\"><strong>\u00a1NOS VEMOS EN MADRID!<\/strong><\/p>\n<p>PD: Quiz\u00e1 por alg\u00fan que otro problema t\u00e9cnico de \u00faltima hora no se pueda realizar la multiconferencia, pero pondr\u00e9 toda mi voluntad y empe\u00f1o en conseguir que sea posible.<\/p>\n","protected":false},"excerpt":{"rendered":"<p>Dentro de unas horas, el s\u00e1bado 10 de marzo de 2012 a las 11h se va a hacer p\u00fablica la PLATAFORMA POR LA INTEGRACI\u00d3N DE LAS EEAASS EN LA UNIVERSIDAD. Como no podr\u00eda ser de otra forma, asisto personalmente a tal evento que tendr\u00e1 lugar en el emblem\u00e1tico Real Conservatorio&hellip; <\/p>\n","protected":false},"author":2,"featured_media":0,"comment_status":"open","ping_status":"closed","sticky":false,"template":"","format":"standard","meta":{"jetpack_post_was_ever_published":false,"_jetpack_newsletter_access":"","_jetpack_dont_email_post_to_subs":false,"_jetpack_newsletter_tier_id":0,"_jetpack_memberships_contains_paywalled_content":false,"_jetpack_memberships_contains_paid_content":false,"footnotes":"","jetpack_publicize_message":"","jetpack_publicize_feature_enabled":true,"jetpack_social_post_already_shared":false,"jetpack_social_options":{"image_generator_settings":{"template":"highway","default_image_id":0,"font":"","enabled":false},"version":2}},"categories":[155,1],"tags":[133,59,74,67,62,112,88,63,87,64,84,61],"class_list":["post-2709","post","type-post","status-publish","format-standard","hentry","category-ntw","category-general","tag-bolonia","tag-conservatorio","tag-educacion","tag-eeaass","tag-eees","tag-europa","tag-isea","tag-legislacion","tag-loe","tag-mec","tag-reivindicaciones","tag-superior"],"jetpack_publicize_connections":[],"jetpack_featured_media_url":"","jetpack_shortlink":"https:\/\/wp.me\/p74VZt-HH","jetpack_sharing_enabled":true,"_links":{"self":[{"href":"https:\/\/oysiao.jlmirall.es\/index.php?rest_route=\/wp\/v2\/posts\/2709","targetHints":{"allow":["GET"]}}],"collection":[{"href":"https:\/\/oysiao.jlmirall.es\/index.php?rest_route=\/wp\/v2\/posts"}],"about":[{"href":"https:\/\/oysiao.jlmirall.es\/index.php?rest_route=\/wp\/v2\/types\/post"}],"author":[{"embeddable":true,"href":"https:\/\/oysiao.jlmirall.es\/index.php?rest_route=\/wp\/v2\/users\/2"}],"replies":[{"embeddable":true,"href":"https:\/\/oysiao.jlmirall.es\/index.php?rest_route=%2Fwp%2Fv2%2Fcomments&post=2709"}],"version-history":[{"count":6,"href":"https:\/\/oysiao.jlmirall.es\/index.php?rest_route=\/wp\/v2\/posts\/2709\/revisions"}],"predecessor-version":[{"id":3699,"href":"https:\/\/oysiao.jlmirall.es\/index.php?rest_route=\/wp\/v2\/posts\/2709\/revisions\/3699"}],"wp:attachment":[{"href":"https:\/\/oysiao.jlmirall.es\/index.php?rest_route=%2Fwp%2Fv2%2Fmedia&parent=2709"}],"wp:term":[{"taxonomy":"category","embeddable":true,"href":"https:\/\/oysiao.jlmirall.es\/index.php?rest_route=%2Fwp%2Fv2%2Fcategories&post=2709"},{"taxonomy":"post_tag","embeddable":true,"href":"https:\/\/oysiao.jlmirall.es\/index.php?rest_route=%2Fwp%2Fv2%2Ftags&post=2709"}],"curies":[{"name":"wp","href":"https:\/\/api.w.org\/{rel}","templated":true}]}}