{"id":2725,"date":"2012-03-16T13:44:29","date_gmt":"2012-03-16T11:44:29","guid":{"rendered":"http:\/\/jlmirall.es\/oysiao\/?p=2725"},"modified":"2015-03-10T12:08:02","modified_gmt":"2015-03-10T10:08:02","slug":"el-consejo-superior-de-ensenanzas-artisticas-y-acesea","status":"publish","type":"post","link":"https:\/\/oysiao.jlmirall.es\/?p=2725","title":{"rendered":"El Consejo Superior de Ense\u00f1anzas Art\u00edsticas y ACESEA"},"content":{"rendered":"<p><a href=\"http:\/\/oysiao.jlmirall.es\/wp-content\/uploads\/2012\/03\/logo.gif\"><img loading=\"lazy\" decoding=\"async\" class=\"alignright size-full wp-image-2726\" title=\"logo\" src=\"http:\/\/oysiao.jlmirall.es\/wp-content\/uploads\/2012\/03\/logo.gif\" alt=\"\" width=\"300\" height=\"220\" \/><\/a>Quiz\u00e1 <a href=\"http:\/\/www.docenotas.com\/encuestas\/resultados.asp?id=16\">la encuesta<\/a> realizada por 12notas llam\u00f3 la atenci\u00f3n a algunos cuando como opci\u00f3n tercera dec\u00eda que se volviera a convocar el Consejo Superior de Ense\u00f1anzas Art\u00edsticas, y mucha gente no sepa lo que es.<\/p>\n<p>El Consejo Superior de Ense\u00f1anzas Art\u00edsticas (de ahora en adelante CSEA) es un \u00f3rgano consultivo del Estado creado por orden del art\u00edculo 45 de la LOE con relaci\u00f3n a las ense\u00f1anzas art\u00edsticas.<\/p>\n<p><span style=\"text-decoration: underline;\">Funciones del CSEA<\/span>:<\/p>\n<blockquote><p>a) Elaborar propuestas al Ministerio de Educaci\u00f3n y Ciencia en relaci\u00f3n con la ense\u00f1anza, la investigaci\u00f3n, la informaci\u00f3n y la proyecci\u00f3n social de las ense\u00f1anzas art\u00edsticas, as\u00ed como con la promoci\u00f3n de los profesionales relacionados con ellas.<\/p>\n<p>b) Informar, con car\u00e1cter preceptivo, las normas que definan la estructura y el contenido b\u00e1sicos de los diferentes estudios de ense\u00f1anzas art\u00edsticas superiores, su evaluaci\u00f3n y la regulaci\u00f3n de las condiciones para la oferta de estudios de postgrado en los centros de ense\u00f1anzas art\u00edsticas superiores.<\/p>\n<p>c) Informar cuantas otras disposiciones someta a su consideraci\u00f3n el Ministerio de Educaci\u00f3n y Ciencia.<\/p>\n<p>d) Emitir informes, por propia iniciativa o a petici\u00f3n del Ministerio de Educaci\u00f3n y Ciencia, y prestar su asesoramiento en materias relacionadas con las ense\u00f1anzas art\u00edsticas.<\/p>\n<p>e) Aprobar y hacer p\u00fablico un informe anual sobre el estado y situaci\u00f3n de las ense\u00f1anzas art\u00edsticas.<\/p>\n<p>f) Cuantas otras funciones le pudieran ser encomendadas por la normativa de desarrollo de la Ley Org\u00e1nica 2\/2006, de 3 de mayo, de Educaci\u00f3n.<\/p><\/blockquote>\n<p><span style=\"text-decoration: underline;\">Composici\u00f3n del CSEA<\/span>:<\/p>\n<ul>\n<li>Presidente<\/li>\n<li>Tres Vice-presidentes<\/li>\n<li>Secretario<\/li>\n<li>72 Consejeros<\/li>\n<ul>\n<li>6 representantes del Ministerio de Educaci\u00f3n<\/li>\n<li>2 representantes del Ministerio de Cultura<\/li>\n<li>1 representante de las administraciones educativas de cada CCAA<\/li>\n<li>1 representante de las ciudades aut\u00f3nomas de Ceuta y Melilla<\/li>\n<li>4 representantes de las Administraciones locales<\/li>\n<li>12 profesores de EEAA<\/li>\n<li>3 alumnos de EEAA<\/li>\n<li>17 directores de EEAASS<\/li>\n<li>10 personalidades de reconocido prestigio<\/li>\n<\/ul>\n<\/ul>\n<p><span style=\"text-decoration: underline;\">La Comisi\u00f3n permanente del CSEA se compone de la siguiente forma:<\/span><\/p>\n<ul>\n<li>Presidente<\/li>\n<li>2 representantes del Ministerio de Educaci\u00f3n<\/li>\n<li>1 representante del Ministerio de Cultura<\/li>\n<li>6 representantes de las CCAA<\/li>\n<li>2 representantes de las Administraciones locales<\/li>\n<li>4 representantes del profesorado<\/li>\n<li>1 representante del alumnado<\/li>\n<li>6 representantes de los directores<\/li>\n<li>3 personalidades de reconocido prestigio<\/li>\n<li>Secretario<\/li>\n<\/ul>\n<p>Independientemente de la diferente proporci\u00f3n de directores que hay tanto en el Pleno como en la Comisi\u00f3n Permanente, veamos quienes de ellos pertenecen o tienen relaci\u00f3n con ACESEA.<\/p>\n<p><span style=\"text-decoration: underline;\"><strong>De los representantes del Ministerio de Educaci\u00f3n:<\/strong><\/span><\/p>\n<p><strong>Jos\u00e9 Luis P\u00e9rez Iriarte<\/strong> &#8211; Es la persona con la ACESEA negoci\u00f3 el cap\u00edtulo dedicado a las EEAASS en la LOE, cuando se dijo que la LOE no iba a tener un cap\u00edtulo de EEAASS, y se neg\u00f3 toda negociaci\u00f3n con cualquier otro sector. (<a href=\"http:\/\/oysiao.jlmirall.es\/?p=2718\">Aqu\u00ed<\/a> lo explica Jordi Font)<\/p>\n<p><strong>\u00c1lvaro Zald\u00edvar Gracia &#8211; <\/strong>Socio fundador que redact\u00f3 los estatutos de ACESEA<\/p>\n<p><span style=\"text-decoration: underline;\"><strong>De los representantes de las CCAA<\/strong><\/span><\/p>\n<p><strong>Francisco Luis Lemes Castellano<\/strong> &#8211; Participa de forma activa en la Asambleas de ACESEA (<a href=\"http:\/\/www.docenotas.com\/noticia\/1089\/actualidad-de-centros\/asamblea-general-acesea-asociacion-espanola-centros-superiores-ensenanzas-artisticas.html\">enlace<\/a>)<\/p>\n<p><span style=\"text-decoration: underline;\"><strong>De los representantes de los profesores (recuerdo: profesores):<\/strong><\/span><\/p>\n<p><strong>Javier Goicoechea i Vilasal\u00f3 &#8211; <\/strong>Pertenece a CEA, asociaci\u00f3n hom\u00f3nima a ACESEA con la que lanza comunicados conjuntos.<\/p>\n<p><strong>Miguel del Barco Gallego &#8211; <\/strong>Ha sido <strong>director<\/strong> del RCSMM y pertenece a ACESEA<\/p>\n<p><strong>Juan \u00c1ngel Serrano Masegoso &#8211; Director<\/strong> de la Escuela de Arte Dram\u00e1tico de Murica. Presidente de ACESEA.<\/p>\n<p><span style=\"text-decoration: underline;\"><strong>Representantes de los directores:<\/strong><\/span><\/p>\n<p><strong>Jos\u00e9 Guti\u00e9rrez Morales<\/strong> &#8211; Director del Conservatorio Superior de Danza de M\u00e1laga, pertenenciente a ACESEA<\/p>\n<p><strong>Jaime \u00c1ngel Ca\u00f1ellas Arriazu &#8211; <\/strong>Director de la Escuela Superior de Dise\u00f1o de Arag\u00f3n<\/p>\n<p><strong>Alberto Veintimilla Bonet\u00a0&#8211;<\/strong> Director del Conservatorio Superior de M\u00fasica del Principado de Asturias, pertenenciente a ACESEA<\/p>\n<p><strong>Blanca Reyes Rodr\u00edguez &#8211;\u00a0<\/strong>directora del Conservatorio Superior de M\u00fasica de Canarias, perteneciente a ACESEA<\/p>\n<p><strong>Luis Morales Rodr\u00edguez &#8211;\u00a0<\/strong>director de la Escuela de Arte \u00abPedro Almod\u00f3var\u00bb de Ciudad Real, perteneciente a ACESEA<\/p>\n<p><strong>Merc\u00e8 Camps Gatell <\/strong>&#8211;\u00a0directora de la Escola Llotja de Barcelona, perteneciente a ACESEA<\/p>\n<p><strong>Pedro Antonio Reyes Pastor &#8211;\u00a0\u00a0<\/strong>director de la Escuela de Arte y Superior de Dise\u00f1o de M\u00e9rida, pertenenciente a ACESEA<\/p>\n<p><strong>Ignacio Amestoy Eguiguren &#8211;\u00a0<\/strong>director de la Real Escuela Superior de Arte Dram\u00e1tico de Madrid, pertenenciente a ACESEA<\/p>\n<p><strong>Lucio Moreno Jim\u00e9nez &#8211;\u00a0<\/strong>director de la Escuela Superior de Dise\u00f1o de Murcia, perteneciente a ACESEA<\/p>\n<p><strong>Carmen Arbizu L\u00f3pez &#8211;\u00a0<\/strong>directora del Conservatorio Superior de M\u00fasica de Navarra, pertenenciente a ACESEA<\/p>\n<p><strong>Alejandro Zabala Landa &#8211;\u00a0<\/strong>director del Conservatorio Superior de M\u00fasica \u00abMusikene\u00bb, pertenenciente a ACESEA<\/p>\n<p><strong>Eduardo Montesinos Comas &#8211;\u00a0<\/strong>director del Conservatorio Superior de M\u00fasica de Valencia, pertenenciente a ACESEA<\/p>\n<p><span style=\"text-decoration: underline;\"><strong>Representantes de personalidades de reconocido prestigio:<\/strong><\/span><\/p>\n<p><strong>Jordi Font i Cardona &#8211;\u00a0Director<\/strong> del Institut del Teatre de la Diputaci\u00f3n de Barcelona, vocal de la junta directiva de ACESEA<\/p>\n<p>&nbsp;<\/p>\n<p>Toda esta informaci\u00f3n es p\u00fablica y se puede encontrar aqu\u00ed:<\/p>\n<p><a href=\"http:\/\/www.educacion.gob.es\/cseartisticas\">http:\/\/www.educacion.gob.es\/cseartisticas<\/a><\/p>\n<p>(aqu\u00ed se muestra la composici\u00f3n inicial del CSEA, que con el tiempo ha cambiado seg\u00fan ceses y nombramientos de directores y altos cargos de la administraci\u00f3n)<\/p>\n","protected":false},"excerpt":{"rendered":"<p>Quiz\u00e1 la encuesta realizada por 12notas llam\u00f3 la atenci\u00f3n a algunos cuando como opci\u00f3n tercera dec\u00eda que se volviera a convocar el Consejo Superior de Ense\u00f1anzas Art\u00edsticas, y mucha gente no sepa lo que es. El Consejo Superior de Ense\u00f1anzas Art\u00edsticas (de ahora en adelante CSEA) es un \u00f3rgano consultivo&hellip; <\/p>\n","protected":false},"author":2,"featured_media":0,"comment_status":"open","ping_status":"closed","sticky":false,"template":"","format":"standard","meta":{"jetpack_post_was_ever_published":false,"_jetpack_newsletter_access":"","_jetpack_dont_email_post_to_subs":false,"_jetpack_newsletter_tier_id":0,"_jetpack_memberships_contains_paywalled_content":false,"_jetpack_memberships_contains_paid_content":false,"footnotes":"","jetpack_publicize_message":"","jetpack_publicize_feature_enabled":true,"jetpack_social_post_already_shared":false,"jetpack_social_options":{"image_generator_settings":{"template":"highway","default_image_id":0,"font":"","enabled":false},"version":2}},"categories":[155,1],"tags":[133,59,74,67,62,112,88,63,87,64,84,61],"class_list":["post-2725","post","type-post","status-publish","format-standard","hentry","category-ntw","category-general","tag-bolonia","tag-conservatorio","tag-educacion","tag-eeaass","tag-eees","tag-europa","tag-isea","tag-legislacion","tag-loe","tag-mec","tag-reivindicaciones","tag-superior"],"jetpack_publicize_connections":[],"jetpack_featured_media_url":"","jetpack_shortlink":"https:\/\/wp.me\/p74VZt-HX","jetpack_sharing_enabled":true,"_links":{"self":[{"href":"https:\/\/oysiao.jlmirall.es\/index.php?rest_route=\/wp\/v2\/posts\/2725","targetHints":{"allow":["GET"]}}],"collection":[{"href":"https:\/\/oysiao.jlmirall.es\/index.php?rest_route=\/wp\/v2\/posts"}],"about":[{"href":"https:\/\/oysiao.jlmirall.es\/index.php?rest_route=\/wp\/v2\/types\/post"}],"author":[{"embeddable":true,"href":"https:\/\/oysiao.jlmirall.es\/index.php?rest_route=\/wp\/v2\/users\/2"}],"replies":[{"embeddable":true,"href":"https:\/\/oysiao.jlmirall.es\/index.php?rest_route=%2Fwp%2Fv2%2Fcomments&post=2725"}],"version-history":[{"count":7,"href":"https:\/\/oysiao.jlmirall.es\/index.php?rest_route=\/wp\/v2\/posts\/2725\/revisions"}],"predecessor-version":[{"id":3697,"href":"https:\/\/oysiao.jlmirall.es\/index.php?rest_route=\/wp\/v2\/posts\/2725\/revisions\/3697"}],"wp:attachment":[{"href":"https:\/\/oysiao.jlmirall.es\/index.php?rest_route=%2Fwp%2Fv2%2Fmedia&parent=2725"}],"wp:term":[{"taxonomy":"category","embeddable":true,"href":"https:\/\/oysiao.jlmirall.es\/index.php?rest_route=%2Fwp%2Fv2%2Fcategories&post=2725"},{"taxonomy":"post_tag","embeddable":true,"href":"https:\/\/oysiao.jlmirall.es\/index.php?rest_route=%2Fwp%2Fv2%2Ftags&post=2725"}],"curies":[{"name":"wp","href":"https:\/\/api.w.org\/{rel}","templated":true}]}}