{"id":2754,"date":"2012-04-23T11:55:34","date_gmt":"2012-04-23T09:55:34","guid":{"rendered":"http:\/\/jlmirall.es\/oysiao\/?p=2754"},"modified":"2015-03-10T12:07:43","modified_gmt":"2015-03-10T10:07:43","slug":"convivencia-en-centros-docentes-i-marco-nacional","status":"publish","type":"post","link":"https:\/\/oysiao.jlmirall.es\/?p=2754","title":{"rendered":"Convivencia en Centros Docentes I: Marco Nacional"},"content":{"rendered":"<p>Este a\u00f1o fui elegido representante del profesorado en el Consejo Escolar de mi Conservatorio, y en el ejercicio de las funciones como tal pertenezco tambi\u00e9n desde hace poco a la Comisi\u00f3n de Convivencia. As\u00ed que me he puesto las pilas y he empezado a investigar el tema de la convivencia en los centros docentes con m\u00e1s profundidad legal de como lo conoc\u00eda hasta ahora.<\/p>\n<p>He empezado por la investigaci\u00f3n del marco nacional, com\u00fan a todas las CCAA. Y ah\u00ed encontramos al a\u00fan vigente Real Decreto 732\/1995 de 5 de Mayo, sobre derechos y deberes de los alumnos y normas de convivencia. Aqu\u00ed os dejo el resumen del pre\u00e1mbulo (muchas veces, la clave para entender el esp\u00edritu ideol\u00f3gico del que emana todo el articulado posterior) y una presentaci\u00f3n sobre algunos art\u00edculos relevantes.<\/p>\n<h2>Ideario<\/h2>\n<p>Uno de los fines primordiales de la LOGSE es la formaci\u00f3n en el <strong>respeto de los derechos y libertades fundamentales<\/strong>, y el <strong>ejercicio de la tolerancia y de la libertad<\/strong> dentro de los principios democr\u00e1ticos de convivencia.\u00a0A este fin deben contribuir no s\u00f3lo el curr\u00edculum formativo de cada una de las etapas, sino tambi\u00e9n especialmente el R\u00e9gimen de convivencia establecido en los centros docentes.<\/p>\n<p>Los alumnos no deben percibir que las normas de convivencia son ajenas al centro, sino m\u00e1s bien que han sido <strong>elaboradas y adoptadas por el conjunto de la comunidad educativa<\/strong>. En ese sentido, debe potenciarse la autonom\u00eda del centro.<\/p>\n<p>Los derechos reconocidos de a los alumnos en la LODE, se desarrollan en este Real Decreto. Y todo ello es necesario que superando los l\u00edmites de la simple declaraci\u00f3n program\u00e1tica, los alumnos puedan incidir en la vida cotidiana en el centro. Mediante el desarrollo, concreci\u00f3n y adaptaci\u00f3n del RRI a las condiciones especiales del centro, a su proyecto educativo y a las necesidades propias de la edad y madurez personal de sus alumnos.<\/p>\n<p><strong>El deber m\u00e1s importante de los alumnos es el de aprovechar positivamente el puesto escolar que la sociedad pone a su disposici\u00f3n<\/strong>. De ah\u00ed se deduce que el deber del estudio (inter\u00e9s por aprender y asistencia a clase) es la consecuencia del derecho fundamental a la educaci\u00f3n.<\/p>\n<p>El objetivo \u00faltimo que se persigue alcanzar con la colaboraci\u00f3n de todos los sectores de la comunidad educativa es un <strong>marco de convivencia y autoresponsabilidad que haga pr\u00e1cticamente inncesaria la adopci\u00f3n de medidas disciplinarias<\/strong>. En el caso de resultar inevitables, las correcciones deber\u00e1n tener un car\u00e1cter educativo y deber\u00e1n contribuir al proceso general de formaci\u00f3n y recuperaci\u00f3n del alumno.<\/p>\n<h2>Articulado<\/h2>\n<div style=\"width:595px\" id=\"__ss_12649813\"> <strong style=\"display:block;margin:12px 0 4px\"><a href=\"http:\/\/www.slideshare.net\/Miralles\/convivencia-centros-educativos-1\" title=\"Convivencia Centros Educativos 1\" target=\"_blank\">Convivencia Centros Educativos 1<\/a><\/strong> <iframe loading=\"lazy\" src=\"http:\/\/www.slideshare.net\/slideshow\/embed_code\/12649813\" width=\"595\" height=\"497\" frameborder=\"0\" marginwidth=\"0\" marginheight=\"0\" scrolling=\"no\"><\/iframe> <\/p>\n<div style=\"padding:5px 0 12px\"> View more <a href=\"http:\/\/www.slideshare.net\/\" target=\"_blank\">presentations<\/a> from <a href=\"http:\/\/www.slideshare.net\/Miralles\" target=\"_blank\">Miralles<\/a> <\/div>\n<\/p><\/div>\n<h2>El Real Decreto<\/h2>\n<p>Como siempre, disponible desde el <a href=\"http:\/\/renovatorio.wordpress.com\/archivo-de-legislacion-de-conservatorios\/\">Archivo Renovatorio<\/a>:<\/p>\n<p><a style=\"margin: 12px auto 6px auto; font-family: Helvetica,Arial,Sans-serif; font-style: normal; font-variant: normal; font-weight: normal; font-size: 14px; line-height: normal; font-size-adjust: none; font-stretch: normal; -x-system-font: none; display: block; text-decoration: underline;\" title=\"View rd 732_1995 derechos y deberes on Scribd\" href=\"http:\/\/www.scribd.com\/doc\/14123022\/rd-7321995-derechos-y-deberes\">rd 732_1995 derechos y deberes<\/a><iframe loading=\"lazy\" id=\"doc_57779\" src=\"http:\/\/www.scribd.com\/embeds\/14123022\/content?start_page=1&amp;view_mode=list&amp;access_key=key-d7issjsgxlo8htticwq\" frameborder=\"0\" scrolling=\"no\" width=\"100%\" height=\"600\" data-auto-height=\"true\" data-aspect-ratio=\"\"><\/iframe><\/p>\n","protected":false},"excerpt":{"rendered":"<p>Este a\u00f1o fui elegido representante del profesorado en el Consejo Escolar de mi Conservatorio, y en el ejercicio de las funciones como tal pertenezco tambi\u00e9n desde hace poco a la Comisi\u00f3n de Convivencia. As\u00ed que me he puesto las pilas y he empezado a investigar el tema de la convivencia&hellip; <\/p>\n","protected":false},"author":2,"featured_media":0,"comment_status":"open","ping_status":"closed","sticky":false,"template":"","format":"standard","meta":{"jetpack_post_was_ever_published":false,"_jetpack_newsletter_access":"","_jetpack_dont_email_post_to_subs":false,"_jetpack_newsletter_tier_id":0,"_jetpack_memberships_contains_paywalled_content":false,"_jetpack_memberships_contains_paid_content":false,"footnotes":"","jetpack_publicize_message":"","jetpack_publicize_feature_enabled":true,"jetpack_social_post_already_shared":false,"jetpack_social_options":{"image_generator_settings":{"template":"highway","default_image_id":0,"font":"","enabled":false},"version":2}},"categories":[151,40,155,1,43],"tags":[143],"class_list":["post-2754","post","type-post","status-publish","format-standard","hentry","category-evaluacion-calidad-y-formacion","category-lecturas-de-educacion","category-ntw","category-general","category-reflexion-sobre-leyes-y-borradores","tag-convivencia"],"jetpack_publicize_connections":[],"jetpack_featured_media_url":"","jetpack_shortlink":"https:\/\/wp.me\/p74VZt-Iq","jetpack_sharing_enabled":true,"_links":{"self":[{"href":"https:\/\/oysiao.jlmirall.es\/index.php?rest_route=\/wp\/v2\/posts\/2754","targetHints":{"allow":["GET"]}}],"collection":[{"href":"https:\/\/oysiao.jlmirall.es\/index.php?rest_route=\/wp\/v2\/posts"}],"about":[{"href":"https:\/\/oysiao.jlmirall.es\/index.php?rest_route=\/wp\/v2\/types\/post"}],"author":[{"embeddable":true,"href":"https:\/\/oysiao.jlmirall.es\/index.php?rest_route=\/wp\/v2\/users\/2"}],"replies":[{"embeddable":true,"href":"https:\/\/oysiao.jlmirall.es\/index.php?rest_route=%2Fwp%2Fv2%2Fcomments&post=2754"}],"version-history":[{"count":9,"href":"https:\/\/oysiao.jlmirall.es\/index.php?rest_route=\/wp\/v2\/posts\/2754\/revisions"}],"predecessor-version":[{"id":3835,"href":"https:\/\/oysiao.jlmirall.es\/index.php?rest_route=\/wp\/v2\/posts\/2754\/revisions\/3835"}],"wp:attachment":[{"href":"https:\/\/oysiao.jlmirall.es\/index.php?rest_route=%2Fwp%2Fv2%2Fmedia&parent=2754"}],"wp:term":[{"taxonomy":"category","embeddable":true,"href":"https:\/\/oysiao.jlmirall.es\/index.php?rest_route=%2Fwp%2Fv2%2Fcategories&post=2754"},{"taxonomy":"post_tag","embeddable":true,"href":"https:\/\/oysiao.jlmirall.es\/index.php?rest_route=%2Fwp%2Fv2%2Ftags&post=2754"}],"curies":[{"name":"wp","href":"https:\/\/api.w.org\/{rel}","templated":true}]}}