{"id":2773,"date":"2012-05-20T10:45:36","date_gmt":"2012-05-20T08:45:36","guid":{"rendered":"http:\/\/jlmirall.es\/oysiao\/?p=2773"},"modified":"2015-03-10T11:50:51","modified_gmt":"2015-03-10T09:50:51","slug":"nueva-especialidad-vocal-en-los-conservatorios-de-la-comunidad-valenciana-el-cant-valencia","status":"publish","type":"post","link":"https:\/\/oysiao.jlmirall.es\/?p=2773","title":{"rendered":"Nueva especialidad vocal en los Conservatorios de la Comunidad Valenciana: El Cant Valenci\u00e0"},"content":{"rendered":"<p>El pasado 18 de Mayo de ha acordado por Pleno del Consell instar al Ministerio de Educaci\u00f3n, Cultura y Deporte que se formalice el Cant Valenci\u00e0.<\/p>\n<h2>Nota de prensa de la Conseller\u00eda d&#8217;Educaci\u00f3, Formaci\u00f3 i Ocupaci\u00f3 de la Generalitat Valenciana<\/h2>\n<p>La consellera de de Educaci\u00f3n, Formaci\u00f3n y Empleo, Mar\u00eda Jos\u00e9 Catal\u00e0, ha destacado hoy que \u00abse ha acordado por Pleno Consell instar al Ministerio de Educaci\u00f3n, Cultura y Deporte para que se formalice el Cant Valenci\u00e0 y para que se imparta como una especialidad educativa en los Conservatorios Profesionales de M\u00fasica de la Comunitat Valenciana\u00bb.<\/p>\n<p>Catal\u00e0 ha realizado estas manifestaciones tras mantener una reuni\u00f3n, junto con la consellera de Turismo, Cultura y Deporte, Lola Johnson, y con el presidente de la Associaci\u00f3 d&#8217;Estudis del Cant Valenci\u00e0, Manuel Marzal, y otros representantes de este colectivo.<\/p>\n<p>La consellera de Educaci\u00f3n ha indicado que \u00abcon esta iniciativa se logra hacer extensivo la recuperaci\u00f3n algo tan nuestro como es el Cant d&#8217;Estil y tenga adem\u00e1s un reconocimiento desde el punto de vista acad\u00e9mico que hace que las cosas tengan el rigor y la oficialidad y la preservaci\u00f3n que tienen que tener\u00bb.<\/p>\n<p>Por su parte, Jonson ha explicado que desde la conselleria de Cultura \u00abse trabaja desde hace a\u00f1os en la recuperaci\u00f3n de nuestro patrimonio tanto material como inmaterial, como es el caso que nos ocupa, porque entendemos que nuestra historia forma parte del patrimonio de todos los valencianos y nuestra responsabilidad es mantenerlo al mejor nivel posible\u00bb.<\/p>\n<p>\u00abPor tanto, -ha continuado la consellera de Cultura- entendemos que se reclame de forma institucional en Cant Valenci\u00e0 es un paso adelante muy importante, ya que nos da a todos las tranquilidad de hacerlo extensivo para que mucha m\u00e1s gente tenga la oportunidad de conocerlo y practicarlo y para que su pervivencia en las mejoras condiciones posibles est\u00e1 asegurada\u00bb.<\/p>\n<p>Asimismo, Manuel Marzal ha mostrado su satisfacci\u00f3n por lograr \u00abun deseo en el que estamos trabajando desde hacer mucho tiempo en esta Asociaci\u00f3n y que ayuda a consolidar nuestro patrimonio inmaterial, en este caso nuestros cantos populares, d\u00e1ndole un aspecto formal y un car\u00e1cter de reconocimiento oficial al lograrlo introducir en la ense\u00f1anza reglada\u00bb.<\/p>\n<p>El objetivo de esta actuaci\u00f3n es impulsar y dignificar el Cant Valenci\u00e0, as\u00ed como fomentar su conservaci\u00f3n, a trav\u00e9s del estudio, la investigaci\u00f3n, la promoci\u00f3n y la difusi\u00f3n, del cant d&#8217;estil, albaes y de todas las m\u00fasicas valencianas de tradici\u00f3n oral, as\u00ed como sus valores antropol\u00f3gicos, hist\u00f3ricos, sociales y art\u00edsticos.<\/p>\n<p>La creaci\u00f3n de nuevas especialidades tiene que ser adoptada por el Gobierno a instancias de las Comunidades aut\u00f3nomas y, por ello, la conselleria de Educaci\u00f3n, Formaci\u00f3n y Empleo presentar\u00e1 al Ministerio el Cant Valenci\u00e0 para que se incluya, como una nueva especialidad, en el art\u00edculo 4 del Real Decreto 1577\/2006, que se fija los aspectos b\u00e1sicos de las ense\u00f1anzas profesionales de m\u00fasica que se imparten en los conservatorios.<\/p>\n<p>El Cant Valenci\u00e0<\/p>\n<p>El Cant Valenci\u00e0 es una manifestaci\u00f3n cultural de ra\u00edz tradicional y de gran valor hist\u00f3rico y cultural. Se denomina de esta manera a un repertorio de cantos de interpretaci\u00f3n individual usados principalmente por gentes del \u00e1mbito rural o los labradores valencianos y por algunos artesanos de pueblos y ciudades en contextos tales como rondas amorosas, festivas y de quintos y bailes p\u00fablicos y familiares. Este repertorio est\u00e1 constituido por el cant d&#8217;estil propiamente dicho y por les albaes.<\/p>\n<p>El cant d&#8217;estil o can\u00e7ons abarca un conjunto de cantos para ronda o baile, acompa\u00f1ados b\u00e1sicamente por instrumentos de cuerda. Les albaes es la denominaci\u00f3n que se aplica a un canto exclusivamente valenciano acompa\u00f1ado con instrumentos de viento y percusi\u00f3n como la dol\u00e7aina y el tabalet y usado particularmente en rondas nocturnas.<\/p>\n<p>Video de Cant d&#8217;estil que habla del propio Cant d&#8217;estil<br \/>\n<iframe loading=\"lazy\" src=\"http:\/\/www.youtube.com\/embed\/Sfkxa6fkw2o\" frameborder=\"0\" width=\"640\" height=\"480\"><\/iframe><\/p>\n<h2>Nota del Ple del Consell<\/h2>\n<p><a style=\"margin: 12px auto 6px auto; font-family: Helvetica,Arial,Sans-serif; font-style: normal; font-variant: normal; font-weight: normal; font-size: 14px; line-height: normal; font-size-adjust: none; font-stretch: normal; -x-system-font: none; display: block; text-decoration: underline;\" title=\"View 07_Nota_Cant_d'Estil on Scribd\" href=\"http:\/\/www.scribd.com\/doc\/94182013\/07-Nota-Cant-d-Estil\">07_Nota_Cant_d&#8217;Estil<\/a><iframe loading=\"lazy\" id=\"doc_76668\" src=\"http:\/\/www.scribd.com\/embeds\/94182013\/content?start_page=1&amp;view_mode=list&amp;access_key=key-22v4wap7qple5szykpnf\" frameborder=\"0\" scrolling=\"no\" width=\"100%\" height=\"600\" data-auto-height=\"true\" data-aspect-ratio=\"0.706697459584296\"><\/iframe><\/p>\n","protected":false},"excerpt":{"rendered":"<p>El pasado 18 de Mayo de ha acordado por Pleno del Consell instar al Ministerio de Educaci\u00f3n, Cultura y Deporte que se formalice el Cant Valenci\u00e0. Nota de prensa de la Conseller\u00eda d&#8217;Educaci\u00f3, Formaci\u00f3 i Ocupaci\u00f3 de la Generalitat Valenciana La consellera de de Educaci\u00f3n, Formaci\u00f3n y Empleo, Mar\u00eda Jos\u00e9&hellip; <\/p>\n","protected":false},"author":2,"featured_media":0,"comment_status":"open","ping_status":"closed","sticky":false,"template":"","format":"standard","meta":{"jetpack_post_was_ever_published":false,"_jetpack_newsletter_access":"","_jetpack_dont_email_post_to_subs":false,"_jetpack_newsletter_tier_id":0,"_jetpack_memberships_contains_paywalled_content":false,"_jetpack_memberships_contains_paid_content":false,"footnotes":"","jetpack_publicize_message":"","jetpack_publicize_feature_enabled":true,"jetpack_social_post_already_shared":false,"jetpack_social_options":{"image_generator_settings":{"template":"highway","default_image_id":0,"font":"","enabled":false},"version":2}},"categories":[139,155,1],"tags":[59],"class_list":["post-2773","post","type-post","status-publish","format-standard","hentry","category-actualidad-de-la-educacion-musical","category-ntw","category-general","tag-conservatorio"],"jetpack_publicize_connections":[],"jetpack_featured_media_url":"","jetpack_shortlink":"https:\/\/wp.me\/p74VZt-IJ","jetpack_sharing_enabled":true,"_links":{"self":[{"href":"https:\/\/oysiao.jlmirall.es\/index.php?rest_route=\/wp\/v2\/posts\/2773","targetHints":{"allow":["GET"]}}],"collection":[{"href":"https:\/\/oysiao.jlmirall.es\/index.php?rest_route=\/wp\/v2\/posts"}],"about":[{"href":"https:\/\/oysiao.jlmirall.es\/index.php?rest_route=\/wp\/v2\/types\/post"}],"author":[{"embeddable":true,"href":"https:\/\/oysiao.jlmirall.es\/index.php?rest_route=\/wp\/v2\/users\/2"}],"replies":[{"embeddable":true,"href":"https:\/\/oysiao.jlmirall.es\/index.php?rest_route=%2Fwp%2Fv2%2Fcomments&post=2773"}],"version-history":[{"count":6,"href":"https:\/\/oysiao.jlmirall.es\/index.php?rest_route=\/wp\/v2\/posts\/2773\/revisions"}],"predecessor-version":[{"id":3727,"href":"https:\/\/oysiao.jlmirall.es\/index.php?rest_route=\/wp\/v2\/posts\/2773\/revisions\/3727"}],"wp:attachment":[{"href":"https:\/\/oysiao.jlmirall.es\/index.php?rest_route=%2Fwp%2Fv2%2Fmedia&parent=2773"}],"wp:term":[{"taxonomy":"category","embeddable":true,"href":"https:\/\/oysiao.jlmirall.es\/index.php?rest_route=%2Fwp%2Fv2%2Fcategories&post=2773"},{"taxonomy":"post_tag","embeddable":true,"href":"https:\/\/oysiao.jlmirall.es\/index.php?rest_route=%2Fwp%2Fv2%2Ftags&post=2773"}],"curies":[{"name":"wp","href":"https:\/\/api.w.org\/{rel}","templated":true}]}}