{"id":2808,"date":"2012-07-29T12:00:00","date_gmt":"2012-07-29T10:00:00","guid":{"rendered":"http:\/\/jlmirall.es\/oysiao\/?p=2808"},"modified":"2015-03-10T11:50:13","modified_gmt":"2015-03-10T09:50:13","slug":"nueva-version-del-archivo-legislativo-de-conservatorios","status":"publish","type":"post","link":"https:\/\/oysiao.jlmirall.es\/?p=2808","title":{"rendered":"Nueva Versi\u00f3n del Archivo Legislativo de Conservatorios"},"content":{"rendered":"<p>Hace ya casi cuatro a\u00f1os que se public\u00f3 por primera vez un archivo de legislaci\u00f3n especializado en conservatorios de la Comunidad Valenciana. Y lo hac\u00edamos en <a href=\"http:\/\/oysiao.jlmirall.es\/?p=189\">esta entrada<\/a>. Posteriormente, el proyecto personal de un archivo legislativo se uni\u00f3 a al trabajo que ha estado realizando Renovatorio durante todos estos a\u00f1os, ampliando el n\u00famero de disposiciones gestionadas y la informaci\u00f3n de cada una de ellas. El resultado de ese trabajo se puede ver en la siguiente p\u00e1gina de Renovatorio:\u00a0<a href=\"http:\/\/renovatorio.wordpress.com\/archivo-de-legislacion-de-conservatorios\/\">http:\/\/renovatorio.wordpress.com\/archivo-de-legislacion-de-conservatorios\/<\/a>\u00a0El trabajo de Renovatorio es muy extenso en datos y detalles de cada disposici\u00f3n, cosa que lo hac\u00eda un poco farragoso de consultar.<\/p>\n<p>Pero en la acutalidad ha quedado algo desfasado al no incorporarse normas de reciente publicaci\u00f3n o no quitar algunas que han ido quedado derogadas. As\u00ed que de nuevo, he retomado la iniciativa personal y he creado una nueva versi\u00f3n del Archivo Legislativo. M\u00e1s ligera en cuanto a datos visibles de cada texto legal, pero con una organizaci\u00f3n m\u00e1s clara, y mas extensa en cuanto a legislaci\u00f3n.<\/p>\n<p>Los \u00e1mbitos en los que actualmente se organiza son:<\/p>\n<ul>\n<li>Acceso a Ense\u00f1anzas<\/li>\n<li>AMPA y asociaciones de alumnos<\/li>\n<li>Calidad<\/li>\n<li>Centros Privados<\/li>\n<li>Consejos Escolares<\/li>\n<li>Conselleria<\/li>\n<li>Convalidaciones<\/li>\n<li>Convivencia<\/li>\n<li>Curr\u00edculums<\/li>\n<li>Funci\u00f3n P\u00fablica<\/li>\n<li>Leyes Org\u00e1nicas<\/li>\n<li>M\u00fasica<\/li>\n<li>Organizaci\u00f3n y Funcionamiento<\/li>\n<li>Profesorado<\/li>\n<li>Reclamaci\u00f3n Calificaciones<\/li>\n<li>Recortes (Bonus Track)<\/li>\n<li>Riesgos Laborales<\/li>\n<\/ul>\n<p>Como siempre, estar\u00e1 en constante construcci\u00f3n:<\/p>\n<h2 style=\"text-align: center;\"><a href=\"https:\/\/docs.google.com\/folder\/d\/0Byhtrdi1KzqBWHJFejBiaS0wNjQ\/edit\" target=\"_blank\">&gt;&#8212; ARCHIVO LEGISLATIVO CONSERVATORIOS 2.0 &#8212;&lt;<\/a><\/h2>\n","protected":false},"excerpt":{"rendered":"<p>Hace ya casi cuatro a\u00f1os que se public\u00f3 por primera vez un archivo de legislaci\u00f3n especializado en conservatorios de la Comunidad Valenciana. Y lo hac\u00edamos en esta entrada. Posteriormente, el proyecto personal de un archivo legislativo se uni\u00f3 a al trabajo que ha estado realizando Renovatorio durante todos estos a\u00f1os,&hellip; <\/p>\n","protected":false},"author":2,"featured_media":0,"comment_status":"open","ping_status":"closed","sticky":false,"template":"","format":"standard","meta":{"jetpack_post_was_ever_published":false,"_jetpack_newsletter_access":"","_jetpack_dont_email_post_to_subs":false,"_jetpack_newsletter_tier_id":0,"_jetpack_memberships_contains_paywalled_content":false,"_jetpack_memberships_contains_paid_content":false,"footnotes":"","jetpack_publicize_message":"","jetpack_publicize_feature_enabled":true,"jetpack_social_post_already_shared":false,"jetpack_social_options":{"image_generator_settings":{"template":"highway","default_image_id":0,"font":"","enabled":false},"version":2}},"categories":[155,1,43],"tags":[],"class_list":["post-2808","post","type-post","status-publish","format-standard","hentry","category-ntw","category-general","category-reflexion-sobre-leyes-y-borradores"],"jetpack_publicize_connections":[],"jetpack_featured_media_url":"","jetpack_shortlink":"https:\/\/wp.me\/p74VZt-Ji","jetpack_sharing_enabled":true,"_links":{"self":[{"href":"https:\/\/oysiao.jlmirall.es\/index.php?rest_route=\/wp\/v2\/posts\/2808","targetHints":{"allow":["GET"]}}],"collection":[{"href":"https:\/\/oysiao.jlmirall.es\/index.php?rest_route=\/wp\/v2\/posts"}],"about":[{"href":"https:\/\/oysiao.jlmirall.es\/index.php?rest_route=\/wp\/v2\/types\/post"}],"author":[{"embeddable":true,"href":"https:\/\/oysiao.jlmirall.es\/index.php?rest_route=\/wp\/v2\/users\/2"}],"replies":[{"embeddable":true,"href":"https:\/\/oysiao.jlmirall.es\/index.php?rest_route=%2Fwp%2Fv2%2Fcomments&post=2808"}],"version-history":[{"count":6,"href":"https:\/\/oysiao.jlmirall.es\/index.php?rest_route=\/wp\/v2\/posts\/2808\/revisions"}],"predecessor-version":[{"id":3557,"href":"https:\/\/oysiao.jlmirall.es\/index.php?rest_route=\/wp\/v2\/posts\/2808\/revisions\/3557"}],"wp:attachment":[{"href":"https:\/\/oysiao.jlmirall.es\/index.php?rest_route=%2Fwp%2Fv2%2Fmedia&parent=2808"}],"wp:term":[{"taxonomy":"category","embeddable":true,"href":"https:\/\/oysiao.jlmirall.es\/index.php?rest_route=%2Fwp%2Fv2%2Fcategories&post=2808"},{"taxonomy":"post_tag","embeddable":true,"href":"https:\/\/oysiao.jlmirall.es\/index.php?rest_route=%2Fwp%2Fv2%2Ftags&post=2808"}],"curies":[{"name":"wp","href":"https:\/\/api.w.org\/{rel}","templated":true}]}}