{"id":2814,"date":"2012-07-30T18:31:52","date_gmt":"2012-07-30T16:31:52","guid":{"rendered":"http:\/\/jlmirall.es\/oysiao\/?p=2814"},"modified":"2015-03-10T11:50:10","modified_gmt":"2015-03-10T09:50:10","slug":"profesores-de-instituto-rechazan-integracion-horario-con-conservatorio","status":"publish","type":"post","link":"https:\/\/oysiao.jlmirall.es\/?p=2814","title":{"rendered":"Profesores de instituto rechazan integraci\u00f3n horario con Conservatorio"},"content":{"rendered":"<p> Hace pocos meses habl\u00e1bamos en este blog de la iniciativa de la Comunidad de Murcia para integrar los horarios de dos conservatorios profesionales de m\u00fasica con sus institutos de educaci\u00f3n secund\u00e1ria m\u00e1s cercanos.<br \/>\n<a href=\"http:\/\/href=\"http:\/\/oysiao.jlmirall.es\/?p=2746\">Art\u00edculo de Oysiao para ampliar<\/a><\/p>\n<p> Pero hoy acaba de salir publicada un noticia en \u00abLa Verdad\u00bb de Murcia, indicando que los profesores del instituo \u00abBen Arab\u00ed\u00bb se niegan a implantar este programa. La raz\u00f3n que argumenta el profesorado es la \u00abfalta de espacio\u00bb para articular dicha medida, mientras que el APA del centro recuerda que no es necesario espacio ninguno puesto que se da el caso de que ambos centros (conservatorio e instituto) est\u00e1n separados unicamente por una valla, y se pueden utilizar las instalaciones del conservatorio.<\/p>\n<p>Aqu\u00ed la noticia para tener m\u00e1s detalles:<br \/>\n<a href=\"http:\/\/www.laverdad.es\/murcia\/v\/20120730\/cartagena\/padres-conservatorio-musica-piden-20120730.html\">Texto de la noticia<\/a><\/p>\n<p> Uno de los principales problemas del alumnado de conservatorio es la dificultad de compatibilizaci\u00f3n de horarios con las ense\u00f1anzas de r\u00e9gimen general, sin que terminen todo el d\u00eda de clase en clase y de centro en centro, y apenas tiempo libre para estudiar en casa o sociabilizarse con los amigos, as\u00ed que todo esfuerzo es necesario para poder solventar este problema end\u00e9mico de nuestras ense\u00f1anzas que poco o nada ha evolucionado en los \u00faltimos a\u00f1os.<\/p>\n<div style=\"text-align: right; font-size: small; clear: both;\" id=\"blogsy_footer\"><a href=\"http:\/\/blogsyapp.com\" target=\"_blank\"><img loading=\"lazy\" decoding=\"async\" src=\"http:\/\/blogsyapp.com\/images\/blogsy_footer_icon.png\" alt=\"Publicat amb Blogsy\" style=\"vertical-align: middle; margin-right: 5px;\" width=\"20\" height=\"20\" \/>Publicat amb Blogsy<\/a><\/div>\n","protected":false},"excerpt":{"rendered":"<p>Hace pocos meses habl\u00e1bamos en este blog de la iniciativa de la Comunidad de Murcia para integrar los horarios de dos conservatorios profesionales de m\u00fasica con sus institutos de educaci\u00f3n secund\u00e1ria m\u00e1s cercanos.<\/p>\n","protected":false},"author":2,"featured_media":0,"comment_status":"open","ping_status":"closed","sticky":false,"template":"","format":"standard","meta":{"jetpack_post_was_ever_published":false,"_jetpack_newsletter_access":"","_jetpack_dont_email_post_to_subs":false,"_jetpack_newsletter_tier_id":0,"_jetpack_memberships_contains_paywalled_content":false,"_jetpack_memberships_contains_paid_content":false,"footnotes":"","jetpack_publicize_message":"","jetpack_publicize_feature_enabled":true,"jetpack_social_post_already_shared":false,"jetpack_social_options":{"image_generator_settings":{"template":"highway","default_image_id":0,"font":"","enabled":false},"version":2}},"categories":[155,1],"tags":[71,59,74],"class_list":["post-2814","post","type-post","status-publish","format-standard","hentry","category-ntw","category-general","tag-actualidad","tag-conservatorio","tag-educacion"],"jetpack_publicize_connections":[],"jetpack_featured_media_url":"","jetpack_shortlink":"https:\/\/wp.me\/p74VZt-Jo","jetpack_sharing_enabled":true,"_links":{"self":[{"href":"https:\/\/oysiao.jlmirall.es\/index.php?rest_route=\/wp\/v2\/posts\/2814","targetHints":{"allow":["GET"]}}],"collection":[{"href":"https:\/\/oysiao.jlmirall.es\/index.php?rest_route=\/wp\/v2\/posts"}],"about":[{"href":"https:\/\/oysiao.jlmirall.es\/index.php?rest_route=\/wp\/v2\/types\/post"}],"author":[{"embeddable":true,"href":"https:\/\/oysiao.jlmirall.es\/index.php?rest_route=\/wp\/v2\/users\/2"}],"replies":[{"embeddable":true,"href":"https:\/\/oysiao.jlmirall.es\/index.php?rest_route=%2Fwp%2Fv2%2Fcomments&post=2814"}],"version-history":[{"count":5,"href":"https:\/\/oysiao.jlmirall.es\/index.php?rest_route=\/wp\/v2\/posts\/2814\/revisions"}],"predecessor-version":[{"id":3556,"href":"https:\/\/oysiao.jlmirall.es\/index.php?rest_route=\/wp\/v2\/posts\/2814\/revisions\/3556"}],"wp:attachment":[{"href":"https:\/\/oysiao.jlmirall.es\/index.php?rest_route=%2Fwp%2Fv2%2Fmedia&parent=2814"}],"wp:term":[{"taxonomy":"category","embeddable":true,"href":"https:\/\/oysiao.jlmirall.es\/index.php?rest_route=%2Fwp%2Fv2%2Fcategories&post=2814"},{"taxonomy":"post_tag","embeddable":true,"href":"https:\/\/oysiao.jlmirall.es\/index.php?rest_route=%2Fwp%2Fv2%2Ftags&post=2814"}],"curies":[{"name":"wp","href":"https:\/\/api.w.org\/{rel}","templated":true}]}}