{"id":2898,"date":"2012-10-03T11:09:23","date_gmt":"2012-10-03T09:09:23","guid":{"rendered":"http:\/\/jlmirall.es\/oysiao\/?p=2898"},"modified":"2015-03-10T11:49:24","modified_gmt":"2015-03-10T09:49:24","slug":"las-ensenanzas-artisticas-superiores-seguiran-degradadas-lo-vas-a-permitir","status":"publish","type":"post","link":"https:\/\/oysiao.jlmirall.es\/?p=2898","title":{"rendered":"Las Ense\u00f1anzas Art\u00edsticas Superiores seguir\u00e1n DEGRADADAS \u00bflo vas a permitir?"},"content":{"rendered":"<p>Teletipo que la agencia EFE ha enviado a los distintos medios:<\/p>\n<blockquote>\n<p align=\"center\"><strong>El grado de ense\u00f1anzas art\u00edsticas pasar\u00e1 a llamarse \u00abt\u00edtulo superior\u00bb ENSE\u00d1ANZAS ART\u00cdSTICA<\/strong><\/p>\n<p style=\"text-align: justify;\" align=\"center\">Madrid, 30 sep (EFE).- Los estudios actuales de \u00abGraduado de Ense\u00f1anzas Art\u00edsticas Superiores\u00bb pasar\u00e1n a llamarse \u00abT\u00edtulo Superior\u00bb, en consonancia con las sentencias del Tribunal Supremo que rechazan aquella denominaci\u00f3n, pero conservar\u00e1n su contenido y nivel de cualificaci\u00f3n.<\/p>\n<p style=\"text-align: justify;\">En una respuesta parlamentaria, el Ejecutivo entiende que el Supremo no anula las titulaciones correspondiente a las ense\u00f1anzas art\u00edsticas, ni la\u00a0condici\u00f3n de estudios superiores, sino que se limita a \u00abprohibir\u00bb el t\u00e9rmino \u00abgrado\u00bb por considerarlo \u00abexclusivo\u00bb de los universitarios.\u00a0Explica que las sentencias \u00abs\u00f3lo inciden\u00bb en que debe dejar de emplearse el t\u00e9rmino \u00abgrado\u00bb y ser simplemente \u00abT\u00edtulo Superior de Ense\u00f1anzas Art\u00edsticas\u00bb, con el mismo contenido formativo y nivel de cualificaci\u00f3n, por lo que ser\u00e1 preciso adaptar el anexo del Marco Espa\u00f1ol de Cualificaciones Profesionales.<\/p>\n<p style=\"text-align: justify;\">Ya en estos momentos, y tras los fallos judiciales, donde dice \u00abT\u00edtulo de Graduado de las Ense\u00f1anzas Art\u00edsticas Superiores\u00bb debe entenderse ahora la referencia hecha al t\u00edtulo superior, dice la respuesta.\u00a0\u00abNo debe existir la menor duda -enfatiza el Gobierno- de que las ense\u00f1anzas art\u00edsticas superiores forman parte de la educaci\u00f3n superior, ya que as\u00ed est\u00e1 establecido en la Ley Org\u00e1nica de Educaci\u00f3n\u00bb. EFE<\/p>\n<\/blockquote>\n<p style=\"text-align: justify;\">A ver, <strong>\u00bfsomos grado o no somos grado?<\/strong>\u00a0\u00bfCu\u00e1ntos quebraderos de cabeza nos ha tra\u00eddo la situaci\u00f3n de la equivalencias desde la LOGSE (d\u00f3nde se supone que se arregl\u00f3 todo por que \u00e9ramos equivalentes)?. \u00bfLa LOE lo arregl\u00f3?<\/p>\n<p style=\"text-align: justify;\">El \u00faltimo ejemplo de consecuencia de vivir de equivalencias lo tenemos en las bolsas de trabajo de Catalu\u00f1a, <a title=\"La Generalitat de Catalunya no considera equivalentes los T\u00edtulos Superiores a los Universitarios (como es l\u00f3gico)\" href=\"http:\/\/oysiao.jlmirall.es\/?p=2867\">\u00bfsabes que una carrera art\u00edstica no cuenta NADA?<\/a><\/p>\n<p style=\"text-align: justify;\">En Galicia se est\u00e1n moviendo de forma clara y con voz un\u00e1nime para exigir una soluci\u00f3n:\u00a0<a href=\"http:\/\/www.farodevigo.es\/gran-vigo\/2012\/10\/03\/conservatorio-escuela-arte-dramatico-inauguran-curso-aviso-protestas\/690428.html\">http:\/\/www.farodevigo.es\/gran-vigo\/2012\/10\/03\/conservatorio-escuela-arte-dramatico-inauguran-curso-aviso-protestas\/690428.html<\/a><\/p>\n<p>En Andaluc\u00eda tambi\u00e9n tienen bastante clara cu\u00e1l es la soluci\u00f3n: <a href=\"http:\/\/www.malagahoy.es\/article\/malaga\/1361230\/conservatorio\/superior\/reclama\/su\/adscripcion\/la\/uma.html\">http:\/\/www.malagahoy.es\/article\/malaga\/1361230\/conservatorio\/superior\/reclama\/su\/adscripcion\/la\/uma.html<\/a><\/p>\n<p>Las Universidades Privadas saben que el futuro est\u00e1 en la Universidad, tanto <a title=\"Berklee VLC impartir\u00e1 Masters Universitarios Oficiales en convenio con la UPV\" href=\"http:\/\/oysiao.jlmirall.es\/?p=2834\">Berklee Valencia<\/a>, como la <a href=\"http:\/\/www.escuela-tai.com\/cursos\/grados-oficiales-universitarios\">Escuela de Artes TAI<\/a>, se mueven en ese sentido.<\/p>\n<p><strong>AHORA MISMO, la Plataforma por la Integraci\u00f3n de las Ense\u00f1anzas Art\u00edsticas Superiores en el Sistema Universitario es la \u00daNICA OPORTUNIDAD que tenemos en Espa\u00f1a de arreglar esta situaci\u00f3n.\u00a0<\/strong><\/p>\n<p>No queremos parches, no queremos medias tintas, <strong>queremos el Grado\u00a0<\/strong>(y nadie lo reclama con m\u00e1s fuerza que nosotros), queremos ser miembros de pleno derecho en el Espacio Europeo de Educaci\u00f3n Superior, que nuestras carreras no se consideren <strong>ni inferiores ni equivalentes, sino IGUALES.<\/strong><\/p>\n<p style=\"text-align: center;\"><em>\u00bfVas a permitir que un nuevo parche que no arregla nada se instaure durante no sabemos cuantos a\u00f1os m\u00e1s?<\/em><\/p>\n<p>Aqu\u00ed tienes la web de la Plataforma d\u00f3nde explicamos las reuniones con el Ministerio que estamos teniendo:\u00a0<a href=\"http:\/\/www.eeaassuniversidad.guidoblogs.org\/?page_id=184\">http:\/\/www.eeaassuniversidad.guidoblogs.org\/?page_id=184<\/a><\/p>\n<p>y aqu\u00ed, la p\u00e1gina de firmas que es la que nos da fuerza en las negociaciones con el ministerio:\u00a0<a href=\"http:\/\/www.change.org\/es\/peticiones\/una-oportunidad-historica-para-las-ense\u00f1anzas-artisticas-superiores\">http:\/\/www.change.org\/es\/peticiones\/una-oportunidad-historica-para-las-ense\u00f1anzas-artisticas-superiores<\/a><\/p>\n<p>No lo dudes, ay\u00fadanos a difundir la campa\u00f1a, si crees que las Ense\u00f1anzas Art\u00edsticas Superiores deben ser IGUALES al resto de Grados Universitarios.<\/p>\n<p style=\"text-align: center;\"><strong>Estamos ante una oportunidad hist\u00f3rica, y de ti depende hacia d\u00f3nde vaya la historia.<\/strong><\/p>\n<p style=\"text-align: center;\"><a href=\" http:\/\/www.eeaassuniversidad.guidoblogs.org\"><img loading=\"lazy\" decoding=\"async\" class=\"wp-image-2731 aligncenter\" title=\"logo plataforma\" src=\"http:\/\/oysiao.jlmirall.es\/wp-content\/uploads\/2012\/03\/logo-plataforma.png\" alt=\"\" width=\"742\" height=\"323\" srcset=\"https:\/\/oysiao.jlmirall.es\/wp-content\/uploads\/2012\/03\/logo-plataforma.png 1237w, https:\/\/oysiao.jlmirall.es\/wp-content\/uploads\/2012\/03\/logo-plataforma-300x130.png 300w, https:\/\/oysiao.jlmirall.es\/wp-content\/uploads\/2012\/03\/logo-plataforma-1024x446.png 1024w\" sizes=\"auto, (max-width: 742px) 100vw, 742px\" \/><\/a><\/p>\n<p>&nbsp;<\/p>\n<p>&nbsp;<\/p>\n","protected":false},"excerpt":{"rendered":"<p>Teletipo que la agencia EFE ha enviado a los distintos medios: El grado de ense\u00f1anzas art\u00edsticas pasar\u00e1 a llamarse \u00abt\u00edtulo superior\u00bb ENSE\u00d1ANZAS ART\u00cdSTICA Madrid, 30 sep (EFE).- Los estudios actuales de \u00abGraduado de Ense\u00f1anzas Art\u00edsticas Superiores\u00bb pasar\u00e1n a llamarse \u00abT\u00edtulo Superior\u00bb, en consonancia con las sentencias del Tribunal Supremo que&hellip; <\/p>\n","protected":false},"author":2,"featured_media":0,"comment_status":"open","ping_status":"closed","sticky":false,"template":"","format":"standard","meta":{"jetpack_post_was_ever_published":false,"_jetpack_newsletter_access":"","_jetpack_dont_email_post_to_subs":false,"_jetpack_newsletter_tier_id":0,"_jetpack_memberships_contains_paywalled_content":false,"_jetpack_memberships_contains_paid_content":false,"footnotes":"","jetpack_publicize_message":"","jetpack_publicize_feature_enabled":true,"jetpack_social_post_already_shared":false,"jetpack_social_options":{"image_generator_settings":{"template":"highway","default_image_id":0,"font":"","enabled":false},"version":2}},"categories":[139,155,1],"tags":[133,59,74,67,62,112,88,63,87,64,84,61],"class_list":["post-2898","post","type-post","status-publish","format-standard","hentry","category-actualidad-de-la-educacion-musical","category-ntw","category-general","tag-bolonia","tag-conservatorio","tag-educacion","tag-eeaass","tag-eees","tag-europa","tag-isea","tag-legislacion","tag-loe","tag-mec","tag-reivindicaciones","tag-superior"],"jetpack_publicize_connections":[],"jetpack_featured_media_url":"","jetpack_shortlink":"https:\/\/wp.me\/p74VZt-KK","jetpack_sharing_enabled":true,"_links":{"self":[{"href":"https:\/\/oysiao.jlmirall.es\/index.php?rest_route=\/wp\/v2\/posts\/2898","targetHints":{"allow":["GET"]}}],"collection":[{"href":"https:\/\/oysiao.jlmirall.es\/index.php?rest_route=\/wp\/v2\/posts"}],"about":[{"href":"https:\/\/oysiao.jlmirall.es\/index.php?rest_route=\/wp\/v2\/types\/post"}],"author":[{"embeddable":true,"href":"https:\/\/oysiao.jlmirall.es\/index.php?rest_route=\/wp\/v2\/users\/2"}],"replies":[{"embeddable":true,"href":"https:\/\/oysiao.jlmirall.es\/index.php?rest_route=%2Fwp%2Fv2%2Fcomments&post=2898"}],"version-history":[{"count":9,"href":"https:\/\/oysiao.jlmirall.es\/index.php?rest_route=\/wp\/v2\/posts\/2898\/revisions"}],"predecessor-version":[{"id":3688,"href":"https:\/\/oysiao.jlmirall.es\/index.php?rest_route=\/wp\/v2\/posts\/2898\/revisions\/3688"}],"wp:attachment":[{"href":"https:\/\/oysiao.jlmirall.es\/index.php?rest_route=%2Fwp%2Fv2%2Fmedia&parent=2898"}],"wp:term":[{"taxonomy":"category","embeddable":true,"href":"https:\/\/oysiao.jlmirall.es\/index.php?rest_route=%2Fwp%2Fv2%2Fcategories&post=2898"},{"taxonomy":"post_tag","embeddable":true,"href":"https:\/\/oysiao.jlmirall.es\/index.php?rest_route=%2Fwp%2Fv2%2Ftags&post=2898"}],"curies":[{"name":"wp","href":"https:\/\/api.w.org\/{rel}","templated":true}]}}