{"id":2925,"date":"2012-10-09T13:30:51","date_gmt":"2012-10-09T11:30:51","guid":{"rendered":"http:\/\/jlmirall.es\/oysiao\/?p=2925"},"modified":"2015-03-10T11:49:08","modified_gmt":"2015-03-10T09:49:08","slug":"sabes-como-se-estan-desarrollando-las-conversaciones-sobre-las-eeaass-con-el-ministerio","status":"publish","type":"post","link":"https:\/\/oysiao.jlmirall.es\/?p=2925","title":{"rendered":"\u00bfSabes c\u00f3mo se est\u00e1n desarrollando las conversaciones sobre las EEAASS con el Ministerio?"},"content":{"rendered":"<p style=\"text-align: justify;\"><a href=\"http:\/\/oysiao.jlmirall.es\/wp-content\/uploads\/2012\/03\/logo-plataforma.png\"><img loading=\"lazy\" decoding=\"async\" class=\"aligncenter  wp-image-2731\" title=\"logo plataforma\" src=\"http:\/\/oysiao.jlmirall.es\/wp-content\/uploads\/2012\/03\/logo-plataforma-1024x446.png\" alt=\"\" width=\"614\" height=\"268\" srcset=\"https:\/\/oysiao.jlmirall.es\/wp-content\/uploads\/2012\/03\/logo-plataforma-1024x446.png 1024w, https:\/\/oysiao.jlmirall.es\/wp-content\/uploads\/2012\/03\/logo-plataforma-300x130.png 300w, https:\/\/oysiao.jlmirall.es\/wp-content\/uploads\/2012\/03\/logo-plataforma.png 1237w\" sizes=\"auto, (max-width: 614px) 100vw, 614px\" \/><\/a>Est\u00e1 a punto de salir la LOMCE, y gracias a la primera reuni\u00f3n que tuvo la <a href=\"http:\/\/www.eeaassuniversidad.guidoblogs.org\">Plataforma por la Integraci\u00f3n de las Ense\u00f1anzas Art\u00edsticas Superiores en el Sistema Universitario<\/a>,\u00a0en el documento de aportaciones que hizo p\u00fablico el Ministerio <a href=\"http:\/\/oysiao.jlmirall.es\/?p=2871\">aparecieron nuestras propuestas<\/a>.<\/p>\n<p style=\"text-align: justify;\">La <strong>primera reuni\u00f3n<\/strong> mantenida se produjo el 20-07-2012 y fue entre el Ministerio (Secretaria de Estado de Educaci\u00f3n, Formaci\u00f3n Profesional y Universidades y Director General de Evaluaci\u00f3n y Cooperaci\u00f3n Territorial) y dos representantes de la Plataforma. Aqu\u00ed puede consultar el informe de dicha reuni\u00f3n: <a href=\"https:\/\/docs.google.com\/open?id=0Byhtrdi1KzqBdzI1dzdVMjlUNGM\">Informe reuni\u00f3n 20-07-2012.<\/a><\/p>\n<p style=\"text-align: justify;\">La <strong>segunda reuni\u00f3n<\/strong>\u00a0que se produjo ya fue entre representantes del Ministerio, ACESEA, Decanos de Bellas Artes y la Plataforma. Aqu\u00ed se puede consultar el informe de dicha reuni\u00f3n: <a href=\"https:\/\/docs.google.com\/open?id=0Byhtrdi1KzqBNFRaZkh2UV9SYU0\">Informe reuni\u00f3n 20-09-2012<\/a>.<\/p>\n<p style=\"text-align: justify;\">Por \u00faltimo, la <strong>tercera reuni\u00f3n<\/strong>, mantenida hasta la fecha se produjo con dos miembros de ACESEA, dos de la Plataforma, uno de la Universidad (el otro no pudo asistir), dos asesores del ministerio, y el Director General de Evaluaci\u00f3n y Cooperaci\u00f3n Territorial: <a href=\"https:\/\/docs.google.com\/open?id=0Byhtrdi1KzqBc0ZjMnFmMkpqeDg\">Informe reuni\u00f3n 28-09-2012<\/a>.<\/p>\n<p style=\"text-align: justify;\">Para <strong>la pr\u00f3xima reuni\u00f3n<\/strong>, que tendr\u00e1 lugar el mi\u00e9rcoles 10 de Octubre de 2012, el Ministerio ha propuesto unos temas de debate. Y en la l\u00ednea de la Plataforma de fomentar la transparencia durante todo el proceso de conversaciones con el Ministerio y ACESEA, para as\u00ed poder hacer part\u00edcipes a toda la Comunidad Educativa de las EEAASS hacemos p\u00fablicas nuestras reflexiones sobre los elementos de debate que se han propuesto por parte del Ministerio. A las cuales os agradecemos cualquier comentario constructivo que se os ocurra.<\/p>\n<p><iframe loading=\"lazy\" src=\"https:\/\/docs.google.com\/file\/d\/0Byhtrdi1KzqBcU9LeGlHOHBIRTA\/preview\" width=\"840\" height=\"680\"><\/iframe><\/p>\n","protected":false},"excerpt":{"rendered":"<p>Est\u00e1 a punto de salir la LOMCE, y gracias a la primera reuni\u00f3n que tuvo la Plataforma por la Integraci\u00f3n de las Ense\u00f1anzas Art\u00edsticas Superiores en el Sistema Universitario,\u00a0en el documento de aportaciones que hizo p\u00fablico el Ministerio aparecieron nuestras propuestas. La primera reuni\u00f3n mantenida se produjo el 20-07-2012 y&hellip; <\/p>\n","protected":false},"author":2,"featured_media":0,"comment_status":"open","ping_status":"closed","sticky":false,"template":"","format":"standard","meta":{"jetpack_post_was_ever_published":false,"_jetpack_newsletter_access":"","_jetpack_dont_email_post_to_subs":false,"_jetpack_newsletter_tier_id":0,"_jetpack_memberships_contains_paywalled_content":false,"_jetpack_memberships_contains_paid_content":false,"footnotes":"","jetpack_publicize_message":"","jetpack_publicize_feature_enabled":true,"jetpack_social_post_already_shared":false,"jetpack_social_options":{"image_generator_settings":{"template":"highway","default_image_id":0,"font":"","enabled":false},"version":2}},"categories":[139,155,1],"tags":[133,59,74,67,62,112,88,63,87,64,84,61],"class_list":["post-2925","post","type-post","status-publish","format-standard","hentry","category-actualidad-de-la-educacion-musical","category-ntw","category-general","tag-bolonia","tag-conservatorio","tag-educacion","tag-eeaass","tag-eees","tag-europa","tag-isea","tag-legislacion","tag-loe","tag-mec","tag-reivindicaciones","tag-superior"],"jetpack_publicize_connections":[],"jetpack_featured_media_url":"","jetpack_shortlink":"https:\/\/wp.me\/p74VZt-Lb","jetpack_sharing_enabled":true,"_links":{"self":[{"href":"https:\/\/oysiao.jlmirall.es\/index.php?rest_route=\/wp\/v2\/posts\/2925","targetHints":{"allow":["GET"]}}],"collection":[{"href":"https:\/\/oysiao.jlmirall.es\/index.php?rest_route=\/wp\/v2\/posts"}],"about":[{"href":"https:\/\/oysiao.jlmirall.es\/index.php?rest_route=\/wp\/v2\/types\/post"}],"author":[{"embeddable":true,"href":"https:\/\/oysiao.jlmirall.es\/index.php?rest_route=\/wp\/v2\/users\/2"}],"replies":[{"embeddable":true,"href":"https:\/\/oysiao.jlmirall.es\/index.php?rest_route=%2Fwp%2Fv2%2Fcomments&post=2925"}],"version-history":[{"count":12,"href":"https:\/\/oysiao.jlmirall.es\/index.php?rest_route=\/wp\/v2\/posts\/2925\/revisions"}],"predecessor-version":[{"id":3687,"href":"https:\/\/oysiao.jlmirall.es\/index.php?rest_route=\/wp\/v2\/posts\/2925\/revisions\/3687"}],"wp:attachment":[{"href":"https:\/\/oysiao.jlmirall.es\/index.php?rest_route=%2Fwp%2Fv2%2Fmedia&parent=2925"}],"wp:term":[{"taxonomy":"category","embeddable":true,"href":"https:\/\/oysiao.jlmirall.es\/index.php?rest_route=%2Fwp%2Fv2%2Fcategories&post=2925"},{"taxonomy":"post_tag","embeddable":true,"href":"https:\/\/oysiao.jlmirall.es\/index.php?rest_route=%2Fwp%2Fv2%2Ftags&post=2925"}],"curies":[{"name":"wp","href":"https:\/\/api.w.org\/{rel}","templated":true}]}}