{"id":31,"date":"2008-06-23T21:52:47","date_gmt":"2008-06-23T19:52:47","guid":{"rendered":"http:\/\/oysiao.wordpress.com\/?p=31"},"modified":"2015-03-10T11:56:39","modified_gmt":"2015-03-10T09:56:39","slug":"la-nit-de-san-joan","status":"publish","type":"post","link":"https:\/\/oysiao.jlmirall.es\/?p=31","title":{"rendered":"La nit de Sant Joan"},"content":{"rendered":"<p><a title=\"nochedesanjuanindex\" href=\"http:\/\/www.flickr.com\/photos\/26978600@N07\/4162117535\/\"><img decoding=\"async\" class=\"alignleft\" style=\"float: left;\" src=\"http:\/\/farm3.static.flickr.com\/2502\/4162117535_5ed025f9a0_m.jpg\" alt=\"nochedesanjuanindex\" \/><\/a><br \/>\nEsta noche no hablar\u00e9 directamente con Sant Joan. Esta noche no hay hogueras para mi. Cierro as\u00ed un ciclo de 3 a\u00f1os seguidos visit\u00e1ndole en esta noche. Para bien o para mal, Sant Joan, en la nit de les fogueres siempre me hizo caso. Siempre me prometi\u00f3 lo que, de manera no-ego\u00edsta, ped\u00ed; y as\u00ed fue que adem\u00e1s, cada a\u00f1o, me dec\u00eda al instante lo que provocar\u00eda mi petici\u00f3n.<\/p>\n<p>Este a\u00f1o &#8230;<!--more-->no puede ser. No me puedo permitir ir a una cita que casi se hab\u00eda convertido en sagrada. Pero que no hayan hogueras, que no salte el fuego, que no entre en el agua a las 12 en punto, no significa que haya perdido mi comunicaci\u00f3n con San Juan. igualmente le voy a pedir un deseo.<\/p>\n<p>Ya que a pesar de que no vaya este a\u00f1o a las hogueras, sabe que no me olvido de la cita. Todos los a\u00f1os, la noche de Sant Joan ha sido siempre muy especial para mi. Ha marcado finales de \u00e9poca, inicios de otra. En un principio la de hoy no tiene absolutamente nada que ver con lo que pens\u00e9 en un principio, es m\u00e1s, ya casi hasta se me hab\u00eda pasado lo de Sant Joan. Pero a pesar de todo, este a\u00f1o igualmente voy a pedir deseo. Como no ir\u00e9 hasta all\u00ed, Sant Joan no estar\u00e1 obligado a cumpl\u00edrmelo, pero&#8230;<\/p>\n<p>no obstante, le voy a recordar que le compuse una obra. Un concierto para piano y orquesta, nada m\u00e1s y nada menos. Cuatro movimientos, dedicados cada uno a un elemento (fuego, agua, tierra y aire) y a varias leyendas sobre esta noche.<\/p>\n<p>El primero, (sonido horrible de m\u00e1quina, pero es lo que hay, sorry).<\/p>\n\n<blockquote><p>Un gigante moro de tres torsos persigue a Pirene, la hija del rey, ahora muerto, para desposarla y convertirse en el nuevo rey. Ella huye a las monta\u00f1as, y el gigante al no encontrarla las incendia. Desde entonces, a esas monta\u00f1as se les conoce como los Pirineos.<\/p><\/blockquote>\n<p>El segundo<\/p>\n\n<blockquote><p>durante la noche de Sant Joan, una catedral oscura, de culto al Maligno, emerge de entre las aguas. los reflejos fatuos de su resplandor atraviesan las aguas. sus ritos, de voces falsamente angelicales, se oyen en la lejan\u00eda&#8230;<\/p><\/blockquote>\n<p>El final del cuarto<\/p>\n\n<p>S&#8217;ha acabat lo de no voler desitjar res!<br \/>\n<em>desitge que l&#8217;&#8230;<\/em><\/p>\n","protected":false},"excerpt":{"rendered":"<p>Esta noche no hablar\u00e9 directamente con Sant Joan. Esta noche no hay hogueras para mi. Cierro as\u00ed un ciclo de 3 a\u00f1os seguidos visit\u00e1ndole en esta noche. Para bien o para mal, Sant Joan, en la nit de les fogueres siempre me hizo caso. Siempre me prometi\u00f3 lo que, de&hellip; <\/p>\n","protected":false},"author":2,"featured_media":0,"comment_status":"open","ping_status":"open","sticky":false,"template":"","format":"standard","meta":{"jetpack_post_was_ever_published":false,"_jetpack_newsletter_access":"","_jetpack_dont_email_post_to_subs":false,"_jetpack_newsletter_tier_id":0,"_jetpack_memberships_contains_paywalled_content":false,"_jetpack_memberships_contains_paid_content":false,"footnotes":"","jetpack_publicize_message":"","jetpack_publicize_feature_enabled":true,"jetpack_social_post_already_shared":false,"jetpack_social_options":{"image_generator_settings":{"template":"highway","default_image_id":0,"font":"","enabled":false},"version":2}},"categories":[155,41,1],"tags":[66,54,55],"class_list":["post-31","post","type-post","status-publish","format-standard","hentry","category-ntw","category-opos-y-lo-que-sigue","category-general","tag-composicion","tag-opos","tag-personal"],"jetpack_publicize_connections":[],"jetpack_featured_media_url":"","jetpack_shortlink":"https:\/\/wp.me\/p74VZt-v","jetpack_sharing_enabled":true,"_links":{"self":[{"href":"https:\/\/oysiao.jlmirall.es\/index.php?rest_route=\/wp\/v2\/posts\/31","targetHints":{"allow":["GET"]}}],"collection":[{"href":"https:\/\/oysiao.jlmirall.es\/index.php?rest_route=\/wp\/v2\/posts"}],"about":[{"href":"https:\/\/oysiao.jlmirall.es\/index.php?rest_route=\/wp\/v2\/types\/post"}],"author":[{"embeddable":true,"href":"https:\/\/oysiao.jlmirall.es\/index.php?rest_route=\/wp\/v2\/users\/2"}],"replies":[{"embeddable":true,"href":"https:\/\/oysiao.jlmirall.es\/index.php?rest_route=%2Fwp%2Fv2%2Fcomments&post=31"}],"version-history":[{"count":6,"href":"https:\/\/oysiao.jlmirall.es\/index.php?rest_route=\/wp\/v2\/posts\/31\/revisions"}],"predecessor-version":[{"id":3670,"href":"https:\/\/oysiao.jlmirall.es\/index.php?rest_route=\/wp\/v2\/posts\/31\/revisions\/3670"}],"wp:attachment":[{"href":"https:\/\/oysiao.jlmirall.es\/index.php?rest_route=%2Fwp%2Fv2%2Fmedia&parent=31"}],"wp:term":[{"taxonomy":"category","embeddable":true,"href":"https:\/\/oysiao.jlmirall.es\/index.php?rest_route=%2Fwp%2Fv2%2Fcategories&post=31"},{"taxonomy":"post_tag","embeddable":true,"href":"https:\/\/oysiao.jlmirall.es\/index.php?rest_route=%2Fwp%2Fv2%2Ftags&post=31"}],"curies":[{"name":"wp","href":"https:\/\/api.w.org\/{rel}","templated":true}]}}