{"id":3142,"date":"2013-02-07T10:51:57","date_gmt":"2013-02-07T08:51:57","guid":{"rendered":"http:\/\/jlmirall.es\/oysiao\/?p=3142"},"modified":"2015-03-10T11:48:23","modified_gmt":"2015-03-10T09:48:23","slug":"la-xunta-de-galicia-demuestra-su-ignorancia-legislativa-respecto-a-las-ensenanzas-artisticas-superiores","status":"publish","type":"post","link":"https:\/\/oysiao.jlmirall.es\/?p=3142","title":{"rendered":"La Xunta de Galicia demuestra su ignorancia legislativa respecto a las Ense\u00f1anzas Art\u00edsticas Superiores"},"content":{"rendered":"<p style=\"text-align: justify;\">Gracias a las <a href=\"http:\/\/www.eeaassuniversidad.guidoblogs.org\/?page_id=184\">reuniones<\/a> que se han mantenido desde la <a href=\"http:\/\/www.eeaassuniversidad.guidoblogs.org\">Plataforma por la Integraci\u00f3n de las Ense\u00f1anzas Art\u00edsticas Superiores en el Sistema Universitario<\/a> con el Ministerio de Educaci\u00f3n en la redacci\u00f3n de los sucesivos borradores de la LOMCE se ha conseguido que \u00abla batalla por la universiad\u00bb de las Ense\u00f1anzas Art\u00edsticas Superiores tuviera su peque\u00f1o \u00e9xito al conseguir que se incluya este art\u00edculo en la \u00faltima versi\u00f3n de la LOMCE:<\/p>\n<blockquote><p>Los centros de ense\u00f1anzas art\u00edsticas superiores se podr\u00e1n adscribir mediante convenio a las universidades seg\u00fan lo indicado en el art\u00edculo 11 de la Ley Org\u00e1nica 6\/2001, de 21 de diciembre, de Universidades<\/p><\/blockquote>\n<p style=\"text-align: justify;\">Con lo que ahora mismo, los esfuerzos por la integraci\u00f3n Universitaria se est\u00e1n llevando a cabo desde la perspectiva auton\u00f3mica, siendo los centros gallegos los m\u00e1s avanzados en esta materia, con su campa\u00f1a de firma que puedes apoyar desde aqu\u00ed:<\/p>\n<h2><a href=\"http:\/\/oysiao.jlmirall.es\/wp-content\/uploads\/2013\/02\/tuijEtcixLncvXt-556x313-noPad.jpg\"><img loading=\"lazy\" decoding=\"async\" class=\"alignleft\" title=\"tuijEtcixLncvXt-556x313-noPad\" src=\"http:\/\/oysiao.jlmirall.es\/wp-content\/uploads\/2013\/02\/tuijEtcixLncvXt-556x313-noPad-300x168.jpg\" alt=\"\" width=\"180\" height=\"101\" \/><\/a><a href=\"https:\/\/www.change.org\/es\/peticiones\/integraci\u00f3n-das-ensinanzas-art%C3%ADsticas-superiores-na-universidade-galega\">&#8211;&gt;Integraci\u00f3n das ensinanzas art\u00edsticas superiores na universidade galega &lt;&#8211;<\/a><\/h2>\n<p>&nbsp;<\/p>\n<p>&nbsp;<\/p>\n<p>Sin embargo, <a href=\"http:\/\/www.farodevigo.es\/gran-vigo\/2013\/02\/01\/escuelas-artisticas-superiores-urgen-estatus-universitario-alumnos\/750171.html\">las reiteradas reclamaciones p\u00fablicas de integraci\u00f3n universitaria<\/a> de las comunidades educativas de todos los centros de Ense\u00f1anzas Art\u00edsticas Superiores gallegos han provocado el enfado de la Xunta de Galicia, que confundiendo <a href=\"http:\/\/www.xatakaciencia.com\/biologia\/churras-y-merinas\">churras con merinas<\/a>, insiste en que\u00a0<a href=\"http:\/\/www.abc.es\/agencias\/noticia.asp?noticia=1345866\">ni les va ni les viene<\/a> y que <a href=\"http:\/\/www.xunta.es\/notas-de-prensa\/-\/nova\/5385\/xunta-cre-que-directores-centros-ensino-superior-artistico-confunden-sociedade\">los directores de los centros est\u00e1n confundiendo a la sociedad<\/a>.<\/p>\n<p>Nada m\u00e1s alejado de la realidad. As\u00ed responde <a href=\"http:\/\/asociacion-acre.com\">ACRE<\/a>\u00a0(la asociaci\u00f3n de Conservadores y Restauradores de Espa\u00f1a)\u00a0al \u00a0comunicado de la Xunta de Galicia:<\/p>\n<blockquote>\n<p style=\"text-align: justify;\"><span style=\"font-size: large;\">El t\u00edtulo lo dice todo: \u00ab<em>A Xunta cre que os directores de Centros de Ensino Superior Art\u00edstico confunden \u00e1 sociedade coas s\u00faas esixencias<\/em>\u00bb, el contenido es un juicio de intenciones sin el menor atisbo de explicaci\u00f3n de la tesis que defienden. Mienten con alevos\u00eda cuando afirman: \u00ab<em>conducen \u00e1 obtenci\u00f3n dun t\u00edtulo superior equivalente a todos os efectos ao de grao universitario<\/em>\u00bb puesto que en el siguiente p\u00e1rrafo dicen: \u00ab<em>Posteriormente, en 2012, ser\u00eda o Tribunal Supremo o que anular\u00eda parcialmente o referido decreto deixando claro que a denominaci\u00f3n e reco\u00f1ecemento correcto deses estudios era a recollida na LOE\u00bb\u00a0<\/em>vuelven a mentir y a contradecirse cuando afirman:\u00ab<em>a LOMCE, xustamente para evitar confusi\u00f3ns, ten previsto reforzar ese car\u00e1cter equivalente pero non universitario de este tipo de estudios\u00bb<\/em><span style=\"font-size: large;\">.<\/span>\u00a0<span style=\"font-size: large;\">En el art\u00edculo p<\/span>resumen del dinero que \u201c<span style=\"text-decoration: underline;\">dan<\/span>\u201d a estas ense\u00f1anzas como si fuera de ellos sin analizar el fondo del asunto:\u00a0<strong>el\u00a0<span style=\"font-size: large;\">futuro de los al<span style=\"font-size: large;\">u<span style=\"font-size: large;\">mnos.<\/span><\/span><\/span><\/strong><\/span><\/p>\n<\/blockquote>\n","protected":false},"excerpt":{"rendered":"<p>Gracias a las reuniones que se han mantenido desde la Plataforma por la Integraci\u00f3n de las Ense\u00f1anzas Art\u00edsticas Superiores en el Sistema Universitario con el Ministerio de Educaci\u00f3n en la redacci\u00f3n de los sucesivos borradores de la LOMCE se ha conseguido que \u00abla batalla por la universiad\u00bb de las Ense\u00f1anzas&hellip; <\/p>\n","protected":false},"author":2,"featured_media":0,"comment_status":"open","ping_status":"closed","sticky":false,"template":"","format":"standard","meta":{"jetpack_post_was_ever_published":false,"_jetpack_newsletter_access":"","_jetpack_dont_email_post_to_subs":false,"_jetpack_newsletter_tier_id":0,"_jetpack_memberships_contains_paywalled_content":false,"_jetpack_memberships_contains_paid_content":false,"footnotes":"","jetpack_publicize_message":"","jetpack_publicize_feature_enabled":true,"jetpack_social_post_already_shared":false,"jetpack_social_options":{"image_generator_settings":{"template":"highway","default_image_id":0,"font":"","enabled":false},"version":2}},"categories":[139,32,155,1],"tags":[133,59,74,67,62,112,88,63,87,64,84,61],"class_list":["post-3142","post","type-post","status-publish","format-standard","hentry","category-actualidad-de-la-educacion-musical","category-bolonia-y-conservatorios","category-ntw","category-general","tag-bolonia","tag-conservatorio","tag-educacion","tag-eeaass","tag-eees","tag-europa","tag-isea","tag-legislacion","tag-loe","tag-mec","tag-reivindicaciones","tag-superior"],"jetpack_publicize_connections":[],"jetpack_featured_media_url":"","jetpack_shortlink":"https:\/\/wp.me\/p74VZt-OG","jetpack_sharing_enabled":true,"_links":{"self":[{"href":"https:\/\/oysiao.jlmirall.es\/index.php?rest_route=\/wp\/v2\/posts\/3142","targetHints":{"allow":["GET"]}}],"collection":[{"href":"https:\/\/oysiao.jlmirall.es\/index.php?rest_route=\/wp\/v2\/posts"}],"about":[{"href":"https:\/\/oysiao.jlmirall.es\/index.php?rest_route=\/wp\/v2\/types\/post"}],"author":[{"embeddable":true,"href":"https:\/\/oysiao.jlmirall.es\/index.php?rest_route=\/wp\/v2\/users\/2"}],"replies":[{"embeddable":true,"href":"https:\/\/oysiao.jlmirall.es\/index.php?rest_route=%2Fwp%2Fv2%2Fcomments&post=3142"}],"version-history":[{"count":7,"href":"https:\/\/oysiao.jlmirall.es\/index.php?rest_route=\/wp\/v2\/posts\/3142\/revisions"}],"predecessor-version":[{"id":3684,"href":"https:\/\/oysiao.jlmirall.es\/index.php?rest_route=\/wp\/v2\/posts\/3142\/revisions\/3684"}],"wp:attachment":[{"href":"https:\/\/oysiao.jlmirall.es\/index.php?rest_route=%2Fwp%2Fv2%2Fmedia&parent=3142"}],"wp:term":[{"taxonomy":"category","embeddable":true,"href":"https:\/\/oysiao.jlmirall.es\/index.php?rest_route=%2Fwp%2Fv2%2Fcategories&post=3142"},{"taxonomy":"post_tag","embeddable":true,"href":"https:\/\/oysiao.jlmirall.es\/index.php?rest_route=%2Fwp%2Fv2%2Ftags&post=3142"}],"curies":[{"name":"wp","href":"https:\/\/api.w.org\/{rel}","templated":true}]}}