{"id":4047,"date":"2013-12-07T12:10:34","date_gmt":"2013-12-07T10:10:34","guid":{"rendered":"http:\/\/jlmirall.es\/oysiao\/?p=4047"},"modified":"2015-03-18T11:54:41","modified_gmt":"2015-03-18T09:54:41","slug":"quiero-ir-al-coleinsti-al-conservatorio-y-tener-tiempo-para-mi","status":"publish","type":"post","link":"https:\/\/oysiao.jlmirall.es\/?p=4047","title":{"rendered":"\u00abQuiero ir al Cole\/Insti, al Conservatorio y tener tiempo para mi\u00bb"},"content":{"rendered":"<p style=\"text-align: justify;\">Como profesor de conservatorio muchas veces <strong>noto que he de competir con otros profesores de colegio e instituto por las horas de estudio de mis alumnos<\/strong>. El trabajo exigido desde un conservatorio es muy duro, y no todo el mundo es capaz de hacerlo. No voy a caer en el simplismo de que tocar un instrumento es m\u00e1s dif\u00edcil que mates, o que requiere de m\u00e1s horas de estudio que conocimiento del medio. Tampoco voy a insinuar que estudiar para un examen de piano, es m\u00e1s exigente que para uno de Qu\u00edmica. Pero lo que s\u00ed quiero dejar claro son dos cosas:<\/p>\n<ul style=\"text-align: justify;\">\n<li>Estudiar un instrumento musical requiere indispensablemente de un trabajo y constancia diarios.<\/li>\n<li>Los alumnos actuales no tienen tiempo suficiente para poder realizar todas las tareas del colegio o el instituto, y adem\u00e1s poder estudiar todas las horas necesarias diariamente con su instrumento musical, m\u00e1s todos los deberes del resto de asignaturas del conservatorio, una vez han terminado la carga lectiva diaria.<\/li>\n<\/ul>\n<p style=\"text-align: justify;\">La cultura popular juvenil ya ha hecho sus \u00abmemes\u00bb sobre la tem\u00e1tica de la falta de tiempo debido a los estudios. Tenemos el cl\u00e1sico ejemplo con est\u00e9tica \u00abCuanto Cabr\u00f3n\u00bb:<\/p>\n<p style=\"text-align: justify;\"><a href=\"http:\/\/oysiao.jlmirall.es\/wp-content\/uploads\/2013\/12\/tumblr_lu90rft7e21qcmqd8o1_1280.png\"><img loading=\"lazy\" decoding=\"async\" class=\"wp-image-4048 aligncenter\" src=\"http:\/\/oysiao.jlmirall.es\/wp-content\/uploads\/2013\/12\/tumblr_lu90rft7e21qcmqd8o1_1280.png\" alt=\"tumblr_lu90rft7e21qcmqd8o1_1280\" width=\"440\" height=\"574\" srcset=\"https:\/\/oysiao.jlmirall.es\/wp-content\/uploads\/2013\/12\/tumblr_lu90rft7e21qcmqd8o1_1280.png 550w, https:\/\/oysiao.jlmirall.es\/wp-content\/uploads\/2013\/12\/tumblr_lu90rft7e21qcmqd8o1_1280-229x300.png 229w\" sizes=\"auto, (max-width: 440px) 100vw, 440px\" \/><\/a>Tambi\u00e9n tenemos otra versi\u00f3n, m\u00e1s cient\u00edfica que la anterior y que incluye el estado perfecto de Jedi, en formato diagrama de Venn:<\/p>\n<p><a href=\"http:\/\/oysiao.jlmirall.es\/wp-content\/uploads\/2013\/12\/Being_25503d_2954798.jpg\"><img loading=\"lazy\" decoding=\"async\" class=\"wp-image-4049 aligncenter\" src=\"http:\/\/oysiao.jlmirall.es\/wp-content\/uploads\/2013\/12\/Being_25503d_2954798.jpg\" alt=\"Being_25503d_2954798\" width=\"328\" height=\"328\" srcset=\"https:\/\/oysiao.jlmirall.es\/wp-content\/uploads\/2013\/12\/Being_25503d_2954798.jpg 780w, https:\/\/oysiao.jlmirall.es\/wp-content\/uploads\/2013\/12\/Being_25503d_2954798-150x150.jpg 150w, https:\/\/oysiao.jlmirall.es\/wp-content\/uploads\/2013\/12\/Being_25503d_2954798-300x300.jpg 300w, https:\/\/oysiao.jlmirall.es\/wp-content\/uploads\/2013\/12\/Being_25503d_2954798-330x330.jpg 330w\" sizes=\"auto, (max-width: 328px) 100vw, 328px\" \/><\/a><\/p>\n<p style=\"text-align: justify;\">Y hemos de tener en cuenta que los anteriores memes est\u00e1n dise\u00f1ados por personas que no estudian m\u00fasica en un conservatorio, intentan reflejar la realidad de alumnos normales que no tiene una sobrecarga lectiva. As\u00ed que no puede ser dif\u00edcil deducir que <strong>la carga lectiva + horas de estudio de un alumno de Conservatorio roza lo inhumano<\/strong>. Y creo que ahora m\u00e1s que antes, cuando parece que se est\u00e1n intensificando la cantidad de deberes y trabajos que se mandan desde el colegio o instituto. Por otra parte existe un movimiento global que se empieza a cuestionar la efectividad de los deberes en casa, diciendo que suelen ser operaciones demasiado repetitivas y poco significativas, los trabajos que se suelen mandar, o incluso est\u00e1n los que defienden que los deberes ser\u00edan para hacerlos en clase y derivar la instrucci\u00f3n para casa (mediante tecnolog\u00eda), como es el caso del movimiento del Blended-Learning (el <a href=\"http:\/\/www.theflippedclassroom.es\">Flipped-Clasrrooms<\/a> que est\u00e1 llegando poco a poco a Espa\u00f1a, es solo la primera parte de esto). La aplicaci\u00f3n del Blended Learning en las aulas, considero que mejorar\u00e1 la calidad de la ense\u00f1anza y aprendizaje en las aulas, pero al mismo tiempo, liberar\u00e1 de carga de deberes a los alumnos, asunto important\u00edsimo para los que se estudian m\u00fasica. En el siguiente video se explica brevemente en qu\u00e9 consiste el Blended-Learning<\/p>\n<p><iframe loading=\"lazy\" src=\"\/\/player.vimeo.com\/video\/78871778?portrait=0\" width=\"800\" height=\"450\" frameborder=\"0\" allowfullscreen=\"allowfullscreen\"><\/iframe><\/p>\n<p><a href=\"http:\/\/vimeo.com\/78871778\">What is Blended Learning?<\/a> from <a href=\"http:\/\/vimeo.com\/learningaccelerator\">The Learning Accelerator<\/a> on <a href=\"https:\/\/vimeo.com\">Vimeo<\/a>.<\/p>\n<p><span style=\"text-align: justify;\">Pero independientemente de la cuesti\u00f3n de la cantidad de deberes, hay algo que tampoco deber\u00eda ser as\u00ed; muchas veces, <strong>los alumnos terminan de asistir a la suma de todas las horas de clase muy tarde como para ponerse a hacer todos los deberes<\/strong>. Y esto ya es un grave problema,&#8230;<\/span><\/p>\n<p style=\"text-align: justify;\">Hoy me he encontrado la\u00a0<a href=\"http:\/\/blog.educalab.es\/cniie\/2013\/12\/05\/v-concurso-escolar-de-horarios\/\">convocatoria del V concurso Escolar de Horarios<\/a> organizado por la Comisi\u00f3n Nacional para la\u00a0la Racionalizaci\u00f3n de los Horarios\u00a0Espa\u00f1oles y su Normalizaci\u00f3n con los dem\u00e1s pa\u00edses de la UE y\u00a0la <a href=\"http:\/\/www.horariosenespana.es\">Asociaci\u00f3n para la Racionalizaci\u00f3n de los Horarios Espa\u00f1oles<\/a>. El concurso est\u00e1 dirigido a alumnos de primaria y secundaria (en diferentes categor\u00edas) para que hablen principalmente de lo que les gustar\u00eda hacer con sus padres si estos terminaran antes del trabajo. Pero pensando en mis alumnos del conservatorio, pienso que a muchas veces,<strong> terminar\u00e1n antes sus padres del trabajo, que ellos del conservatorio<\/strong>. \u00bfQu\u00e9 se podr\u00eda hacer al respecto?<\/p>\n<p style=\"text-align: justify;\">Ya lo he comentado muchas veces, las soluciones para que los alumnos no pasen todo el d\u00eda en el cole\/insti y toda la tarde en el conservatorio son principalmente dos:<\/p>\n<ul>\n<li><a href=\"http:\/\/renovatorio.wordpress.com\/secciones\/convalidaciones\/introduccion\/\">Los Centros Integrados<\/a><\/li>\n<li><a href=\"http:\/\/oysiao.jlmirall.es\/?p=2746\">Los Horarios Integrados<\/a><\/li>\n<\/ul>\n<p>En un <a href=\"http:\/\/oysiao.jlmirall.es\/?p=2746\">art\u00edculo de Renovatorio<\/a> se comentaba lo siguiente sobre los Centros Integrados:<\/p>\n<blockquote><p>Para el alumnado de estos centros, la carga lectiva que supone la simultaneidad de las ense\u00f1anzas de r\u00e9gimen general con las ense\u00f1anzas art\u00edsticas, exige un esfuerzo adicional considerable. Recientemente, se han creado los llamados Centros Integrados que facilitan la compaginaci\u00f3n de ambos estudios, en los que se imparten ambas ense\u00f1anzas de manera coordinada.<\/p>\n<p>Actualmente, la Comunidad Valenciana tiene cuatro centros integrados, todos ellos en la provincia de Valencia, los cuales no satisfacen la demanda existente. Dada la evidente falta de este tipo de centros, otras v\u00edas para facilitar la simultaneidad de estas ense\u00f1anzas son las convalidaciones establecidas por la Conselleria que afectan a las materias optativas de la E.S.O y el Bachillerato.<\/p><\/blockquote>\n<p>Y Murcia ya <a href=\"http:\/\/oysiao.jlmirall.es\/?p=2746\">est\u00e1 experimentando<\/a> con los Horario Integrados:<\/p>\n<blockquote><p>aprovechando las ubicaciones de sus conservatorios (Cartagena y Murcia) cercanas a dos Institutos de Educaci\u00f3n Secundaria (IES \u201cBen Arab\u00ed\u201d y IES \u201cEl Carmen\u201d) han implantado el Programa Horarios Integrados con el objeto de mejorar el rendimiento del alumnado que cursa simult\u00e1neamente las Ense\u00f1anzas Profesiones de M\u00fasica y Educaci\u00f3n Secundaria combin\u00e1ndolas en:\u00a0<strong>una jornada escolar continua de ma\u00f1ana.\u00a0<\/strong>Reduciendo al m\u00ednimo el horario lectivo de tarde en el conservatorio.<\/p><\/blockquote>\n<p style=\"text-align: justify;\">As\u00ed que me pregunto yo, \u00bfy si muchos alumnos de conservatorios participaran en este concurso de horarios y explicaran la problem\u00e1tica a\u00f1adida del alumnado de conservatorio, conseguir\u00edamos llamar la atenci\u00f3n para<strong> crear m\u00e1s medidas de conciliaci\u00f3n, primero escolar, y luego familiar<\/strong>?<\/p>\n<p style=\"text-align: justify;\">Yo voy a animar a mis alumnos a participar en el concurso, que defiendan que sus padres salgan antes del trabajo, pero al mismo tiempo que a ellos les permitan tener un horario m\u00e1s racional. Y cuantos m\u00e1s alumnos de conservatorios participen en esta convocatoria mayor ser\u00e1 la repercusi\u00f3n de esta problem\u00e1tica.<\/p>\n<h3 style=\"text-align: center;\"><em>\u00bfvas a hacer lo mismo con los tuyos? \u00bflo vas a proponer a tus compa\u00f1eros de trabajo?<\/em><\/h3>\n<p style=\"text-align: justify;\">Aqu\u00ed tienes las bases del concurso:<\/p>\n<p style=\"text-align: justify;\"><a href=\"http:\/\/oysiao.jlmirall.es\/wp-content\/uploads\/2013\/12\/Captura-de-pantalla-2013-12-07-a-les-10.51.42.png\"><img loading=\"lazy\" decoding=\"async\" class=\"alignleft  wp-image-4050\" src=\"http:\/\/oysiao.jlmirall.es\/wp-content\/uploads\/2013\/12\/Captura-de-pantalla-2013-12-07-a-les-10.51.42.png\" alt=\"Captura de pantalla 2013-12-07 a les 10.51.42\" width=\"869\" height=\"617\" srcset=\"https:\/\/oysiao.jlmirall.es\/wp-content\/uploads\/2013\/12\/Captura-de-pantalla-2013-12-07-a-les-10.51.42.png 1241w, https:\/\/oysiao.jlmirall.es\/wp-content\/uploads\/2013\/12\/Captura-de-pantalla-2013-12-07-a-les-10.51.42-300x212.png 300w, https:\/\/oysiao.jlmirall.es\/wp-content\/uploads\/2013\/12\/Captura-de-pantalla-2013-12-07-a-les-10.51.42-1024x726.png 1024w\" sizes=\"auto, (max-width: 869px) 100vw, 869px\" \/><\/a> <a href=\"http:\/\/oysiao.jlmirall.es\/wp-content\/uploads\/2013\/12\/Captura-de-pantalla-2013-12-07-a-les-10.51.57.png\"><img loading=\"lazy\" decoding=\"async\" class=\"alignleft  wp-image-4051\" src=\"http:\/\/oysiao.jlmirall.es\/wp-content\/uploads\/2013\/12\/Captura-de-pantalla-2013-12-07-a-les-10.51.57.png\" alt=\"Captura de pantalla 2013-12-07 a les 10.51.57\" width=\"867\" height=\"611\" srcset=\"https:\/\/oysiao.jlmirall.es\/wp-content\/uploads\/2013\/12\/Captura-de-pantalla-2013-12-07-a-les-10.51.57.png 1238w, https:\/\/oysiao.jlmirall.es\/wp-content\/uploads\/2013\/12\/Captura-de-pantalla-2013-12-07-a-les-10.51.57-300x211.png 300w, https:\/\/oysiao.jlmirall.es\/wp-content\/uploads\/2013\/12\/Captura-de-pantalla-2013-12-07-a-les-10.51.57-1024x722.png 1024w\" sizes=\"auto, (max-width: 867px) 100vw, 867px\" \/><\/a><\/p>\n","protected":false},"excerpt":{"rendered":"<p>Como profesor de conservatorio muchas veces noto que he de competir con otros profesores de colegio e instituto por las horas de estudio de mis alumnos. El trabajo exigido desde un conservatorio es muy duro, y no todo el mundo es capaz de hacerlo. No voy a caer en el&hellip; <\/p>\n","protected":false},"author":2,"featured_media":0,"comment_status":"open","ping_status":"closed","sticky":false,"template":"","format":"standard","meta":{"jetpack_post_was_ever_published":false,"_jetpack_newsletter_access":"","_jetpack_dont_email_post_to_subs":false,"_jetpack_newsletter_tier_id":0,"_jetpack_memberships_contains_paywalled_content":false,"_jetpack_memberships_contains_paid_content":false,"footnotes":"","jetpack_publicize_message":"","jetpack_publicize_feature_enabled":true,"jetpack_social_post_already_shared":true,"jetpack_social_options":{"image_generator_settings":{"template":"highway","default_image_id":0,"font":"","enabled":false},"version":2}},"categories":[44,1,140],"tags":[],"class_list":["post-4047","post","type-post","status-publish","format-standard","hentry","category-critica-constructiva-a-un-conservatorio","category-general","category-reivindicaciones-y-conservatorios"],"jetpack_publicize_connections":[],"jetpack_featured_media_url":"","jetpack_shortlink":"https:\/\/wp.me\/p74VZt-13h","jetpack_sharing_enabled":true,"_links":{"self":[{"href":"https:\/\/oysiao.jlmirall.es\/index.php?rest_route=\/wp\/v2\/posts\/4047","targetHints":{"allow":["GET"]}}],"collection":[{"href":"https:\/\/oysiao.jlmirall.es\/index.php?rest_route=\/wp\/v2\/posts"}],"about":[{"href":"https:\/\/oysiao.jlmirall.es\/index.php?rest_route=\/wp\/v2\/types\/post"}],"author":[{"embeddable":true,"href":"https:\/\/oysiao.jlmirall.es\/index.php?rest_route=\/wp\/v2\/users\/2"}],"replies":[{"embeddable":true,"href":"https:\/\/oysiao.jlmirall.es\/index.php?rest_route=%2Fwp%2Fv2%2Fcomments&post=4047"}],"version-history":[{"count":5,"href":"https:\/\/oysiao.jlmirall.es\/index.php?rest_route=\/wp\/v2\/posts\/4047\/revisions"}],"predecessor-version":[{"id":4369,"href":"https:\/\/oysiao.jlmirall.es\/index.php?rest_route=\/wp\/v2\/posts\/4047\/revisions\/4369"}],"wp:attachment":[{"href":"https:\/\/oysiao.jlmirall.es\/index.php?rest_route=%2Fwp%2Fv2%2Fmedia&parent=4047"}],"wp:term":[{"taxonomy":"category","embeddable":true,"href":"https:\/\/oysiao.jlmirall.es\/index.php?rest_route=%2Fwp%2Fv2%2Fcategories&post=4047"},{"taxonomy":"post_tag","embeddable":true,"href":"https:\/\/oysiao.jlmirall.es\/index.php?rest_route=%2Fwp%2Fv2%2Ftags&post=4047"}],"curies":[{"name":"wp","href":"https:\/\/api.w.org\/{rel}","templated":true}]}}