{"id":4085,"date":"2014-01-06T11:47:45","date_gmt":"2014-01-06T09:47:45","guid":{"rendered":"http:\/\/jlmirall.es\/oysiao\/?p=4085"},"modified":"2015-03-10T11:46:38","modified_gmt":"2015-03-10T09:46:38","slug":"la-transicion-profesional-del-bailarin-y-las-cualificaciones-profesionales-en-artes-escenicas","status":"publish","type":"post","link":"https:\/\/oysiao.jlmirall.es\/?p=4085","title":{"rendered":"La transici\u00f3n profesional del bailar\u00edn y las cualificaciones profesionales en artes esc\u00e9nicas."},"content":{"rendered":"<p>En este blog se ha hablado bastante del tema, aqu\u00ed algunas referencias para refrescar ideas o conocerlas por primera vez:<\/p>\n<ul>\n<li>Explicaci\u00f3n de la problem\u00e1tica:\u00a0<a href=\"http:\/\/oysiao.jlmirall.es\/?p=1703\">http:\/\/oysiao.jlmirall.es\/?p=1703<\/a><\/li>\n<li>Explicaci\u00f3n del funcionamiento del cat\u00e1logo del INCUAL:\u00a0<a href=\"http:\/\/oysiao.jlmirall.es\/?p=1709\">http:\/\/oysiao.jlmirall.es\/?p=1709<\/a><\/li>\n<li>Desarrollo de la Jornada de Danza-T en Valencia:\u00a0<a href=\"http:\/\/oysiao.jlmirall.es\/?p=3209\">http:\/\/oysiao.jlmirall.es\/?p=3209<\/a><\/li>\n<\/ul>\n<p>Y a ra\u00edz de todas las jornadas que como la de Valencia se han ido desarrollando por todo el territorio espa\u00f1ol se ha llegado a una nueva jornada de trabajo que tendr\u00e1 lugar el pr\u00f3ximo 23 de Enero en el Auditorio del Ministerio de Educaci\u00f3n, Cultura y Deporte.<\/p>\n<p style=\"text-align: center;\"><a href=\"http:\/\/oysiao.jlmirall.es\/wp-content\/uploads\/2014\/01\/Captura-de-pantalla-2014-01-06-a-les-10.32.11.png\"><img loading=\"lazy\" decoding=\"async\" class=\" wp-image-4086 aligncenter\" alt=\"Captura de pantalla 2014-01-06 a les 10.32.11\" src=\"http:\/\/oysiao.jlmirall.es\/wp-content\/uploads\/2014\/01\/Captura-de-pantalla-2014-01-06-a-les-10.32.11.png\" width=\"381\" height=\"212\" srcset=\"https:\/\/oysiao.jlmirall.es\/wp-content\/uploads\/2014\/01\/Captura-de-pantalla-2014-01-06-a-les-10.32.11.png 1059w, https:\/\/oysiao.jlmirall.es\/wp-content\/uploads\/2014\/01\/Captura-de-pantalla-2014-01-06-a-les-10.32.11-300x167.png 300w, https:\/\/oysiao.jlmirall.es\/wp-content\/uploads\/2014\/01\/Captura-de-pantalla-2014-01-06-a-les-10.32.11-1024x570.png 1024w\" sizes=\"auto, (max-width: 381px) 100vw, 381px\" \/><\/a><\/p>\n<p style=\"text-align: justify;\">Esta jornada est\u00e1 abierta a todo el que quiera participar, y para ello deber\u00e1 realizar una inscripci\u00f3n previa: <a href=\"https:\/\/docs.google.com\/forms\/d\/1f9BsUriKvUBRDlkJax1_LTj4VpWg-AyIHtBavmdSByQ\/viewform#start=invite\">Enlace a la inscripci\u00f3n.<\/a><\/p>\n<p style=\"text-align: justify;\">Tambi\u00e9n existe un documento de introducci\u00f3n muy interesante para la jornada de trabajo, realizado con el apoyo financiero de la Uni\u00f3n Europea, el Ministerio de Educaci\u00f3n, Cultura y Deporte, as\u00ed como la colaboraci\u00f3n de Danza-T y otras entidades relacionadas. Pinchando en la imagen acceder\u00e1s al documento:<\/p>\n<p style=\"text-align: center;\"><a href=\"http:\/\/www.fia-actors.com\/uploads\/Dancers-Handbook_ES.pdf\"><img loading=\"lazy\" decoding=\"async\" class=\" wp-image-4087 aligncenter\" alt=\"Captura de pantalla 2014-01-06 a les 10.38.59\" src=\"http:\/\/oysiao.jlmirall.es\/wp-content\/uploads\/2014\/01\/Captura-de-pantalla-2014-01-06-a-les-10.38.59.png\" width=\"293\" height=\"386\" srcset=\"https:\/\/oysiao.jlmirall.es\/wp-content\/uploads\/2014\/01\/Captura-de-pantalla-2014-01-06-a-les-10.38.59.png 489w, https:\/\/oysiao.jlmirall.es\/wp-content\/uploads\/2014\/01\/Captura-de-pantalla-2014-01-06-a-les-10.38.59-228x300.png 228w\" sizes=\"auto, (max-width: 293px) 100vw, 293px\" \/><\/a><\/p>\n<p style=\"text-align: justify;\">La presentaci\u00f3n del documento, que a continuaci\u00f3n transcribo, por parte de <a href=\"http:\/\/es.wikipedia.org\/wiki\/Jos\u00e9_Carlos_Mart%C3%ADnez_(bailar%C3%ADn)\">Jos\u00e9 Carlos Mart\u00ednez<\/a> (director art\u00edstico de la Compa\u00f1\u00eda Nacional de Danza) nos da una idea de la importancia de este tema.<\/p>\n<div title=\"Page 3\">\n<div>\n<div>\n<blockquote>\n<p style=\"text-align: justify;\"><a href=\"http:\/\/oysiao.jlmirall.es\/wp-content\/uploads\/2014\/01\/timthumb.php_.jpeg\"><img loading=\"lazy\" decoding=\"async\" class=\"alignleft  wp-image-4089\" alt=\"timthumb.php\" src=\"http:\/\/oysiao.jlmirall.es\/wp-content\/uploads\/2014\/01\/timthumb.php_.jpeg\" width=\"283\" height=\"155\" srcset=\"https:\/\/oysiao.jlmirall.es\/wp-content\/uploads\/2014\/01\/timthumb.php_.jpeg 786w, https:\/\/oysiao.jlmirall.es\/wp-content\/uploads\/2014\/01\/timthumb.php_-300x164.jpeg 300w\" sizes=\"auto, (max-width: 283px) 100vw, 283px\" \/><\/a>Tras vivir al 100 por 100 mi pasi\u00f3n por la danza y haber bailado durante 25 a\u00f1os en la \u00f3pera de Par\u00eds, lleg\u00f3 la hora de dejar los escenarios (en la \u00d3pera de Par\u00eds el \u201cretiro\u201d oficial es a los 42 a\u00f1os).<\/p>\n<p style=\"text-align: justify;\">En mi caso, la experiencia adquirida, la notoriedad y mis ganas de explorar otros campos dentro del mundo de la danza (coreograf\u00eda, ense\u00f1anza, gesti\u00f3n de mi propia compa\u00f1\u00eda) me ha permitido tener una \u201csegunda vida\u201d dentro de la danza como director de la Compa\u00f1\u00eda Nacional de Danza.<\/p>\n<p style=\"text-align: justify;\">El porcentaje de bailarines que sigue un camino parecido al m\u00edo es m\u00ednimo y para la mayor\u00eda de ellos el momento de dejar los escenarios es sin\u00f3nimo de vac\u00edo (la dureza y la disciplina que exige el trabajo de una compa\u00f1\u00eda profesional de danza, la movilidad de los bailarines y la intensidad de la b\u00fasqueda de la excelencia no permiten, en la mayor\u00eda de los casos, que el bailar\u00edn prepare su reconversi\u00f3n y su futuro mientras est\u00e1 en activo bailando).<\/p>\n<p style=\"text-align: justify;\">La mayor\u00eda de los bailarines necesitan un acompa\u00f1amiento, un apoyo gracias al cual obtener las bases y la formaci\u00f3n que les falta para poder empezar una nueva vida, ya sea en el campo de la danza o en otros campos.<\/p>\n<p style=\"text-align: justify;\">Esta iniciativa me parece de vital importancia ya que en nuestro pa\u00eds no existe ning\u00fan organismo que se ocupe de esa transici\u00f3n importante que sufren los bailarines, al tener que reintegrarse al mundo laboral alrededor de los 40 a\u00f1os.<\/p>\n<p style=\"text-align: justify;\">Aunque todos los bailarines deber\u00edan tener previsto su futuro m\u00e1s all\u00e1 de los escenarios, lo cierto es que resulta muy dif\u00edcil fijarse objetivos ajenos a la danza mientras se est\u00e1 bailando. Por eso es importante que los profesionales, al terminar su periodo como bailarines activos, puedan formarse y encontrar v\u00edas para labrarse un futuro profesional, bien dentro de las actividades que rodean el mundo de la danza (regidur\u00eda, vestuario, escenograf\u00eda, repetici\u00f3n, docencia, programadores culturales, gestores, iluminadores, core\u00f3grafos, t\u00e9cnicos&#8230;) bien fuera de nuestro gremio.<\/p>\n<p style=\"text-align: justify;\">Es crucial que seamos capaces de afrontar el momento de la retirada minimizando el impacto emocional, lo cual es mucho m\u00e1s f\u00e1cil si se puede visualizar ya un futuro profesional ajeno a las tablas, con el que tambi\u00e9n podamos sentirnos realizados.<\/p>\n<\/blockquote>\n<\/div>\n<\/div>\n<\/div>\n","protected":false},"excerpt":{"rendered":"<p>En este blog se ha hablado bastante del tema, aqu\u00ed algunas referencias para refrescar ideas o conocerlas por primera vez: Explicaci\u00f3n de la problem\u00e1tica:\u00a0http:\/\/oysiao.jlmirall.es\/?p=1703 Explicaci\u00f3n del funcionamiento del cat\u00e1logo del INCUAL:\u00a0http:\/\/oysiao.jlmirall.es\/?p=1709 Desarrollo de la Jornada de Danza-T en Valencia:\u00a0http:\/\/oysiao.jlmirall.es\/?p=3209 Y a ra\u00edz de todas las jornadas que como la de&hellip; <\/p>\n","protected":false},"author":2,"featured_media":0,"comment_status":"open","ping_status":"closed","sticky":false,"template":"","format":"standard","meta":{"jetpack_post_was_ever_published":false,"_jetpack_newsletter_access":"","_jetpack_dont_email_post_to_subs":false,"_jetpack_newsletter_tier_id":0,"_jetpack_memberships_contains_paywalled_content":false,"_jetpack_memberships_contains_paid_content":false,"footnotes":"","jetpack_publicize_message":"","jetpack_publicize_feature_enabled":true,"jetpack_social_post_already_shared":true,"jetpack_social_options":{"image_generator_settings":{"template":"highway","default_image_id":0,"font":"","enabled":false},"version":2}},"categories":[149,155,1,140],"tags":[],"class_list":["post-4085","post","type-post","status-publish","format-standard","hentry","category-eventos-importantes","category-ntw","category-general","category-reivindicaciones-y-conservatorios"],"jetpack_publicize_connections":[],"jetpack_featured_media_url":"","jetpack_shortlink":"https:\/\/wp.me\/p74VZt-13T","jetpack_sharing_enabled":true,"_links":{"self":[{"href":"https:\/\/oysiao.jlmirall.es\/index.php?rest_route=\/wp\/v2\/posts\/4085","targetHints":{"allow":["GET"]}}],"collection":[{"href":"https:\/\/oysiao.jlmirall.es\/index.php?rest_route=\/wp\/v2\/posts"}],"about":[{"href":"https:\/\/oysiao.jlmirall.es\/index.php?rest_route=\/wp\/v2\/types\/post"}],"author":[{"embeddable":true,"href":"https:\/\/oysiao.jlmirall.es\/index.php?rest_route=\/wp\/v2\/users\/2"}],"replies":[{"embeddable":true,"href":"https:\/\/oysiao.jlmirall.es\/index.php?rest_route=%2Fwp%2Fv2%2Fcomments&post=4085"}],"version-history":[{"count":3,"href":"https:\/\/oysiao.jlmirall.es\/index.php?rest_route=\/wp\/v2\/posts\/4085\/revisions"}],"predecessor-version":[{"id":4091,"href":"https:\/\/oysiao.jlmirall.es\/index.php?rest_route=\/wp\/v2\/posts\/4085\/revisions\/4091"}],"wp:attachment":[{"href":"https:\/\/oysiao.jlmirall.es\/index.php?rest_route=%2Fwp%2Fv2%2Fmedia&parent=4085"}],"wp:term":[{"taxonomy":"category","embeddable":true,"href":"https:\/\/oysiao.jlmirall.es\/index.php?rest_route=%2Fwp%2Fv2%2Fcategories&post=4085"},{"taxonomy":"post_tag","embeddable":true,"href":"https:\/\/oysiao.jlmirall.es\/index.php?rest_route=%2Fwp%2Fv2%2Ftags&post=4085"}],"curies":[{"name":"wp","href":"https:\/\/api.w.org\/{rel}","templated":true}]}}