{"id":4150,"date":"2014-06-01T09:11:07","date_gmt":"2014-06-01T07:11:07","guid":{"rendered":"http:\/\/jlmirall.es\/oysiao\/?p=4150"},"modified":"2015-03-10T11:46:23","modified_gmt":"2015-03-10T09:46:23","slug":"master-class-ivan-martin-piano","status":"publish","type":"post","link":"https:\/\/oysiao.jlmirall.es\/?p=4150","title":{"rendered":"Master Class Iv\u00e1n Mart\u00edn (piano)"},"content":{"rendered":"<p style=\"text-align: justify;\"><a href=\"http:\/\/auladestiu.espaiclassic.com\/wp-content\/uploads\/2014\/04\/Captura-de-pantalla-2014-04-14-a-les-15.26.44.png\"><img loading=\"lazy\" decoding=\"async\" class=\" wp-image-162 alignleft\" alt=\"Captura de pantalla 2014-04-14 a les 15.26.44\" src=\"http:\/\/auladestiu.espaiclassic.com\/wp-content\/uploads\/2014\/04\/Captura-de-pantalla-2014-04-14-a-les-15.26.44.png\" width=\"446\" height=\"298\" \/><\/a>Iv\u00e1n Mart\u00edn, uno de los pianistas espa\u00f1oles mas importantes de nuestro pa\u00eds, con una gran trayectoria tanto nacional como internacional, es el protagonista de la <b>Master-Class de Piano<\/b> organizada por Espai Cl\u00e0ssic, dirigido a pianistas de niveles profesionales, superiores y posgrado.<\/p>\n<p style=\"text-align: justify;\">Se realizar\u00e1 un trabajo intensivo durante tres d\u00edas, d\u00f3nde el concertista de piano Iv\u00e1n Mart\u00edn guiar\u00e1 a los alumnos para alcanzar el m\u00e1ximo nivel musical.<\/p>\n<p><strong>DIAS<\/strong>: 25-27 de junio de 2014<\/p>\n<p><strong>HORARIO:<\/strong> 10-14, 15:30 \u2013 19.30<\/p>\n<p><strong>LUGAR:\u00a0<\/strong>Ermitorio de Vila-real (Castell\u00f3n)<\/p>\n<p><strong>ALUMNOS ACTIVOS:<\/strong>\u00a0100 euros (2 Clases)<\/p>\n<p><strong>ALUMNOS OYENTES:<\/strong>\u00a040 euros<\/p>\n<p><b>Pago de matr\u00edcula:\u00a0<\/b> ES85 2100 7597 4902 0001 1133 (La Caixa)<\/p>\n<p style=\"text-align: center;\"><a href=\"http:\/\/auladestiu.espaiclassic.com\/wp-content\/uploads\/2014\/04\/Captura-de-pantalla-2014-04-14-a-les-14.28.25.png\"><img loading=\"lazy\" decoding=\"async\" class=\"aligncenter  wp-image-47\" alt=\"Captura de pantalla 2014-04-14 a les 14.28.25\" src=\"http:\/\/auladestiu.espaiclassic.com\/wp-content\/uploads\/2014\/04\/Captura-de-pantalla-2014-04-14-a-les-14.28.25.png\" width=\"419\" height=\"321\" \/><\/a><\/p>\n<p><iframe loading=\"lazy\" src=\"https:\/\/docs.google.com\/forms\/d\/1sNA-2B8EZGDIvGzl1gn3vW0vrFojo3OAx3OHoInK7Qs\/viewform?embedded=true\" height=\"500\" width=\"760\" frameborder=\"0\" marginwidth=\"0\" marginheight=\"0\"><\/iframe><\/p>\n<p style=\"text-align: justify;\"><a href=\"http:\/\/auladestiu.espaiclassic.com\/wp-content\/uploads\/2014\/04\/Captura-de-pantalla-2014-04-14-a-les-15.28.51.png\"><img loading=\"lazy\" decoding=\"async\" class=\" wp-image-165 alignleft\" alt=\"Captura de pantalla 2014-04-14 a les 15.28.51\" src=\"http:\/\/auladestiu.espaiclassic.com\/wp-content\/uploads\/2014\/04\/Captura-de-pantalla-2014-04-14-a-les-15.28.51.png\" width=\"418\" height=\"278\" \/><\/a>Iv\u00e1n Mart\u00edn, nacido en Las Palmas de Gran Canaria (1978), es hoy por hoy reconocido por la cr\u00edtica y el p\u00fablico como uno de los pianistas m\u00e1s brillantes de su generaci\u00f3n dentro y fuera de nuestras fronteras.<\/p>\n<p style=\"text-align: justify;\">Colabora con pr\u00e1cticamente la totalidad de las orquestas espa\u00f1olas, as\u00ed como con la Orquesta Filarm\u00f3nica de Londres, Berliner Konzerthausorchester, Orquesta de Par\u00eds, Orquesta Filarm\u00f3nica de Estrasburgo, Virtuosos de Praga, Orquesta Filarm\u00f3nica de Helsinki, Orquesta Filarm\u00f3nica de Zagreb, Polish Chamber Orchestra, Sinfonia Varsovia, Orquesta Sinf\u00f3nica de Monterey (EE.UU.), Orquesta Sinf\u00f3nica de Santiago de Chile, Orquesta Sinf\u00f3nica de Sao Paulo, Orquesta Mundial de Juventudes Musicales, etc., de la mano de directores tales como Gerd Albrecht, Max Bragado, Josep Caball\u00e9 Domenech, Marzio Conti, Justin Brown, Christoph Eschenbach, Andrew Gurlay, G\u00fcnter Herbig, Pedro Halffter, L\u00fc Jia, Vladimir Jurowsky, Christoph K\u00f6nig, Jean Jacques Kantorow, Kirill Karabits, Adrian Leaper, Paul Mann, Miguel \u00c1ngel G\u00f3mez Mart\u00ednez, Juanjo Mena, Roberto Montenegro, John Neschling, Josep Pons, Alejandro Posada, Christophe Rousset, Antoni Ros Marb\u00e1, Michael Sanderling, Michael Sch\u00f8nwandt, Georges Tchitchinadze, Josep Vicent o Antoni Wit, y siendo repetidamente invitado a participar en marcos tan destacados como \u201cNew York International Keyboard Festival\u201d (EE.UU.), \u201cOrford International Music Festival\u201d (Canad\u00e1), \u201cFestival International La Roque d\u2019Anth\u00e9ron\u201d (Francia), \u201cFestival International La Folle Journ\u00e9e\u201d (Francia y Espa\u00f1a), \u201cFestival Internacional de Grandes Pianistas\u201d (Chile), \u201cFestival Internacional Cervantino\u201d (M\u00e9xico), \u201cFestival Internacional de Macao\u201d (China), \u201cFestival Internacional de M\u00fasica y Danza de Granada\u201d (Espa\u00f1a), \u201cFestival Internacional de M\u00fasica de Perelada\u201d (Espa\u00f1a) o \u201cFestival de M\u00fasica de Canarias\u201d (Espa\u00f1a), visitando las salas de concierto m\u00e1s prestigiosas del Mundo como son Berliner Konzerthaus, Berliner Staatsoper, Berliner Philharmonie, Dortmund Konzerthaus, Amsterdam Concertgebouw, Salle Pleyel de Par\u00eds, Carnegie Hall de Nueva York o Beijing National Center for Performing Arts. Colabora tambi\u00e9n con Patrimonio Nacional de Espa\u00f1a, ofreciendo conciertos en los Reales Sitios.<\/p>\n<p style=\"text-align: justify;\">Ha protagonizado estrenos e interpretado obras de compositores como Ant\u00f3n Garc\u00eda Abril, Crist\u00f3bal Halffter, Pedro Halffter, Pilar Jurado, Alberto Mart\u00ednez, Daniel Roca, Ram\u00f3n Paus o, m\u00e1s recientemente, Enric Palomar o Michael Nyman, de quienes ha estrenado sus conciertos para piano y orquesta. Asimismo, consciente de la importancia de la m\u00fasica de c\u00e1mara, participa siempre que le es posible en proyectos con otros artistas y diversas formaciones instrumentales. Ha debutado como director interpretando los conciertos para teclado de Bach junto la orquesta \u201cProyecto Bach\u201d \u2013en colaboraci\u00f3n con Juventudes Musicales de Espa\u00f1a y registrado por Radio Televisi\u00f3n Espa\u00f1ola (RTVE)\u2013 y los conciertos de Mozart junto a la orquesta de c\u00e1mara \u201cLiceo de Barcelona\u201d, y ha fundado recientemente \u201cGald\u00f3s Ensemble\u201d, un nuevo y vers\u00e1til grupo orquestal con el fin de interpretar m\u00fasica del per\u00edodo barroco y el clasicismo, as\u00ed como tambi\u00e9n m\u00fasica moderna y contempor\u00e1nea. Siempre que su agenda se lo permite, es invitado a impartir clases magistrales en conservatorios superiores de Espa\u00f1a, Alemania, Italia, Estados Unidos, M\u00e9xico o Santiago de Chile, participando tambi\u00e9n en conferencias y cursos organizados por la EPTA (European Piano Teachers Association).<\/p>\n<p style=\"text-align: justify;\">Ha grabado numerosos programas de radio y televisi\u00f3n en Espa\u00f1a, Francia, Italia, Brasil y Estados Unidos. Como artista de la compa\u00f1\u00eda Warner Music, tras el lanzamiento de su primer disco dedicado al compositor Antonio Soler, que ha tenido una calurosa acogida por el p\u00fablico y la cr\u00edtica consider\u00e1ndolo como \u201creferencia\u201d y agotando la primera edici\u00f3n en menos de dos meses, ha siendo nominado a los XV Premios Nacionales de la M\u00fasica en la categor\u00eda de mejor int\u00e9rprete de m\u00fasica cl\u00e1sica. Recientemente ha salido al mercado su nuevo proyecto discogr\u00e1fico, dedicado a los compositores Mozart y Schr\u00f6ter, que r\u00e1pidamente ha obtenido las mejores cr\u00edticas. En la actualidad, se encuentra inmerso en la preparaci\u00f3n de tres proyectos discogr\u00e1ficos para Sony Classical y Deutsche Grammophon, que ver\u00e1n la luz entre 2013 y 2015. Futuros compromisos incluyen presentaciones en EE.UU., Canad\u00e1, Alemania, Austria, Suiza, Italia, Reino Unido, Argentina y China, en recital y colaborando con diversas orquestas y directores. Iv\u00e1n Mart\u00edn es, por primera vez en su historia, artista en residencia de la Orquesta Filarm\u00f3nica de Gran Canaria durante la temporada 2012-2013.<\/p>\n","protected":false},"excerpt":{"rendered":"<p>Iv\u00e1n Mart\u00edn, uno de los pianistas espa\u00f1oles mas importantes de nuestro pa\u00eds, con una gran trayectoria tanto nacional como internacional, es el protagonista de la Master-Class de Piano organizada por Espai Cl\u00e0ssic, dirigido a pianistas de niveles profesionales, superiores y posgrado. Se realizar\u00e1 un trabajo intensivo durante tres d\u00edas, d\u00f3nde&hellip; <\/p>\n","protected":false},"author":2,"featured_media":0,"comment_status":"open","ping_status":"closed","sticky":false,"template":"","format":"standard","meta":{"jetpack_post_was_ever_published":false,"_jetpack_newsletter_access":"","_jetpack_dont_email_post_to_subs":false,"_jetpack_newsletter_tier_id":0,"_jetpack_memberships_contains_paywalled_content":false,"_jetpack_memberships_contains_paid_content":false,"footnotes":"","jetpack_publicize_message":"","jetpack_publicize_feature_enabled":true,"jetpack_social_post_already_shared":true,"jetpack_social_options":{"image_generator_settings":{"template":"highway","default_image_id":0,"font":"","enabled":false},"version":2}},"categories":[155,1],"tags":[],"class_list":["post-4150","post","type-post","status-publish","format-standard","hentry","category-ntw","category-general"],"jetpack_publicize_connections":[],"jetpack_featured_media_url":"","jetpack_shortlink":"https:\/\/wp.me\/p74VZt-14W","jetpack_sharing_enabled":true,"_links":{"self":[{"href":"https:\/\/oysiao.jlmirall.es\/index.php?rest_route=\/wp\/v2\/posts\/4150","targetHints":{"allow":["GET"]}}],"collection":[{"href":"https:\/\/oysiao.jlmirall.es\/index.php?rest_route=\/wp\/v2\/posts"}],"about":[{"href":"https:\/\/oysiao.jlmirall.es\/index.php?rest_route=\/wp\/v2\/types\/post"}],"author":[{"embeddable":true,"href":"https:\/\/oysiao.jlmirall.es\/index.php?rest_route=\/wp\/v2\/users\/2"}],"replies":[{"embeddable":true,"href":"https:\/\/oysiao.jlmirall.es\/index.php?rest_route=%2Fwp%2Fv2%2Fcomments&post=4150"}],"version-history":[{"count":1,"href":"https:\/\/oysiao.jlmirall.es\/index.php?rest_route=\/wp\/v2\/posts\/4150\/revisions"}],"predecessor-version":[{"id":4151,"href":"https:\/\/oysiao.jlmirall.es\/index.php?rest_route=\/wp\/v2\/posts\/4150\/revisions\/4151"}],"wp:attachment":[{"href":"https:\/\/oysiao.jlmirall.es\/index.php?rest_route=%2Fwp%2Fv2%2Fmedia&parent=4150"}],"wp:term":[{"taxonomy":"category","embeddable":true,"href":"https:\/\/oysiao.jlmirall.es\/index.php?rest_route=%2Fwp%2Fv2%2Fcategories&post=4150"},{"taxonomy":"post_tag","embeddable":true,"href":"https:\/\/oysiao.jlmirall.es\/index.php?rest_route=%2Fwp%2Fv2%2Ftags&post=4150"}],"curies":[{"name":"wp","href":"https:\/\/api.w.org\/{rel}","templated":true}]}}