{"id":416,"date":"2009-04-07T10:40:10","date_gmt":"2009-04-07T08:40:10","guid":{"rendered":"http:\/\/oysiao.wordpress.com\/?p=416"},"modified":"2015-03-10T12:22:13","modified_gmt":"2015-03-10T10:22:13","slug":"quis-custodiet-custodes-ipsos","status":"publish","type":"post","link":"https:\/\/oysiao.jlmirall.es\/?p=416","title":{"rendered":"Quis custodiet custodes ipsos?"},"content":{"rendered":"<p>Ideas extra\u00eddas de la <a href=\"http:\/\/www.blogoff.es\/2009\/03\/31\/%c2%bfquien-vigila-a-los-vigilantes\/\">traducci\u00f3n de blogoff<\/a> del ensayo \u00ab<a href=\"http:\/\/www.wired.com\/politics\/security\/commentary\/securitymatters\/2006\/05\/70886\">The Eternal Value of privacy\u00bb publicado en Wired por Bruce Scheiner<\/a><\/p>\n<p>&#8211; Si no est\u00e1s haciendo nada malo,&#8230; \u00bfpor qu\u00e9 no me dejas vigilarte?<\/p>\n<p>&#8211; Porque el gobierno es el que que define qu\u00e9 est\u00e1 mal y cambian esa definici\u00f3n cont\u00ednuamente. Porque podr\u00edas hacer algo malo con mi informaci\u00f3n<\/p>\n<p>Esta argumentaci\u00f3n, sin dejar de ser cierta, se fundamenta en la premisa de que la privacidad trata sobre esconder algo malo. Al contrario<strong>. La privacidad es un derecho inherente al ser humano<\/strong> y un requisito para mantener la condici\u00f3n humana con dignidad y respeto.<\/p>\n<p><em>\u00bfQuien vigila a los vigilantes? | El poder absoluta corrompe absolutamente<\/em><\/p>\n<p>Si alguien me diera seis l\u00edneas escritas de la mano de hombre m\u00e1s honesto, encontrar\u00eda algo en ellas para colgarle (Cardenal Richelieu). Es decir; vigila a alguien el tiempo suficiente y encontrar\u00e1s algo para <span style=\"text-decoration: underline;\">arrestarle<\/span> o simplemente <span style=\"text-decoration: underline;\">chantajearle<\/span>. La privacidad es importante porque sin ella, la vigilancia abusar\u00e1 de la informaci\u00f3n recogida.<\/p>\n<p>En definitiva;<strong> la privacidad nos protege de los abusos de aquellos que est\u00e1n en el poder<\/strong>. La privacidad es un derecho humano b\u00e1sico, ya que si somos observados en cualquier asunto, <strong>estamos constantemente ante la amenaza de correci\u00f3n, juicio, cr\u00edtica e incluso plagio de nuestra propia singularidad<\/strong>. Perdemos nuestra individualidad, porque todo lo que hacemos es observable, grabable.<\/p>\n<p>Muchas veces el debate se centra en <em>\u00abseguridad vs. privacidad\u00bb<\/em>, cuando en realidad es <strong>\u00abcontrol vs. libertad<\/strong>\u00ab. Por eso tenemos que pelear por la privacidad incluso cuando no tenemos nada que esconder.<\/p>\n","protected":false},"excerpt":{"rendered":"<p>Ideas extra\u00eddas de la traducci\u00f3n de blogoff del ensayo \u00abThe Eternal Value of privacy\u00bb publicado en Wired por Bruce Scheiner &#8211; Si no est\u00e1s haciendo nada malo,&#8230; \u00bfpor qu\u00e9 no me dejas vigilarte? &#8211; Porque el gobierno es el que que define qu\u00e9 est\u00e1 mal y cambian esa definici\u00f3n cont\u00ednuamente.&hellip; <\/p>\n","protected":false},"author":2,"featured_media":0,"comment_status":"open","ping_status":"open","sticky":false,"template":"","format":"standard","meta":{"jetpack_post_was_ever_published":false,"_jetpack_newsletter_access":"","_jetpack_dont_email_post_to_subs":false,"_jetpack_newsletter_tier_id":0,"_jetpack_memberships_contains_paywalled_content":false,"_jetpack_memberships_contains_paid_content":false,"footnotes":"","jetpack_publicize_message":"","jetpack_publicize_feature_enabled":true,"jetpack_social_post_already_shared":false,"jetpack_social_options":{"image_generator_settings":{"template":"highway","default_image_id":0,"font":"","enabled":false},"version":2}},"categories":[155,1],"tags":[56],"class_list":["post-416","post","type-post","status-publish","format-standard","hentry","category-ntw","category-general","tag-reflexion"],"jetpack_publicize_connections":[],"jetpack_featured_media_url":"","jetpack_shortlink":"https:\/\/wp.me\/p74VZt-6I","jetpack_sharing_enabled":true,"_links":{"self":[{"href":"https:\/\/oysiao.jlmirall.es\/index.php?rest_route=\/wp\/v2\/posts\/416","targetHints":{"allow":["GET"]}}],"collection":[{"href":"https:\/\/oysiao.jlmirall.es\/index.php?rest_route=\/wp\/v2\/posts"}],"about":[{"href":"https:\/\/oysiao.jlmirall.es\/index.php?rest_route=\/wp\/v2\/types\/post"}],"author":[{"embeddable":true,"href":"https:\/\/oysiao.jlmirall.es\/index.php?rest_route=\/wp\/v2\/users\/2"}],"replies":[{"embeddable":true,"href":"https:\/\/oysiao.jlmirall.es\/index.php?rest_route=%2Fwp%2Fv2%2Fcomments&post=416"}],"version-history":[{"count":5,"href":"https:\/\/oysiao.jlmirall.es\/index.php?rest_route=\/wp\/v2\/posts\/416\/revisions"}],"predecessor-version":[{"id":3600,"href":"https:\/\/oysiao.jlmirall.es\/index.php?rest_route=\/wp\/v2\/posts\/416\/revisions\/3600"}],"wp:attachment":[{"href":"https:\/\/oysiao.jlmirall.es\/index.php?rest_route=%2Fwp%2Fv2%2Fmedia&parent=416"}],"wp:term":[{"taxonomy":"category","embeddable":true,"href":"https:\/\/oysiao.jlmirall.es\/index.php?rest_route=%2Fwp%2Fv2%2Fcategories&post=416"},{"taxonomy":"post_tag","embeddable":true,"href":"https:\/\/oysiao.jlmirall.es\/index.php?rest_route=%2Fwp%2Fv2%2Ftags&post=416"}],"curies":[{"name":"wp","href":"https:\/\/api.w.org\/{rel}","templated":true}]}}