{"id":4213,"date":"2015-01-28T23:51:49","date_gmt":"2015-01-28T21:51:49","guid":{"rendered":"http:\/\/jlmirall.es\/oysiao\/?p=4213"},"modified":"2015-03-10T11:46:07","modified_gmt":"2015-03-10T09:46:07","slug":"la-letra-con-musica-entra-album-de-recuerdos-de-mis-clases-en-la-universitat-jaume-i","status":"publish","type":"post","link":"https:\/\/oysiao.jlmirall.es\/?p=4213","title":{"rendered":"La letra con m\u00fasica entra. \u00c1lbum de recuerdos de mis clases en la Universitat Jaume I"},"content":{"rendered":"<p>Este a\u00f1o he iniciado una nueva aventura docente en una de las carreras universitarias d\u00f3nde la m\u00fasica est\u00e1 presente: <strong>Grado de Maestro\/Maestra de Educaci\u00f3n Infantil en la Universitat Jaume I de Castell\u00f3n<\/strong>. Estoy muy contento de poder participar en la formaci\u00f3n de los futuros maestros y maestras de educaci\u00f3n infantil, al mismo tiempo que consigo una visi\u00f3n m\u00e1s amplia de la educaci\u00f3n musical al estar en contacto directo con un \u00e1rea tan distante de mi perfil profesional habitual: la docencia de un instrumento musical en un Conservatorio Profesional de M\u00fasica.<\/p>\n<p>Los que me conocen ya saben de mi uso del sentido del humor como recurso pedag\u00f3gico, as\u00ed que he creado algunos \u00abmemes\u00bb para utilizar durante algunos de los momentos de exposici\u00f3n te\u00f3rica de mi asignatura. A continuaci\u00f3n dejo una galer\u00eda con algunos de los mismos:<\/p>\n<p class=\"jetpack-slideshow-noscript robots-nocontent\">El pase de diapositivas requiere JavaScript.<\/p><div id=\"gallery-4213-1-slideshow\" class=\"jetpack-slideshow-window jetpack-slideshow jetpack-slideshow-black\" data-trans=\"fade\" data-autostart=\"1\" data-gallery=\"[{&quot;src&quot;:&quot;https:\\\/\\\/oysiao.jlmirall.es\\\/wp-content\\\/uploads\\\/2015\\\/01\\\/La-m\\u00fasica-se-aprende-por-contagio-emocional.png&quot;,&quot;id&quot;:&quot;4217&quot;,&quot;title&quot;:&quot;La m\\u00fasica se aprende por contagio emocional&quot;,&quot;alt&quot;:&quot;&quot;,&quot;caption&quot;:&quot;&quot;,&quot;itemprop&quot;:&quot;image&quot;},{&quot;src&quot;:&quot;https:\\\/\\\/oysiao.jlmirall.es\\\/wp-content\\\/uploads\\\/2015\\\/01\\\/iniciaci\\u00f3n-musical.png&quot;,&quot;id&quot;:&quot;4221&quot;,&quot;title&quot;:&quot;iniciaci\\u00f3n musical&quot;,&quot;alt&quot;:&quot;&quot;,&quot;caption&quot;:&quot;&quot;,&quot;itemprop&quot;:&quot;image&quot;},{&quot;src&quot;:&quot;https:\\\/\\\/oysiao.jlmirall.es\\\/wp-content\\\/uploads\\\/2015\\\/01\\\/y-la-m\\u00fasica-cl\\u00e1sica.png&quot;,&quot;id&quot;:&quot;4220&quot;,&quot;title&quot;:&quot;y la m\\u00fasica cl\\u00e1sica&quot;,&quot;alt&quot;:&quot;&quot;,&quot;caption&quot;:&quot;&quot;,&quot;itemprop&quot;:&quot;image&quot;},{&quot;src&quot;:&quot;https:\\\/\\\/oysiao.jlmirall.es\\\/wp-content\\\/uploads\\\/2015\\\/01\\\/usar-el-poder-de-la-m\\u00fasica.png&quot;,&quot;id&quot;:&quot;4219&quot;,&quot;title&quot;:&quot;usar el poder de la m\\u00fasica&quot;,&quot;alt&quot;:&quot;&quot;,&quot;caption&quot;:&quot;&quot;,&quot;itemprop&quot;:&quot;image&quot;},{&quot;src&quot;:&quot;https:\\\/\\\/oysiao.jlmirall.es\\\/wp-content\\\/uploads\\\/2015\\\/01\\\/un-poco-de-schubert.png&quot;,&quot;id&quot;:&quot;4218&quot;,&quot;title&quot;:&quot;un poco de schubert&quot;,&quot;alt&quot;:&quot;&quot;,&quot;caption&quot;:&quot;&quot;,&quot;itemprop&quot;:&quot;image&quot;},{&quot;src&quot;:&quot;https:\\\/\\\/oysiao.jlmirall.es\\\/wp-content\\\/uploads\\\/2015\\\/01\\\/Eira.png&quot;,&quot;id&quot;:&quot;4216&quot;,&quot;title&quot;:&quot;Eira&quot;,&quot;alt&quot;:&quot;&quot;,&quot;caption&quot;:&quot;&quot;,&quot;itemprop&quot;:&quot;image&quot;},{&quot;src&quot;:&quot;https:\\\/\\\/oysiao.jlmirall.es\\\/wp-content\\\/uploads\\\/2015\\\/01\\\/donde-se-aprende-musica.png&quot;,&quot;id&quot;:&quot;4215&quot;,&quot;title&quot;:&quot;donde se aprende musica&quot;,&quot;alt&quot;:&quot;&quot;,&quot;caption&quot;:&quot;&quot;,&quot;itemprop&quot;:&quot;image&quot;}]\" itemscope itemtype=\"https:\/\/schema.org\/ImageGallery\"><\/div>\n<p>&nbsp;<\/p>\n<p>Por otra parte, en las sesiones pr\u00e1cticas, la Universidad y en concreto desde mi \u00e1rea: Did\u00e1ctica de la Expresi\u00f3n Musical, se ha podido facilitar puntualmente la asistencia de profesores invitados a mi aula que han dado lo mejor de s\u00ed para completar desde la excelencia la formaci\u00f3n de estos futuros maestros y maestras. Los profesores de los cuales hemos tenido el placer de disfrutar han sido:<\/p>\n<p><strong>Laura Red\u00f3n\u00a0<\/strong>con un taller de T\u00e9cnia Dalcroze,\u00a0<strong>David Forrest\u00a0<\/strong>profesor e investigador RMIT de Australia y\u00a0<strong>Sven Valc\u00e1rcel\u00a0<\/strong>con la demostraci\u00f3n de una clase pr\u00e1ctica de metodolog\u00eda Willems, Kod\u00e1ly y Dalcroze en directo con alumnos de 5 a\u00f1os del Colegio \u00c1gora Lled\u00f3.<\/p>\n<p>Del taller de Laura Red\u00f3n, todos los alumnos se quedaron maravillados de la vivencia de la r\u00edtmica Dalcroze en su propio cuerpo. Llegando a convertirse la metodolog\u00eda Dalcroze en una de las favoritas de los alumnos. Quien quiera saber m\u00e1s sobre el trabajo de Laura Red\u00f3n, le animo a visitar su blog \u00ab<a href=\"http:\/\/myma-musica.blogspot.com.es\">M\u00fasica y Musicoterapia<\/a>\u00bb<\/p>\n<p><a href=\"http:\/\/oysiao.jlmirall.es\/wp-content\/uploads\/2015\/01\/Captura-de-pantalla-2015-01-28-a-les-21.22.34.jpg\"><img loading=\"lazy\" decoding=\"async\" class=\"aligncenter size-large wp-image-4225\" alt=\"Captura de pantalla 2015-01-28 a les 21.22.34\" src=\"http:\/\/oysiao.jlmirall.es\/wp-content\/uploads\/2015\/01\/Captura-de-pantalla-2015-01-28-a-les-21.22.34-150x150.jpg\" width=\"700\" height=\"525\" srcset=\"https:\/\/oysiao.jlmirall.es\/wp-content\/uploads\/2015\/01\/Captura-de-pantalla-2015-01-28-a-les-21.22.34-300x225.jpg 300w, https:\/\/oysiao.jlmirall.es\/wp-content\/uploads\/2015\/01\/Captura-de-pantalla-2015-01-28-a-les-21.22.34-1024x769.jpg 1024w, https:\/\/oysiao.jlmirall.es\/wp-content\/uploads\/2015\/01\/Captura-de-pantalla-2015-01-28-a-les-21.22.34-640x480.jpg 640w, https:\/\/oysiao.jlmirall.es\/wp-content\/uploads\/2015\/01\/Captura-de-pantalla-2015-01-28-a-les-21.22.34.jpg 1399w\" sizes=\"auto, (max-width: 700px) 100vw, 700px\" \/><\/a><\/p>\n<p>Tambi\u00e9n fue todo un lujazo tener entre nosotros reci\u00e9n llegado desde Australia al profesor <a href=\"http:\/\/www1.rmit.edu.au\/staff\/davidforrest\">David Forrest<\/a>. Investigador que vive en la intersecci\u00f3n entre la educaci\u00f3n y las artes, gran parte de su labor se ha centrado en la implementaci\u00f3n y defensa de un curr\u00edculo musical y art\u00edstico en Australia en los diferentes niveles educativos as\u00ed como en la figura del compositor y educador ruso Dimitri Kabalevsky. En clase pudimos asistir a unas conferencias suyas y luego los profesores de las \u00c1reas de Did\u00e1ctica de la Expresi\u00f3n Musical y de M\u00fasica realizamos un seminario con \u00e9l, en el que compartimos el estado de la investigaci\u00f3n art\u00edstica en Espa\u00f1a y Australia. En la imagen, la portada de un interesant\u00edsimo libro de citas, recopiladas por el profesor Forrest que me regal\u00f3 durante su estancia en la UJI.<\/p>\n<p style=\"text-align: center;\"><a href=\"http:\/\/oysiao.jlmirall.es\/wp-content\/uploads\/2015\/01\/FullSizeRender.jpg\"><img loading=\"lazy\" decoding=\"async\" class=\"aligncenter  wp-image-4227\" alt=\"FullSizeRender\" src=\"http:\/\/oysiao.jlmirall.es\/wp-content\/uploads\/2015\/01\/FullSizeRender-1024x768.jpg\" width=\"560\" height=\"420\" srcset=\"https:\/\/oysiao.jlmirall.es\/wp-content\/uploads\/2015\/01\/FullSizeRender-1024x768.jpg 1024w, https:\/\/oysiao.jlmirall.es\/wp-content\/uploads\/2015\/01\/FullSizeRender-300x225.jpg 300w\" sizes=\"auto, (max-width: 560px) 100vw, 560px\" \/><\/a><\/p>\n<p>De este libro podemos sacar una cita central en la filosof\u00eda del compositor:<\/p>\n<blockquote>\n<p style=\"text-align: justify;\">lo que debemos entender, y recordar es que la m\u00fasica, primeramente expresa la espiritualidad interior de los seres humanos, es decir, los pensamientos y sentimientos de una persona &#8211; pero no \u00fanicamente los pensamientos y los sentimientos de una persona: la fuerza del arte musical reside en su habilidad para expresar los pensamientos y sentimientos de toda la humanidad [Kabalevsky, 1965]<\/p>\n<\/blockquote>\n<p>Y otra sobre la educaci\u00f3n musical:<\/p>\n<blockquote>\n<p style=\"text-align: justify;\">Ninguna pieza de m\u00fasica, por corta y modesta que sea, deber\u00eda ser escuchada por un ni\u00f1o, sin dejar huella en su mente y en su coraz\u00f3n.\u00a0[Kabalevsky, 1976]<\/p>\n<\/blockquote>\n<p style=\"text-align: justify;\">Del interesante intercambio de experiencias y panoramas nacionales, me gustar\u00eda destacar una vi\u00f1eta que nos ense\u00f1\u00f3 que resume perfectamente la conclusi\u00f3n a la que por desgracia siempre llegamos:<\/p>\n<p style=\"text-align: justify;\"><a href=\"http:\/\/oysiao.jlmirall.es\/wp-content\/uploads\/2015\/01\/Captura-de-pantalla-2015-01-28-a-les-22.03.58.png\"><img loading=\"lazy\" decoding=\"async\" class=\"aligncenter size-large wp-image-4228\" alt=\"Captura de pantalla 2015-01-28 a les 22.03.58\" src=\"http:\/\/oysiao.jlmirall.es\/wp-content\/uploads\/2015\/01\/Captura-de-pantalla-2015-01-28-a-les-22.03.58-1024x411.png\" width=\"700\" height=\"280\" srcset=\"https:\/\/oysiao.jlmirall.es\/wp-content\/uploads\/2015\/01\/Captura-de-pantalla-2015-01-28-a-les-22.03.58-1024x411.png 1024w, https:\/\/oysiao.jlmirall.es\/wp-content\/uploads\/2015\/01\/Captura-de-pantalla-2015-01-28-a-les-22.03.58-300x120.png 300w, https:\/\/oysiao.jlmirall.es\/wp-content\/uploads\/2015\/01\/Captura-de-pantalla-2015-01-28-a-les-22.03.58.png 1162w\" sizes=\"auto, (max-width: 700px) 100vw, 700px\" \/><\/a><\/p>\n<p>&nbsp;<\/p>\n<p>Y por \u00faltimo, la visita que <a href=\"http:\/\/svenviolin.wix.com\/svenvalcarcel\">Sven Valc\u00e1rcel<\/a> y 20 \u00abalumnitos\u00bb de 5 a\u00f1os del colegio <a href=\"http:\/\/www.nace.edu.es\/LLedo\/Paginas\/default.aspx\">\u00c1gora Lled\u00f3<\/a>\u00a0nos realizaron, que en una \u00e9poca de tantos titulares negativos sobre recortes en educaci\u00f3n art\u00edstica propici\u00f3 una noticia de la que nos sentimos todos muy orgullosos:<\/p>\n<p><a href=\"http:\/\/oysiao.jlmirall.es\/wp-content\/uploads\/2015\/01\/La-letra-con-m\u00fasica-entra.jpg\"><img loading=\"lazy\" decoding=\"async\" class=\"aligncenter size-large wp-image-4229\" alt=\"La letra con m\u00fasica entra\" src=\"http:\/\/oysiao.jlmirall.es\/wp-content\/uploads\/2015\/01\/La-letra-con-m\u00fasica-entra-1016x1024.jpg\" width=\"700\" height=\"705\" srcset=\"https:\/\/oysiao.jlmirall.es\/wp-content\/uploads\/2015\/01\/La-letra-con-m\u00fasica-entra-1016x1024.jpg 1016w, https:\/\/oysiao.jlmirall.es\/wp-content\/uploads\/2015\/01\/La-letra-con-m\u00fasica-entra-150x150.jpg 150w, https:\/\/oysiao.jlmirall.es\/wp-content\/uploads\/2015\/01\/La-letra-con-m\u00fasica-entra-297x300.jpg 297w, https:\/\/oysiao.jlmirall.es\/wp-content\/uploads\/2015\/01\/La-letra-con-m\u00fasica-entra.jpg 1042w\" sizes=\"auto, (max-width: 700px) 100vw, 700px\" \/><\/a><\/p>\n<p>Y aqu\u00ed el enlace a la noticia en la radio de la Universitat, VOX UJI: <a href=\"http:\/\/www.radio.uji.es\/emissions04\/26_01_15_campus_actual.mp3\" target=\"_blank\">[LINK]<\/a>. Como<\/p>\n<p>Y algunas otras fotos para el recuerdo de la sesi\u00f3n:<\/p>\n<p class=\"jetpack-slideshow-noscript robots-nocontent\">El pase de diapositivas requiere JavaScript.<\/p><div id=\"gallery-4213-2-slideshow\" class=\"jetpack-slideshow-window jetpack-slideshow jetpack-slideshow-black\" data-trans=\"fade\" data-autostart=\"1\" data-gallery=\"[{&quot;src&quot;:&quot;https:\\\/\\\/oysiao.jlmirall.es\\\/wp-content\\\/uploads\\\/2015\\\/01\\\/10922369_10153083205364516_628238319461329882_o.jpg&quot;,&quot;id&quot;:&quot;4232&quot;,&quot;title&quot;:&quot;10922369_10153083205364516_628238319461329882_o&quot;,&quot;alt&quot;:&quot;&quot;,&quot;caption&quot;:&quot;&quot;,&quot;itemprop&quot;:&quot;image&quot;},{&quot;src&quot;:&quot;https:\\\/\\\/oysiao.jlmirall.es\\\/wp-content\\\/uploads\\\/2015\\\/01\\\/10866091_10153083205369516_479777392982859868_o.jpg&quot;,&quot;id&quot;:&quot;4230&quot;,&quot;title&quot;:&quot;10866091_10153083205369516_479777392982859868_o&quot;,&quot;alt&quot;:&quot;&quot;,&quot;caption&quot;:&quot;&quot;,&quot;itemprop&quot;:&quot;image&quot;},{&quot;src&quot;:&quot;https:\\\/\\\/oysiao.jlmirall.es\\\/wp-content\\\/uploads\\\/2015\\\/01\\\/10916336_10153083205359516_7470945953291237182_o.jpg&quot;,&quot;id&quot;:&quot;4231&quot;,&quot;title&quot;:&quot;10916336_10153083205359516_7470945953291237182_o&quot;,&quot;alt&quot;:&quot;&quot;,&quot;caption&quot;:&quot;&quot;,&quot;itemprop&quot;:&quot;image&quot;}]\" itemscope itemtype=\"https:\/\/schema.org\/ImageGallery\"><\/div>\n<p>Ahora ya termina el periodo de docencia y mis alumnos de la asignatura de Fundamentos y Did\u00e1ctica de la Expresi\u00f3n Musical del Grado de Maestro\/Maestra en Educaci\u00f3n Infantil empiezan el per\u00edodo en que van a sumergirse de lleno en las aulas como maestros en pr\u00e1cticas. Tutorizar estas observaciones e intervenciones de los alumnos en escenarios educativos reales estoy seguro de que me traer\u00e1 tambi\u00e9n muy gratas sorpresas.<\/p>\n<p>Tambi\u00e9n me llevo buenos recuerdos y sobretodo una buena actualizaci\u00f3n did\u00e1ctica, de los cursos que he realizado dentro del Plan de Formaci\u00f3n del Profesorado Novel de la UJI. Al final de una de las sesiones, tuvimos que escribirnos mensajes de \u00e1nimo entre los compa\u00f1eros y a mi me lleg\u00f3 este:<\/p>\n<p style=\"text-align: center;\"><a href=\"http:\/\/oysiao.jlmirall.es\/wp-content\/uploads\/2015\/01\/10940497_10153100223174516_5976986279962496033_n.jpg\"><img loading=\"lazy\" decoding=\"async\" class=\"aligncenter  wp-image-4244\" alt=\"10940497_10153100223174516_5976986279962496033_n\" src=\"http:\/\/oysiao.jlmirall.es\/wp-content\/uploads\/2015\/01\/10940497_10153100223174516_5976986279962496033_n.jpg\" width=\"507\" height=\"576\" srcset=\"https:\/\/oysiao.jlmirall.es\/wp-content\/uploads\/2015\/01\/10940497_10153100223174516_5976986279962496033_n.jpg 845w, https:\/\/oysiao.jlmirall.es\/wp-content\/uploads\/2015\/01\/10940497_10153100223174516_5976986279962496033_n-264x300.jpg 264w\" sizes=\"auto, (max-width: 507px) 100vw, 507px\" \/><\/a><\/p>\n<h3 style=\"text-align: center;\"><em>\u00a1Espero seguir repitiendo a\u00f1o tras a\u00f1o la experiencia universitaria!<\/em><\/h3>\n","protected":false},"excerpt":{"rendered":"<p>Este a\u00f1o he iniciado una nueva aventura docente en una de las carreras universitarias d\u00f3nde la m\u00fasica est\u00e1 presente: Grado de Maestro\/Maestra de Educaci\u00f3n Infantil en la Universitat Jaume I de Castell\u00f3n. Estoy muy contento de poder participar en la formaci\u00f3n de los futuros maestros y maestras de educaci\u00f3n infantil,&hellip; <\/p>\n","protected":false},"author":2,"featured_media":0,"comment_status":"open","ping_status":"closed","sticky":false,"template":"","format":"standard","meta":{"jetpack_post_was_ever_published":false,"_jetpack_newsletter_access":"","_jetpack_dont_email_post_to_subs":false,"_jetpack_newsletter_tier_id":0,"_jetpack_memberships_contains_paywalled_content":false,"_jetpack_memberships_contains_paid_content":false,"footnotes":"","jetpack_publicize_message":"","jetpack_publicize_feature_enabled":true,"jetpack_social_post_already_shared":true,"jetpack_social_options":{"image_generator_settings":{"template":"highway","default_image_id":0,"font":"","enabled":false},"version":2}},"categories":[155,1,153],"tags":[],"class_list":["post-4213","post","type-post","status-publish","format-standard","hentry","category-ntw","category-general","category-proyectos-propios"],"jetpack_publicize_connections":[],"jetpack_featured_media_url":"","jetpack_shortlink":"https:\/\/wp.me\/p74VZt-15X","jetpack_sharing_enabled":true,"_links":{"self":[{"href":"https:\/\/oysiao.jlmirall.es\/index.php?rest_route=\/wp\/v2\/posts\/4213","targetHints":{"allow":["GET"]}}],"collection":[{"href":"https:\/\/oysiao.jlmirall.es\/index.php?rest_route=\/wp\/v2\/posts"}],"about":[{"href":"https:\/\/oysiao.jlmirall.es\/index.php?rest_route=\/wp\/v2\/types\/post"}],"author":[{"embeddable":true,"href":"https:\/\/oysiao.jlmirall.es\/index.php?rest_route=\/wp\/v2\/users\/2"}],"replies":[{"embeddable":true,"href":"https:\/\/oysiao.jlmirall.es\/index.php?rest_route=%2Fwp%2Fv2%2Fcomments&post=4213"}],"version-history":[{"count":19,"href":"https:\/\/oysiao.jlmirall.es\/index.php?rest_route=\/wp\/v2\/posts\/4213\/revisions"}],"predecessor-version":[{"id":4248,"href":"https:\/\/oysiao.jlmirall.es\/index.php?rest_route=\/wp\/v2\/posts\/4213\/revisions\/4248"}],"wp:attachment":[{"href":"https:\/\/oysiao.jlmirall.es\/index.php?rest_route=%2Fwp%2Fv2%2Fmedia&parent=4213"}],"wp:term":[{"taxonomy":"category","embeddable":true,"href":"https:\/\/oysiao.jlmirall.es\/index.php?rest_route=%2Fwp%2Fv2%2Fcategories&post=4213"},{"taxonomy":"post_tag","embeddable":true,"href":"https:\/\/oysiao.jlmirall.es\/index.php?rest_route=%2Fwp%2Fv2%2Ftags&post=4213"}],"curies":[{"name":"wp","href":"https:\/\/api.w.org\/{rel}","templated":true}]}}