{"id":4253,"date":"2015-02-02T10:00:00","date_gmt":"2015-02-02T08:00:00","guid":{"rendered":"http:\/\/jlmirall.es\/oysiao\/?p=4253"},"modified":"2015-03-10T11:21:20","modified_gmt":"2015-03-10T09:21:20","slug":"3-ideas-politicamente-icorrectas-sobre-la-educacion-musical","status":"publish","type":"post","link":"https:\/\/oysiao.jlmirall.es\/?p=4253","title":{"rendered":"3 ideas pol\u00edticamente icorrectas sobre la educaci\u00f3n musical"},"content":{"rendered":"<p>Hay realidades en la educaci\u00f3n musical sobre las cuales la mayor\u00eda de la gente piensa de una determinada forma sin darse cuenta de lo que realmente est\u00e1 detr\u00e1s. Mediante memes generados en someecards vamos a realizar algunas incorrecciones pol\u00edticas sobre las mismas.<\/p>\n<span class='bctt-click-to-tweet'><span class='bctt-ctt-text'><a href='https:\/\/x.com\/intent\/tweet?url=https%3A%2F%2Fwp.me%2Fp74VZt-16B&#038;text=3%20ideas%20pol%C3%ADticamente%20incorrectas%20sobre%20la%20educaci%C3%B3n%20musical.&#038;via=Miralles&#038;related=Miralles' target='_blank'rel=\"noopener noreferrer\">3 ideas pol\u00edticamente incorrectas sobre la educaci\u00f3n musical. <\/a><\/span><a href='https:\/\/x.com\/intent\/tweet?url=https%3A%2F%2Fwp.me%2Fp74VZt-16B&#038;text=3%20ideas%20pol%C3%ADticamente%20incorrectas%20sobre%20la%20educaci%C3%B3n%20musical.&#038;via=Miralles&#038;related=Miralles' target='_blank' class='bctt-ctt-btn'rel=\"noopener noreferrer\">Compartir en X<\/a><\/span>\n<p>\u00bfCu\u00e1ntas veces un profesor de instrumento musical ha o\u00eddo esta frase por boca de los padres de sus alumnos? \u00bfQu\u00e9 pasar\u00eda si se la dijeran al profesor de mates?<\/p>\n<p style=\"text-align: center;\"><img loading=\"lazy\" decoding=\"async\" class=\"wpimagehover aligncenter wp-image-4254 size-large\" title=\"Hay deberes, y deberes...\" src=\"http:\/\/oysiao.jlmirall.es\/wp-content\/uploads\/2015\/02\/Los-deberes-1024x439.png\" alt=\"\" width=\"700\" height=\"300\" data-fburl=\"CURRENT\" data-tweeturl=\"CURRENT\" data-linkedinurl=\"CURRENT\" data-pinurl=\"CURRENT\" data-plusurl=\"CURRENT\" data-diggurl=\"CURRENT\" data-deliciousurl=\"CURRENT\" data-sstyle=\"circle\" data-sharetxt=\"Hay deberes, y deberes... via @Miralles [Oysiao en el Oasis]\" data-animation=\"fade\" srcset=\"https:\/\/oysiao.jlmirall.es\/wp-content\/uploads\/2015\/02\/Los-deberes-1024x439.png 1024w, https:\/\/oysiao.jlmirall.es\/wp-content\/uploads\/2015\/02\/Los-deberes-300x128.png 300w, https:\/\/oysiao.jlmirall.es\/wp-content\/uploads\/2015\/02\/Los-deberes.png 1120w\" sizes=\"auto, (max-width: 700px) 100vw, 700px\" \/><\/p>\n<p>\u00bfCu\u00e1ntas veces oyes frases de los \u00abno-m\u00fasicos\u00bb que descubren sus pensamientos sobre el hecho de que estudiar m\u00fasica es un divertido pasatiempo, pero no una carrera de verdad?<\/p>\n<p><img loading=\"lazy\" decoding=\"async\" class=\"wpimagehover aligncenter size-large wp-image-4255\" src=\"http:\/\/oysiao.jlmirall.es\/wp-content\/uploads\/2015\/02\/Los-coles-1024x469.png\" alt=\"\" width=\"700\" height=\"320\" data-fburl=\"CURRENT\" data-tweeturl=\"CURRENT\" data-linkedinurl=\"CURRENT\" data-pinurl=\"CURRENT\" data-plusurl=\"CURRENT\" data-diggurl=\"CURRENT\" data-deliciousurl=\"CURRENT\" data-sstyle=\"circle\" data-sharetxt=\"Hablando de coles... via @Miralles [Oysiao en el Oasis]\" data-animation=\"fade\" srcset=\"https:\/\/oysiao.jlmirall.es\/wp-content\/uploads\/2015\/02\/Los-coles-1024x469.png 1024w, https:\/\/oysiao.jlmirall.es\/wp-content\/uploads\/2015\/02\/Los-coles-300x137.png 300w, https:\/\/oysiao.jlmirall.es\/wp-content\/uploads\/2015\/02\/Los-coles.png 1096w\" sizes=\"auto, (max-width: 700px) 100vw, 700px\" \/><\/p>\n<p>Cuando desde la educaci\u00f3n art\u00edstica nos sentimos atacados en la distribuci\u00f3n de horas de ense\u00f1anza enseguida salimos en su defensa con todos los beneficios que \u00e9sta reporta al resto de asignaturas del curr\u00edculum. Es cierto, la m\u00fasica ayuda en muchas \u00e1reas de la formaci\u00f3n de la persona, pero \u00bfsiempre tenemos que ver nuestra utilidad en funci\u00f3n de lo mucho o poco que podamos ayudar a otras asignaturas? Sin embargo, hay otras asignaturas que se defienden de la forma contraria, diciendo que el resto de asignaturas deben ayudarlas a ellas&#8230;<\/p>\n<p><img loading=\"lazy\" decoding=\"async\" class=\"wpimagehover aligncenter size-large wp-image-4256\" src=\"http:\/\/oysiao.jlmirall.es\/wp-content\/uploads\/2015\/02\/Quien-manda-1024x440.png\" alt=\"\" width=\"700\" height=\"300\" data-fburl=\"CURRENT\" data-tweeturl=\"CURRENT\" data-linkedinurl=\"CURRENT\" data-pinurl=\"CURRENT\" data-plusurl=\"CURRENT\" data-diggurl=\"CURRENT\" data-deliciousurl=\"CURRENT\" data-sstyle=\"circle\" data-sharetxt=\"Qui\u00e9n manda aqu\u00ed... via @Miralles [Oysiao en el Oasis]\" data-animation=\"fade\" srcset=\"https:\/\/oysiao.jlmirall.es\/wp-content\/uploads\/2015\/02\/Quien-manda-1024x440.png 1024w, https:\/\/oysiao.jlmirall.es\/wp-content\/uploads\/2015\/02\/Quien-manda-300x129.png 300w, https:\/\/oysiao.jlmirall.es\/wp-content\/uploads\/2015\/02\/Quien-manda.png 1137w\" sizes=\"auto, (max-width: 700px) 100vw, 700px\" \/><\/p>\n<p>\u00bfTe gustar\u00eda compartir estos memes en tu red social? Pero\u00a0<em><strong>\u00bfno te decides por cu\u00e1l compartir?<\/strong> <\/em>No te preocupes, aqu\u00ed te los resumo en una imagen:<\/p>\n<p><img loading=\"lazy\" decoding=\"async\" class=\"wpimagehover aligncenter size-full wp-image-4266\" src=\"http:\/\/oysiao.jlmirall.es\/wp-content\/uploads\/2015\/02\/3-ideas.png\" alt=\"\" width=\"738\" height=\"1008\" data-fburl=\"CURRENT\" data-tweeturl=\"CURRENT\" data-linkedinurl=\"CURRENT\" data-pinurl=\"CURRENT\" data-plusurl=\"CURRENT\" data-diggurl=\"CURRENT\" data-deliciousurl=\"CURRENT\" data-sstyle=\"circle\" data-sharetxt=\"3 ideas pol\u00edticamente incorrectas sobre la educaci\u00f3n musical via @Miralles\" data-animation=\"fade\" srcset=\"https:\/\/oysiao.jlmirall.es\/wp-content\/uploads\/2015\/02\/3-ideas.png 738w, https:\/\/oysiao.jlmirall.es\/wp-content\/uploads\/2015\/02\/3-ideas-220x300.png 220w, https:\/\/oysiao.jlmirall.es\/wp-content\/uploads\/2015\/02\/3-ideas-300x410.png 300w\" sizes=\"auto, (max-width: 738px) 100vw, 738px\" \/><\/p>\n","protected":false},"excerpt":{"rendered":"<p>Hay realidades en la educaci\u00f3n musical sobre las cuales la mayor\u00eda de la gente piensa de una determinada forma sin darse cuenta de lo que realmente est\u00e1 detr\u00e1s. Mediante memes generados en someecards vamos a realizar algunas incorrecciones pol\u00edticas sobre las mismas. \u00bfCu\u00e1ntas veces un profesor de instrumento musical ha&hellip; <\/p>\n","protected":false},"author":2,"featured_media":0,"comment_status":"open","ping_status":"closed","sticky":false,"template":"","format":"standard","meta":{"jetpack_post_was_ever_published":false,"_jetpack_newsletter_access":"","_jetpack_dont_email_post_to_subs":false,"_jetpack_newsletter_tier_id":0,"_jetpack_memberships_contains_paywalled_content":false,"_jetpack_memberships_contains_paid_content":false,"footnotes":"","jetpack_publicize_message":"","jetpack_publicize_feature_enabled":true,"jetpack_social_post_already_shared":true,"jetpack_social_options":{"image_generator_settings":{"template":"highway","default_image_id":0,"font":"","enabled":false},"version":2}},"categories":[1,154],"tags":[],"class_list":["post-4253","post","type-post","status-publish","format-standard","hentry","category-general","category-tw"],"jetpack_publicize_connections":[],"jetpack_featured_media_url":"","jetpack_shortlink":"https:\/\/wp.me\/p74VZt-16B","jetpack_sharing_enabled":true,"_links":{"self":[{"href":"https:\/\/oysiao.jlmirall.es\/index.php?rest_route=\/wp\/v2\/posts\/4253","targetHints":{"allow":["GET"]}}],"collection":[{"href":"https:\/\/oysiao.jlmirall.es\/index.php?rest_route=\/wp\/v2\/posts"}],"about":[{"href":"https:\/\/oysiao.jlmirall.es\/index.php?rest_route=\/wp\/v2\/types\/post"}],"author":[{"embeddable":true,"href":"https:\/\/oysiao.jlmirall.es\/index.php?rest_route=\/wp\/v2\/users\/2"}],"replies":[{"embeddable":true,"href":"https:\/\/oysiao.jlmirall.es\/index.php?rest_route=%2Fwp%2Fv2%2Fcomments&post=4253"}],"version-history":[{"count":13,"href":"https:\/\/oysiao.jlmirall.es\/index.php?rest_route=\/wp\/v2\/posts\/4253\/revisions"}],"predecessor-version":[{"id":4270,"href":"https:\/\/oysiao.jlmirall.es\/index.php?rest_route=\/wp\/v2\/posts\/4253\/revisions\/4270"}],"wp:attachment":[{"href":"https:\/\/oysiao.jlmirall.es\/index.php?rest_route=%2Fwp%2Fv2%2Fmedia&parent=4253"}],"wp:term":[{"taxonomy":"category","embeddable":true,"href":"https:\/\/oysiao.jlmirall.es\/index.php?rest_route=%2Fwp%2Fv2%2Fcategories&post=4253"},{"taxonomy":"post_tag","embeddable":true,"href":"https:\/\/oysiao.jlmirall.es\/index.php?rest_route=%2Fwp%2Fv2%2Ftags&post=4253"}],"curies":[{"name":"wp","href":"https:\/\/api.w.org\/{rel}","templated":true}]}}