{"id":4271,"date":"2015-02-04T11:32:21","date_gmt":"2015-02-04T09:32:21","guid":{"rendered":"http:\/\/jlmirall.es\/oysiao\/?p=4271"},"modified":"2015-03-10T11:46:00","modified_gmt":"2015-03-10T09:46:00","slug":"andalucia-procrastina-la-creacion-de-catedraticos-de-conservatorio","status":"publish","type":"post","link":"https:\/\/oysiao.jlmirall.es\/?p=4271","title":{"rendered":"Andaluc\u00eda procrastina la creaci\u00f3n de Catedr\u00e1ticos de Conservatorio"},"content":{"rendered":"<p>La Junta de Andaluc\u00eda ha procrastinado la creaci\u00f3n de nuevos catedr\u00e1ticos por falta de consenso entre los que se quer\u00edan convertir en catedr\u00e1ticos.<\/p>\n<span class='bctt-click-to-tweet'><span class='bctt-ctt-text'><a href='https:\/\/x.com\/intent\/tweet?url=https%3A%2F%2Fwp.me%2Fp74VZt-16T&#038;text=Andaluc%C3%ADa%20procrastina%20la%20creaci%C3%B3n%20de%20Catedr%C3%A1ticos%20de%20Conservatorio&#038;via=Miralles&#038;related=Miralles' target='_blank'rel=\"noopener noreferrer\">Andaluc\u00eda procrastina la creaci\u00f3n de Catedr\u00e1ticos de Conservatorio <\/a><\/span><a href='https:\/\/x.com\/intent\/tweet?url=https%3A%2F%2Fwp.me%2Fp74VZt-16T&#038;text=Andaluc%C3%ADa%20procrastina%20la%20creaci%C3%B3n%20de%20Catedr%C3%A1ticos%20de%20Conservatorio&#038;via=Miralles&#038;related=Miralles' target='_blank' class='bctt-ctt-btn'rel=\"noopener noreferrer\">Compartir en X<\/a><\/span>\n<p>Para los despistaos sobre qu\u00e9 pinta un catedr\u00e1tico en un conservatorio: <a title=\"Catedr\u00e1ticos, Interinos, Comisiones de Servicio y otros trampantojos de los Conservatorios.\" href=\"http:\/\/oysiao.jlmirall.es\/?p=1258\">catedr\u00e1ticos, interinos, comisiones de servicio y otros trampantojos de los conservatorios.<\/a>\u00a0Y para los que no estaban al tanto de que hab\u00eda que poner las barbas a remojar vistos los borradores y convocatorias sobre plazas de catedr\u00e1tico: <a title=\"El retorno de los catedr\u00e1ticos de conservatorio (antes de que se extingan\u2026)\" href=\"http:\/\/oysiao.jlmirall.es\/?p=4191\">El retorno de los catedr\u00e1ticos de conservatorio (antes de que se extingan&#8230;)<\/a><\/p>\n<p>El tema b\u00e1sico de la pol\u00e9mica ya lo resum\u00ed en este meme (elaboraci\u00f3n propia):<\/p>\n<p><a href=\"http:\/\/oysiao.jlmirall.es\/wp-content\/uploads\/2015\/01\/retorno-c.png\"><img loading=\"lazy\" decoding=\"async\" class=\"aligncenter wp-image-4208 \" src=\"http:\/\/oysiao.jlmirall.es\/wp-content\/uploads\/2015\/01\/retorno-c.png\" alt=\"retorno c\" width=\"585\" height=\"329\" srcset=\"https:\/\/oysiao.jlmirall.es\/wp-content\/uploads\/2015\/01\/retorno-c.png 1024w, https:\/\/oysiao.jlmirall.es\/wp-content\/uploads\/2015\/01\/retorno-c-300x168.png 300w\" sizes=\"auto, (max-width: 585px) 100vw, 585px\" \/><\/a><\/p>\n<p>Y uso el verbo procrastinar porque la creaci\u00f3n de nuevos catedr\u00e1ticos es un asunto importante que no debemos aplazar mucho en los conservatorios. La inocentada que escrib\u00ed en mi blog lleg\u00f3 en 2 d\u00edas a 12.000 personas del mundo de los conservatorios de forma viral, lo cual demuestra la urgencia del tema. Aqu\u00ed link a: <a title=\"Se crea el nuevo cuerpo de Catedr\u00e1ticos de Ense\u00f1anzas Profesionales en M\u00fasica y Danza\" href=\"http:\/\/oysiao.jlmirall.es\/?p=4161\" target=\"_blank\">inocentada<\/a> y <a title=\"NO se crea el nuevo cuerpo de Catedr\u00e1ticos de Ense\u00f1anzas Profesionales de M\u00fasica y Danza\" href=\"http:\/\/oysiao.jlmirall.es\/?p=4171\" target=\"_blank\">post-inocentada<\/a>.<\/p>\n<p>Pero vayamos a las declaraciones de la Junta de Andaluc\u00eda en la nota de prensa publicada en su web:<\/p>\n<blockquote><p>La Junta no tramitar\u00e1 la convocatoria para catedr\u00e1ticos de ense\u00f1anzas art\u00edsticas<\/p>\n<p>Jueves, 29 de enero de 2015<\/p>\n<p>La Consejer\u00eda de Educaci\u00f3n, Cultura y Deporte ha informado que no tramitar\u00e1 la convocatoria de 175 plazas para el cuerpo de catedr\u00e1tico de ense\u00f1anzas art\u00edsticas.<\/p>\n<p>Desde la administraci\u00f3n auton\u00f3mica se hace saber que desde el mismo momento del anuncio, una convocatoria que no se celebraba desde el a\u00f1o 1990, se inici\u00f3 una negociaci\u00f3n a trav\u00e9s de mesas t\u00e9cnicas y mesas sectoriales para que con del di\u00e1logo, la participaci\u00f3n y la m\u00e1xima transparencia se elaborara conjuntamente un proyecto de decreto que habilitara esta oferta p\u00fablica.<\/p>\n<p>Ante la imposibilidad de llegar a un acuerdo se paraliza la tramitaci\u00f3n hasta que se alcance el m\u00e1ximo consenso por todas las partes.<\/p><\/blockquote>\n<p>&nbsp;<\/p>\n<p>En la anterior entrada en este blog sobre este tema, dejaba en abierto una encuesta para que cada uno ideara su sistema sobre acceso a c\u00e1tedras ideal, pues bien, despu\u00e9s de 16 respuestas (entre las cuales, <strong>no<\/strong> se encuentra la m\u00eda) se podr\u00eda decir que ha pasado ya una revisi\u00f3n mayor que la mayor\u00eda de la legislaci\u00f3n musical publicada en las \u00faltimas d\u00e9cadas. Los resultados son los siguientes:<\/p>\n<p class=\"jetpack-slideshow-noscript robots-nocontent\">El pase de diapositivas requiere JavaScript.<\/p><div id=\"gallery-4271-1-slideshow\" class=\"jetpack-slideshow-window jetpack-slideshow jetpack-slideshow-black\" data-trans=\"fade\" data-autostart=\"1\" data-gallery=\"[{&quot;src&quot;:&quot;https:\\\/\\\/oysiao.jlmirall.es\\\/wp-content\\\/uploads\\\/2015\\\/02\\\/Captura-de-pantalla-2015-02-07-a-les-9.48.24.png&quot;,&quot;id&quot;:&quot;4303&quot;,&quot;title&quot;:&quot;Captura de pantalla 2015-02-07 a les 9.48.24&quot;,&quot;alt&quot;:&quot;&quot;,&quot;caption&quot;:&quot;&quot;,&quot;itemprop&quot;:&quot;image&quot;},{&quot;src&quot;:&quot;https:\\\/\\\/oysiao.jlmirall.es\\\/wp-content\\\/uploads\\\/2015\\\/02\\\/Captura-de-pantalla-2015-02-07-a-les-9.48.31.png&quot;,&quot;id&quot;:&quot;4306&quot;,&quot;title&quot;:&quot;Captura de pantalla 2015-02-07 a les 9.48.31&quot;,&quot;alt&quot;:&quot;&quot;,&quot;caption&quot;:&quot;&quot;,&quot;itemprop&quot;:&quot;image&quot;},{&quot;src&quot;:&quot;https:\\\/\\\/oysiao.jlmirall.es\\\/wp-content\\\/uploads\\\/2015\\\/02\\\/Captura-de-pantalla-2015-02-07-a-les-9.48.15.png&quot;,&quot;id&quot;:&quot;4305&quot;,&quot;title&quot;:&quot;Captura de pantalla 2015-02-07 a les 9.48.15&quot;,&quot;alt&quot;:&quot;&quot;,&quot;caption&quot;:&quot;&quot;,&quot;itemprop&quot;:&quot;image&quot;},{&quot;src&quot;:&quot;https:\\\/\\\/oysiao.jlmirall.es\\\/wp-content\\\/uploads\\\/2015\\\/02\\\/Captura-de-pantalla-2015-02-07-a-les-9.48.19.png&quot;,&quot;id&quot;:&quot;4304&quot;,&quot;title&quot;:&quot;Captura de pantalla 2015-02-07 a les 9.48.19&quot;,&quot;alt&quot;:&quot;&quot;,&quot;caption&quot;:&quot;&quot;,&quot;itemprop&quot;:&quot;image&quot;},{&quot;src&quot;:&quot;https:\\\/\\\/oysiao.jlmirall.es\\\/wp-content\\\/uploads\\\/2015\\\/02\\\/Captura-de-pantalla-2015-02-07-a-les-9.48.10.png&quot;,&quot;id&quot;:&quot;4302&quot;,&quot;title&quot;:&quot;Captura de pantalla 2015-02-07 a les 9.48.10&quot;,&quot;alt&quot;:&quot;&quot;,&quot;caption&quot;:&quot;&quot;,&quot;itemprop&quot;:&quot;image&quot;},{&quot;src&quot;:&quot;https:\\\/\\\/oysiao.jlmirall.es\\\/wp-content\\\/uploads\\\/2015\\\/02\\\/Captura-de-pantalla-2015-02-07-a-les-9.47.48.png&quot;,&quot;id&quot;:&quot;4301&quot;,&quot;title&quot;:&quot;Captura de pantalla 2015-02-07 a les 9.47.48&quot;,&quot;alt&quot;:&quot;&quot;,&quot;caption&quot;:&quot;&quot;,&quot;itemprop&quot;:&quot;image&quot;},{&quot;src&quot;:&quot;https:\\\/\\\/oysiao.jlmirall.es\\\/wp-content\\\/uploads\\\/2015\\\/02\\\/Captura-de-pantalla-2015-02-07-a-les-9.47.40.png&quot;,&quot;id&quot;:&quot;4300&quot;,&quot;title&quot;:&quot;Captura de pantalla 2015-02-07 a les 9.47.40&quot;,&quot;alt&quot;:&quot;&quot;,&quot;caption&quot;:&quot;&quot;,&quot;itemprop&quot;:&quot;image&quot;},{&quot;src&quot;:&quot;https:\\\/\\\/oysiao.jlmirall.es\\\/wp-content\\\/uploads\\\/2015\\\/02\\\/Captura-de-pantalla-2015-02-07-a-les-9.47.55.png&quot;,&quot;id&quot;:&quot;4299&quot;,&quot;title&quot;:&quot;Captura de pantalla 2015-02-07 a les 9.47.55&quot;,&quot;alt&quot;:&quot;&quot;,&quot;caption&quot;:&quot;&quot;,&quot;itemprop&quot;:&quot;image&quot;},{&quot;src&quot;:&quot;https:\\\/\\\/oysiao.jlmirall.es\\\/wp-content\\\/uploads\\\/2015\\\/02\\\/Captura-de-pantalla-2015-02-07-a-les-9.47.59.png&quot;,&quot;id&quot;:&quot;4298&quot;,&quot;title&quot;:&quot;Captura de pantalla 2015-02-07 a les 9.47.59&quot;,&quot;alt&quot;:&quot;&quot;,&quot;caption&quot;:&quot;&quot;,&quot;itemprop&quot;:&quot;image&quot;}]\" itemscope itemtype=\"https:\/\/schema.org\/ImageGallery\"><\/div>\n<p>En el campo libre de respuesta se ha contestado:<\/p>\n<ul>\n<li><em>Siempre que lo que se dise\u00f1e sea una ense\u00f1anza realmente superior, que ayude a compilar y difundir el conocimiento que genera, me conformo.<\/em><\/li>\n<li><em>Habr\u00eda que describir qui\u00e9nes van a formar los tribunales que van a evaluar las pruebas pr\u00e1cticas, ya que deben incluirse personalidades de reconocido prestigio en el mundo de la m\u00fasica y no solamente los amiguitos del profesor que haya pasado por el superior de turno.<\/em><\/li>\n<li><em>Deber\u00edan reorganizarse todos los Conservatorios Superiores de Espa\u00f1a a la vez, y no por comunidades y a cuentagotas.<\/em><\/li>\n<li><em>Los tribunales que se formar\u00edan con actuales catedr\u00e1ticos en ejercicio serian de charanga.<\/em><\/li>\n<li><em>No podemos seguir con un sistema de est\u00f3magos agradecidos<\/em><\/li>\n<li><em>No es un asunto para tomar a broma<\/em><\/li>\n<li><em>Esta encuesta mezcla dos conceptos diferentes e igualmente v\u00e1lidos. No es lo mismo el acceso a c\u00e1tedra de un docente con oposici\u00f3n y experiencia que el ingreso de alguien que quisiera entrar como catedratico en la funci\u00f3n p\u00fablica. Dos sistemas con luces y sombras habilitados por el mismo RD. Felicidades no obstante por tratar este tema en tu blog de manera tan extensa.<\/em><\/li>\n<\/ul>\n<p>Y aqu\u00ed el enlace al <em><strong>informe vivo\u00a0<\/strong><\/em>(actualizado autom\u00e1ticamente a cada respuesta):\u00a0<a href=\"https:\/\/jlmiralles.typeform.com\/report\/Y2SnHu\/YdrI\u00a0\" target=\"_blank\">https:\/\/jlmiralles.typeform.com\/report\/Y2SnHu\/YdrI\u00a0<\/a><\/p>\n<span class='bctt-click-to-tweet'><span class='bctt-ctt-text'><a href='https:\/\/x.com\/intent\/tweet?url=https%3A%2F%2Fwp.me%2Fp74VZt-16T&#038;text=Resultados%20en%20vivo%20de%20encuesta%20sobre%20acceso%20a%20c%C3%A1tedras%20https%3A%2F%2Fjlmiralles.typeform.com%2Freport%2FY2SnHu%2FYdrI%20&#038;via=Miralles&#038;related=Miralles' target='_blank'rel=\"noopener noreferrer\">Resultados en vivo de encuesta sobre acceso a c\u00e1tedras https:\/\/jlmiralles.typeform.com\/report\/Y2SnHu\/YdrI  <\/a><\/span><a href='https:\/\/x.com\/intent\/tweet?url=https%3A%2F%2Fwp.me%2Fp74VZt-16T&#038;text=Resultados%20en%20vivo%20de%20encuesta%20sobre%20acceso%20a%20c%C3%A1tedras%20https%3A%2F%2Fjlmiralles.typeform.com%2Freport%2FY2SnHu%2FYdrI%20&#038;via=Miralles&#038;related=Miralles' target='_blank' class='bctt-ctt-btn'rel=\"noopener noreferrer\">Compartir en X<\/a><\/span>\n<p>Si quieres a\u00f1adir tu visi\u00f3n a la encuesta aqu\u00ed tienes de nuevo el enlace a la misma:<br \/>\n<!-- Change the width and height values to suit you best --><\/p>\n<div class=\"typeform-widget\" style=\"width: 100%; height: 500px;\" data-url=\"https:\/\/jlmiralles.typeform.com\/to\/Y2SnHu\" data-text=\"El retorno de los catedr\u00e1ticos\"><\/div>\n<p><script type=\"text\/javascript\">\/\/ <![CDATA[\n(function(){var qs,js,q,s,d=document,gi=d.getElementById,ce=d.createElement,gt=d.getElementsByTagName,id='typef_orm',b='https:\/\/s3-eu-west-1.amazonaws.com\/share.typeform.com\/';if(!gi.call(d,id)){js=ce.call(d,'script');js.id=id;js.src=b+'widget.js';q=gt.call(d,'script')[0];q.parentNode.insertBefore(js,q)}})()\n\/\/ ]]><\/script><\/p>\n<div style=\"font-family: Sans-Serif; font-size: 12px; color: #999; opacity: 0.5; padding-top: 5px;\">Powered by <a style=\"color: #999;\" href=\"http:\/\/www.typeform.com\/?utm_campaign=typeform_Y2SnHu&amp;utm_source=website&amp;utm_medium=typeform&amp;utm_content=typeform-embedded&amp;utm_term=Espa\u00f1ol\" target=\"_blank\">Typeform<\/a><\/div>\n","protected":false},"excerpt":{"rendered":"<p>La Junta de Andaluc\u00eda ha procrastinado la creaci\u00f3n de nuevos catedr\u00e1ticos por falta de consenso entre los que se quer\u00edan convertir en catedr\u00e1ticos. Para los despistaos sobre qu\u00e9 pinta un catedr\u00e1tico en un conservatorio: catedr\u00e1ticos, interinos, comisiones de servicio y otros trampantojos de los conservatorios.\u00a0Y para los que no estaban&hellip; <\/p>\n","protected":false},"author":2,"featured_media":0,"comment_status":"open","ping_status":"closed","sticky":false,"template":"","format":"standard","meta":{"jetpack_post_was_ever_published":false,"_jetpack_newsletter_access":"","_jetpack_dont_email_post_to_subs":false,"_jetpack_newsletter_tier_id":0,"_jetpack_memberships_contains_paywalled_content":false,"_jetpack_memberships_contains_paid_content":false,"footnotes":"","jetpack_publicize_message":"","jetpack_publicize_feature_enabled":true,"jetpack_social_post_already_shared":true,"jetpack_social_options":{"image_generator_settings":{"template":"highway","default_image_id":0,"font":"","enabled":false},"version":2}},"categories":[139,155,1],"tags":[],"class_list":["post-4271","post","type-post","status-publish","format-standard","hentry","category-actualidad-de-la-educacion-musical","category-ntw","category-general"],"jetpack_publicize_connections":[],"jetpack_featured_media_url":"","jetpack_shortlink":"https:\/\/wp.me\/p74VZt-16T","jetpack_sharing_enabled":true,"_links":{"self":[{"href":"https:\/\/oysiao.jlmirall.es\/index.php?rest_route=\/wp\/v2\/posts\/4271","targetHints":{"allow":["GET"]}}],"collection":[{"href":"https:\/\/oysiao.jlmirall.es\/index.php?rest_route=\/wp\/v2\/posts"}],"about":[{"href":"https:\/\/oysiao.jlmirall.es\/index.php?rest_route=\/wp\/v2\/types\/post"}],"author":[{"embeddable":true,"href":"https:\/\/oysiao.jlmirall.es\/index.php?rest_route=\/wp\/v2\/users\/2"}],"replies":[{"embeddable":true,"href":"https:\/\/oysiao.jlmirall.es\/index.php?rest_route=%2Fwp%2Fv2%2Fcomments&post=4271"}],"version-history":[{"count":8,"href":"https:\/\/oysiao.jlmirall.es\/index.php?rest_route=\/wp\/v2\/posts\/4271\/revisions"}],"predecessor-version":[{"id":4309,"href":"https:\/\/oysiao.jlmirall.es\/index.php?rest_route=\/wp\/v2\/posts\/4271\/revisions\/4309"}],"wp:attachment":[{"href":"https:\/\/oysiao.jlmirall.es\/index.php?rest_route=%2Fwp%2Fv2%2Fmedia&parent=4271"}],"wp:term":[{"taxonomy":"category","embeddable":true,"href":"https:\/\/oysiao.jlmirall.es\/index.php?rest_route=%2Fwp%2Fv2%2Fcategories&post=4271"},{"taxonomy":"post_tag","embeddable":true,"href":"https:\/\/oysiao.jlmirall.es\/index.php?rest_route=%2Fwp%2Fv2%2Ftags&post=4271"}],"curies":[{"name":"wp","href":"https:\/\/api.w.org\/{rel}","templated":true}]}}