{"id":4315,"date":"2015-02-11T21:06:52","date_gmt":"2015-02-11T19:06:52","guid":{"rendered":"http:\/\/jlmirall.es\/oysiao\/?p=4315"},"modified":"2015-03-10T11:45:54","modified_gmt":"2015-03-10T09:45:54","slug":"ii-congreso-nacional-de-conservatorios-superiores","status":"publish","type":"post","link":"https:\/\/oysiao.jlmirall.es\/?p=4315","title":{"rendered":"II Congreso Nacional de Conservatorios Superiores"},"content":{"rendered":"<p><a href=\"http:\/\/oysiao.jlmirall.es\/wp-content\/uploads\/2015\/02\/II-CONGRESO-NACIONAL-INFORMACI\u00d3N.jpg\"><img loading=\"lazy\" decoding=\"async\" class=\"aligncenter size-large wp-image-4316\" src=\"http:\/\/oysiao.jlmirall.es\/wp-content\/uploads\/2015\/02\/II-CONGRESO-NACIONAL-INFORMACI\u00d3N-724x1024.jpg\" alt=\"II CONGRESO NACIONAL INFORMACI\u00d3N\" width=\"700\" height=\"990\" srcset=\"https:\/\/oysiao.jlmirall.es\/wp-content\/uploads\/2015\/02\/II-CONGRESO-NACIONAL-INFORMACI\u00d3N-724x1024.jpg 724w, https:\/\/oysiao.jlmirall.es\/wp-content\/uploads\/2015\/02\/II-CONGRESO-NACIONAL-INFORMACI\u00d3N-212x300.jpg 212w, https:\/\/oysiao.jlmirall.es\/wp-content\/uploads\/2015\/02\/II-CONGRESO-NACIONAL-INFORMACI\u00d3N-300x424.jpg 300w, https:\/\/oysiao.jlmirall.es\/wp-content\/uploads\/2015\/02\/II-CONGRESO-NACIONAL-INFORMACI\u00d3N.jpg 1240w\" sizes=\"auto, (max-width: 700px) 100vw, 700px\" \/><\/a><\/p>\n<div class=\"page\" title=\"Page 2\">\n<div class=\"layoutArea\">\n<div class=\"column\">\n<p style=\"text-align: center;\"><strong>II CONGRESO NACIONAL DE<\/strong><\/p>\n<p style=\"text-align: center;\"><strong>CONSERVATORIOS<\/strong><\/p>\n<p style=\"text-align: center;\"><strong>SUPERIORES DE M\u00daSICA<\/strong><\/p>\n<p style=\"text-align: center;\">Madrid, 12, 13 y 14 de marzo de 2015<\/p>\n<p>L\u00cdNEAS TEM\u00c1TICAS<\/p>\n<ul>\n<li>Investigaci\u00f3n musical \u00absobre\u00bb la m\u00fasica o \u00abdesde\u00bb la m\u00fasica<\/li>\n<li>La inter-relaci\u00f3n de los diferentes niveles educativos con las Ense\u00f1anzas Superiores de M\u00fasica: Primaria, Infantil, Secundaria, Bachillerato, Escuelas de M\u00fasica y Centros Autorizados, Conservatorios Elementales y Profesionales, Academias&#8230;<\/li>\n<li>Competencias, titulaciones y empleabilidad<\/li>\n<li>Las agrupaciones musicales en los centros educativos<\/li>\n<li>La formaci\u00f3n inicial y continua del profesorado<\/li>\n<li>Las pol\u00edticas educativas, participaci\u00f3n y renovaci\u00f3n<\/li>\n<li>Proyectos y experiencias de innovaci\u00f3n educativa<\/li>\n<li>Gesti\u00f3n de proyectos educativos, espacios y recursos\n<p style=\"text-align: center;\">FECHAS CLAVE Inscripciones:<br \/>\nHasta el 6 de marzo 2015 Env\u00edo de Abstrats: hasta el 25 de febrero de 2014 Aceptaciones:<br \/>\na partir del 1 de marzo de 2014<\/p>\n<p style=\"text-align: center;\">Modalidades de presentaci\u00f3n<\/p>\n<p style=\"text-align: center;\">Ponencias \/ Comunicaciones orales \/ Comunicaciones en p\u00f3ster<\/p>\n<p style=\"text-align: center;\">LUGAR DE CELEBRACI\u00d3N<\/p>\n<p style=\"text-align: center;\">Real Conservatorio Superior de M\u00fasica de Madrid<\/p>\n<\/li>\n<\/ul>\n<p style=\"text-align: center;\"><strong>+ info:\u00a0<a href=\"http:\/\/i-cncsm3.webnode.es\/ii-congreso-de-conservatorios-superiores-de-musica\/\">http:\/\/i-cncsm3.webnode.es\/ii-congreso-de-conservatorios-superiores-de-musica\/<\/a><\/strong><\/p>\n<\/div>\n<\/div>\n<\/div>\n","protected":false},"excerpt":{"rendered":"<p>II CONGRESO NACIONAL DE CONSERVATORIOS SUPERIORES DE M\u00daSICA Madrid, 12, 13 y 14 de marzo de 2015 L\u00cdNEAS TEM\u00c1TICAS Investigaci\u00f3n musical \u00absobre\u00bb la m\u00fasica o \u00abdesde\u00bb la m\u00fasica La inter-relaci\u00f3n de los diferentes niveles educativos con las Ense\u00f1anzas Superiores de M\u00fasica: Primaria, Infantil, Secundaria, Bachillerato, Escuelas de M\u00fasica y Centros&hellip; <\/p>\n","protected":false},"author":2,"featured_media":0,"comment_status":"open","ping_status":"closed","sticky":false,"template":"","format":"standard","meta":{"jetpack_post_was_ever_published":false,"_jetpack_newsletter_access":"","_jetpack_dont_email_post_to_subs":false,"_jetpack_newsletter_tier_id":0,"_jetpack_memberships_contains_paywalled_content":false,"_jetpack_memberships_contains_paid_content":false,"footnotes":"","jetpack_publicize_message":"","jetpack_publicize_feature_enabled":true,"jetpack_social_post_already_shared":true,"jetpack_social_options":{"image_generator_settings":{"template":"highway","default_image_id":0,"font":"","enabled":false},"version":2}},"categories":[139,155,1],"tags":[],"class_list":["post-4315","post","type-post","status-publish","format-standard","hentry","category-actualidad-de-la-educacion-musical","category-ntw","category-general"],"jetpack_publicize_connections":[],"jetpack_featured_media_url":"","jetpack_shortlink":"https:\/\/wp.me\/p74VZt-17B","jetpack_sharing_enabled":true,"_links":{"self":[{"href":"https:\/\/oysiao.jlmirall.es\/index.php?rest_route=\/wp\/v2\/posts\/4315","targetHints":{"allow":["GET"]}}],"collection":[{"href":"https:\/\/oysiao.jlmirall.es\/index.php?rest_route=\/wp\/v2\/posts"}],"about":[{"href":"https:\/\/oysiao.jlmirall.es\/index.php?rest_route=\/wp\/v2\/types\/post"}],"author":[{"embeddable":true,"href":"https:\/\/oysiao.jlmirall.es\/index.php?rest_route=\/wp\/v2\/users\/2"}],"replies":[{"embeddable":true,"href":"https:\/\/oysiao.jlmirall.es\/index.php?rest_route=%2Fwp%2Fv2%2Fcomments&post=4315"}],"version-history":[{"count":1,"href":"https:\/\/oysiao.jlmirall.es\/index.php?rest_route=\/wp\/v2\/posts\/4315\/revisions"}],"predecessor-version":[{"id":4317,"href":"https:\/\/oysiao.jlmirall.es\/index.php?rest_route=\/wp\/v2\/posts\/4315\/revisions\/4317"}],"wp:attachment":[{"href":"https:\/\/oysiao.jlmirall.es\/index.php?rest_route=%2Fwp%2Fv2%2Fmedia&parent=4315"}],"wp:term":[{"taxonomy":"category","embeddable":true,"href":"https:\/\/oysiao.jlmirall.es\/index.php?rest_route=%2Fwp%2Fv2%2Fcategories&post=4315"},{"taxonomy":"post_tag","embeddable":true,"href":"https:\/\/oysiao.jlmirall.es\/index.php?rest_route=%2Fwp%2Fv2%2Ftags&post=4315"}],"curies":[{"name":"wp","href":"https:\/\/api.w.org\/{rel}","templated":true}]}}