{"id":4319,"date":"2015-03-06T15:17:06","date_gmt":"2015-03-06T13:17:06","guid":{"rendered":"http:\/\/jlmirall.es\/oysiao\/?p=4319"},"modified":"2015-03-10T11:45:49","modified_gmt":"2015-03-10T09:45:49","slug":"sentencia-sobre-catedras-de-musica-en-asturias","status":"publish","type":"post","link":"https:\/\/oysiao.jlmirall.es\/?p=4319","title":{"rendered":"Sentencia sobre C\u00e1tedras de M\u00fasica en Asturias"},"content":{"rendered":"<p>De los 4 puntos que desde FETE-UGT se denunciaron de la convocatoria asturiana de c\u00e1tedras, el juzgado de lo contencioso administrativo n\u00ba 4 de Oviedo solo estima el \u00faltimo.<\/p>\n<span class='bctt-click-to-tweet'><span class='bctt-ctt-text'><a href='https:\/\/x.com\/intent\/tweet?url=https%3A%2F%2Fwp.me%2Fp74VZt-17F&#038;text=Sentencia%20sobre%20C%C3%A1tedras%20de%20M%C3%BAsica%20en%20Asturias.&#038;via=Miralles&#038;related=Miralles' target='_blank'rel=\"noopener noreferrer\">Sentencia sobre C\u00e1tedras de M\u00fasica en Asturias. <\/a><\/span><a href='https:\/\/x.com\/intent\/tweet?url=https%3A%2F%2Fwp.me%2Fp74VZt-17F&#038;text=Sentencia%20sobre%20C%C3%A1tedras%20de%20M%C3%BAsica%20en%20Asturias.&#038;via=Miralles&#038;related=Miralles' target='_blank' class='bctt-ctt-btn'rel=\"noopener noreferrer\">Compartir en X<\/a><\/span>\n<h3>Resumen.zip<\/h3>\n<p>Los puntos que FETE-UGT consideraba improcedentes en la convocatoria son:<\/p>\n<ul>\n<li>Exigir requisitos espec\u00edficos consistentes en Doctorado, M\u00e1ster o Suficiencia Investigadora [Desestimado, Resultado: <strong>S\u00ed se deben exigir<\/strong>]<\/li>\n<li>La composici\u00f3n de la comisi\u00f3n de Valoraci\u00f3n [Desestimado]<\/li>\n<li>Que los requisitos del punto uno no est\u00e9n contemplados como m\u00e9ritos\u00a0[Desestimado. Resultado: deben ser requisitos]<\/li>\n<li>Procedimiento de toma de posesi\u00f3n. [Estimado. Resultado: Los que accedan al cuerpo de Catedr\u00e1ticos deber\u00e1n ir a Oviedo]<\/li>\n<\/ul>\n<span class='bctt-click-to-tweet'><span class='bctt-ctt-text'><a href='https:\/\/x.com\/intent\/tweet?url=https%3A%2F%2Fwp.me%2Fp74VZt-17F&#038;text=Juzgado%20de%20Asturias%20determina%20que%20se%20debe%20exigir%20Estudios%20de%20Tercer%20Ciclo%20para%20ser%20Catedr%C3%A1tico%20en%20Conservatorio.&#038;via=Miralles&#038;related=Miralles' target='_blank'rel=\"noopener noreferrer\">Juzgado de Asturias determina que se debe exigir Estudios de Tercer Ciclo para ser Catedr\u00e1tico en Conservatorio. <\/a><\/span><a href='https:\/\/x.com\/intent\/tweet?url=https%3A%2F%2Fwp.me%2Fp74VZt-17F&#038;text=Juzgado%20de%20Asturias%20determina%20que%20se%20debe%20exigir%20Estudios%20de%20Tercer%20Ciclo%20para%20ser%20Catedr%C3%A1tico%20en%20Conservatorio.&#038;via=Miralles&#038;related=Miralles' target='_blank' class='bctt-ctt-btn'rel=\"noopener noreferrer\">Compartir en X<\/a><\/span>\n<p><strong>Sentencia completa<\/strong><\/p>\n<p>Para quien le interese leer la sentencia completa:<\/p>\n<p style=\"margin: 12px auto 6px auto; font-family: Helvetica,Arial,Sans-serif; font-style: normal; font-variant: normal; font-weight: normal; font-size: 14px; line-height: normal; font-size-adjust: none; font-stretch: normal; -x-system-font: none; display: block;\"><a style=\"text-decoration: underline;\" title=\"View 2015 Sentencia Sobre Res. Consej. Educ. Asturias on Scribd\" href=\"https:\/\/es.scribd.com\/doc\/257869075\/2015-Sentencia-Sobre-Res-Consej-Educ-Asturias\">2015 Sentencia Sobre Res. Consej. Educ. Asturias<\/a><\/p>\n<p><iframe loading=\"lazy\" id=\"doc_57629\" class=\"scribd_iframe_embed\" src=\"https:\/\/www.scribd.com\/embeds\/257869075\/content?start_page=1&amp;view_mode=scroll&amp;show_recommendations=true\" width=\"100%\" height=\"600\" frameborder=\"0\" scrolling=\"no\" data-auto-height=\"false\" data-aspect-ratio=\"undefined\"><\/iframe><\/p>\n<p>&nbsp;<\/p>\n<p>En\u00a0<a href=\"https:\/\/jlmiralles.typeform.com\/report\/Y2SnHu\/YdrI\">https:\/\/jlmiralles.typeform.com\/report\/Y2SnHu\/YdrI<\/a>\u00a0puedes ver los resultados en directo de la encuesta que este blog est\u00e1 realizando. Tambi\u00e9n puedes participar en la misma aqu\u00ed:<\/p>\n<p><!-- Change the width and height values to suit you best --><\/p>\n<div class=\"typeform-widget\" style=\"width: 100%; height: 500px;\" data-url=\"https:\/\/jlmiralles.typeform.com\/to\/Y2SnHu\" data-text=\"El retorno de los catedr\u00e1ticos\"><\/div>\n<p><script type=\"text\/javascript\">\/\/ <![CDATA[\n(function(){var qs,js,q,s,d=document,gi=d.getElementById,ce=d.createElement,gt=d.getElementsByTagName,id='typef_orm',b='https:\/\/s3-eu-west-1.amazonaws.com\/share.typeform.com\/';if(!gi.call(d,id)){js=ce.call(d,'script');js.id=id;js.src=b+'widget.js';q=gt.call(d,'script')[0];q.parentNode.insertBefore(js,q)}})()\n\/\/ ]]><\/script><\/p>\n<div style=\"font-family: Sans-Serif; font-size: 12px; color: #999; opacity: 0.5; padding-top: 5px;\">Powered by <a style=\"color: #999;\" href=\"http:\/\/www.typeform.com\/?utm_campaign=typeform_Y2SnHu&amp;utm_source=website&amp;utm_medium=typeform&amp;utm_content=typeform-embedded&amp;utm_term=Espa\u00f1ol\" target=\"_blank\">Typeform<\/a><\/div>\n","protected":false},"excerpt":{"rendered":"<p>De los 4 puntos que desde FETE-UGT se denunciaron de la convocatoria asturiana de c\u00e1tedras, el juzgado de lo contencioso administrativo n\u00ba 4 de Oviedo solo estima el \u00faltimo. Resumen.zip Los puntos que FETE-UGT consideraba improcedentes en la convocatoria son: Exigir requisitos espec\u00edficos consistentes en Doctorado, M\u00e1ster o Suficiencia Investigadora&hellip; <\/p>\n","protected":false},"author":2,"featured_media":0,"comment_status":"open","ping_status":"closed","sticky":false,"template":"","format":"standard","meta":{"jetpack_post_was_ever_published":false,"_jetpack_newsletter_access":"","_jetpack_dont_email_post_to_subs":false,"_jetpack_newsletter_tier_id":0,"_jetpack_memberships_contains_paywalled_content":false,"_jetpack_memberships_contains_paid_content":false,"footnotes":"","jetpack_publicize_message":"","jetpack_publicize_feature_enabled":true,"jetpack_social_post_already_shared":true,"jetpack_social_options":{"image_generator_settings":{"template":"highway","default_image_id":0,"font":"","enabled":false},"version":2}},"categories":[139,33,155,1],"tags":[],"class_list":["post-4319","post","type-post","status-publish","format-standard","hentry","category-actualidad-de-la-educacion-musical","category-historia-de-la-educacion-musical-en-espana","category-ntw","category-general"],"jetpack_publicize_connections":[],"jetpack_featured_media_url":"","jetpack_shortlink":"https:\/\/wp.me\/p74VZt-17F","jetpack_sharing_enabled":true,"_links":{"self":[{"href":"https:\/\/oysiao.jlmirall.es\/index.php?rest_route=\/wp\/v2\/posts\/4319","targetHints":{"allow":["GET"]}}],"collection":[{"href":"https:\/\/oysiao.jlmirall.es\/index.php?rest_route=\/wp\/v2\/posts"}],"about":[{"href":"https:\/\/oysiao.jlmirall.es\/index.php?rest_route=\/wp\/v2\/types\/post"}],"author":[{"embeddable":true,"href":"https:\/\/oysiao.jlmirall.es\/index.php?rest_route=\/wp\/v2\/users\/2"}],"replies":[{"embeddable":true,"href":"https:\/\/oysiao.jlmirall.es\/index.php?rest_route=%2Fwp%2Fv2%2Fcomments&post=4319"}],"version-history":[{"count":1,"href":"https:\/\/oysiao.jlmirall.es\/index.php?rest_route=\/wp\/v2\/posts\/4319\/revisions"}],"predecessor-version":[{"id":4320,"href":"https:\/\/oysiao.jlmirall.es\/index.php?rest_route=\/wp\/v2\/posts\/4319\/revisions\/4320"}],"wp:attachment":[{"href":"https:\/\/oysiao.jlmirall.es\/index.php?rest_route=%2Fwp%2Fv2%2Fmedia&parent=4319"}],"wp:term":[{"taxonomy":"category","embeddable":true,"href":"https:\/\/oysiao.jlmirall.es\/index.php?rest_route=%2Fwp%2Fv2%2Fcategories&post=4319"},{"taxonomy":"post_tag","embeddable":true,"href":"https:\/\/oysiao.jlmirall.es\/index.php?rest_route=%2Fwp%2Fv2%2Ftags&post=4319"}],"curies":[{"name":"wp","href":"https:\/\/api.w.org\/{rel}","templated":true}]}}