{"id":4321,"date":"2015-03-06T15:37:43","date_gmt":"2015-03-06T13:37:43","guid":{"rendered":"http:\/\/jlmirall.es\/oysiao\/?p=4321"},"modified":"2015-03-10T11:45:45","modified_gmt":"2015-03-10T09:45:45","slug":"doble-via-de-acceso-a-catedras-en-comunidad-valenciana","status":"publish","type":"post","link":"https:\/\/oysiao.jlmirall.es\/?p=4321","title":{"rendered":"Doble V\u00eda de Acceso a C\u00e1tedras en Comunidad Valenciana"},"content":{"rendered":"<p>Despu\u00e9s de Andaluc\u00eda y Asturias ya se van conociendo m\u00e1s detalles de la planificaci\u00f3n en la Comunidad Valenciana respecto a la \u00abcatedratizaci\u00f3n\u00bb del personal docente de los Conservatorios.<\/p>\n<p>Habr\u00e1 una doble v\u00eda para convertirse en Catedr\u00e1tico:<\/p>\n<ul>\n<li>Ingreso libre por concurso-oposici\u00f3n (abierta a todo el mundo, independientemente de su condici\u00f3n laboral actual)<\/li>\n<li>Acceso a c\u00e1tedra para profesorado del cuerpo de profesores de m\u00fasica (con 8 a\u00f1os de antig\u00fcedad)<\/li>\n<\/ul>\n<span class='bctt-click-to-tweet'><span class='bctt-ctt-text'><a href='https:\/\/x.com\/intent\/tweet?url=https%3A%2F%2Fwp.me%2Fp74VZt-17H&#038;text=Doble%20v%C3%ADa%20para%20c%C3%A1tedras%20de%20conservatorio%20en%20Comunidad%20Valenciana.&#038;via=Miralles&#038;related=Miralles' target='_blank'rel=\"noopener noreferrer\">Doble v\u00eda para c\u00e1tedras de conservatorio en Comunidad Valenciana. <\/a><\/span><a href='https:\/\/x.com\/intent\/tweet?url=https%3A%2F%2Fwp.me%2Fp74VZt-17H&#038;text=Doble%20v%C3%ADa%20para%20c%C3%A1tedras%20de%20conservatorio%20en%20Comunidad%20Valenciana.&#038;via=Miralles&#038;related=Miralles' target='_blank' class='bctt-ctt-btn'rel=\"noopener noreferrer\">Compartir en X<\/a><\/span>\n<p>Luego tambi\u00e9n existir\u00e1 concurso de traslados para que profesores cuyas especialidad tienen asignaturas que se imparten en Conservatorios superiores (pianista acompa\u00f1ante, repertorio orquestal, etc&#8230;) puedan acceder a esas plazas mediante procedimiento de concurso de traslados.<\/p>\n<p>Ya hemos visto en la <a title=\"Sentencia sobre C\u00e1tedras de M\u00fasica en Asturias\" href=\"http:\/\/oysiao.jlmirall.es\/?p=4319\">sentencia de Asturias<\/a> que estar en posesi\u00f3n de estudios de tercer ciclo debe ser un requisito para el acceso a c\u00e1tedras. Pero ahora, la pregunta que todos se est\u00e1n haciendo&#8230;<\/p>\n<p><strong>\u00bfEstar en comisi\u00f3n de servicios en un conservatorio superior contar\u00e1 m\u00e1s en el baremo de m\u00e9ritos?<\/strong><\/p>\n<span class='bctt-click-to-tweet'><span class='bctt-ctt-text'><a href='https:\/\/x.com\/intent\/tweet?url=https%3A%2F%2Fwp.me%2Fp74VZt-17H&#038;text=%C2%BFEstar%20en%20comisi%C3%B3n%20de%20servicios%20en%20un%20conservatorio%20superior%20contar%C3%A1%20m%C3%A1s%20en%20el%20baremo%20de%20m%C3%A9ritos%3F&#038;via=Miralles&#038;related=Miralles' target='_blank'rel=\"noopener noreferrer\">\u00bfEstar en comisi\u00f3n de servicios en un conservatorio superior contar\u00e1 m\u00e1s en el baremo de m\u00e9ritos? <\/a><\/span><a href='https:\/\/x.com\/intent\/tweet?url=https%3A%2F%2Fwp.me%2Fp74VZt-17H&#038;text=%C2%BFEstar%20en%20comisi%C3%B3n%20de%20servicios%20en%20un%20conservatorio%20superior%20contar%C3%A1%20m%C3%A1s%20en%20el%20baremo%20de%20m%C3%A9ritos%3F&#038;via=Miralles&#038;related=Miralles' target='_blank' class='bctt-ctt-btn'rel=\"noopener noreferrer\">Compartir en X<\/a><\/span>\n<p>Actualmente el procedimiento de provisi\u00f3n de plazas mediante comisi\u00f3n de servicios en un conservatorio superior por parte de profesorado del cuerpo de profesores m\u00fasica y artes esc\u00e9nicas en especialidades propias del cuerpo de catedr\u00e1ticos de m\u00fasica est\u00e1 estancado en un proceso judicial, ya que se ha estado utilizando un procedimiento inadecuado.<\/p>\n<p>Entre los cuerpos de profesores, cuando se est\u00e1 de comisi\u00f3n de servicios en un centro diferente del que tiene el destino definitivo, seg\u00fan que convocatorias del concurso general de traslados, el concursante es penalizado en puntuaci\u00f3n. \u00bfDeber\u00eda, por contra, premiarse la comisi\u00f3n de servicios cuando esta se realiza a un superior?<\/p>\n<p>\u00bfLa adjudicaci\u00f3n de comisiones de servicios hasta la fecha se ha hecho contemplando criterios de igualdad, m\u00e9rito y capacidad?<\/p>\n<span class='bctt-click-to-tweet'><span class='bctt-ctt-text'><a href='https:\/\/x.com\/intent\/tweet?url=https%3A%2F%2Fwp.me%2Fp74VZt-17H&#038;text=%C2%BFLa%20adjudicaci%C3%B3n%20de%20comisiones%20de%20servicios%20hasta%20la%20fecha%20se%20ha%20hecho%20contemplando%20criterios%20de%20igualdad%2C%20m%C3%A9rito%20y%20capacidad%3F&#038;via=Miralles&#038;related=Miralles' target='_blank'rel=\"noopener noreferrer\">\u00bfLa adjudicaci\u00f3n de comisiones de servicios hasta la fecha se ha hecho contemplando criterios de igualdad, m\u00e9rito y capacidad? <\/a><\/span><a href='https:\/\/x.com\/intent\/tweet?url=https%3A%2F%2Fwp.me%2Fp74VZt-17H&#038;text=%C2%BFLa%20adjudicaci%C3%B3n%20de%20comisiones%20de%20servicios%20hasta%20la%20fecha%20se%20ha%20hecho%20contemplando%20criterios%20de%20igualdad%2C%20m%C3%A9rito%20y%20capacidad%3F&#038;via=Miralles&#038;related=Miralles' target='_blank' class='bctt-ctt-btn'rel=\"noopener noreferrer\">Compartir en X<\/a><\/span>\n<p>Pero la pregunta que m\u00e1s me gusta a mi:<\/p>\n<p><strong>\u00bfEstar realizando las funciones para las que aspiras mediante el procedimiento legal que permite acceder a esas funciones deber\u00eda contar o es un s\u00edntoma de que hay un problema estructural grave?<\/strong><\/p>\n<p>Todas estas, y m\u00e1s, preguntas, muy pronto a debate en el bolet\u00edn auton\u00f3mico valenciano.<\/p>\n<p>Mientras tanto, en\u00a0<a href=\"https:\/\/jlmiralles.typeform.com\/report\/Y2SnHu\/YdrI\">https:\/\/jlmiralles.typeform.com\/report\/Y2SnHu\/YdrI<\/a>\u00a0puedes ver los resultados en directo de la encuesta que este blog est\u00e1 realizando. Tambi\u00e9n puedes participar en la misma aqu\u00ed:<\/p>\n<p><!-- Change the width and height values to suit you best --><\/p>\n<div class=\"typeform-widget\" style=\"width: 100%; height: 500px;\" data-url=\"https:\/\/jlmiralles.typeform.com\/to\/Y2SnHu\" data-text=\"El retorno de los catedr\u00e1ticos\"><\/div>\n<p><script type=\"text\/javascript\">\/\/ <![CDATA[\n(function(){var qs,js,q,s,d=document,gi=d.getElementById,ce=d.createElement,gt=d.getElementsByTagName,id='typef_orm',b='https:\/\/s3-eu-west-1.amazonaws.com\/share.typeform.com\/';if(!gi.call(d,id)){js=ce.call(d,'script');js.id=id;js.src=b+'widget.js';q=gt.call(d,'script')[0];q.parentNode.insertBefore(js,q)}})()\n\/\/ ]]><\/script><\/p>\n<div style=\"font-family: Sans-Serif; font-size: 12px; color: #999; opacity: 0.5; padding-top: 5px;\">Powered by <a style=\"color: #999;\" href=\"http:\/\/www.typeform.com\/?utm_campaign=typeform_Y2SnHu&amp;utm_source=website&amp;utm_medium=typeform&amp;utm_content=typeform-embedded&amp;utm_term=Espa\u00f1ol\" target=\"_blank\">Typeform<\/a><\/div>\n","protected":false},"excerpt":{"rendered":"<p>Despu\u00e9s de Andaluc\u00eda y Asturias ya se van conociendo m\u00e1s detalles de la planificaci\u00f3n en la Comunidad Valenciana respecto a la \u00abcatedratizaci\u00f3n\u00bb del personal docente de los Conservatorios. Habr\u00e1 una doble v\u00eda para convertirse en Catedr\u00e1tico: Ingreso libre por concurso-oposici\u00f3n (abierta a todo el mundo, independientemente de su condici\u00f3n laboral&hellip; <\/p>\n","protected":false},"author":2,"featured_media":0,"comment_status":"open","ping_status":"closed","sticky":false,"template":"","format":"standard","meta":{"jetpack_post_was_ever_published":false,"_jetpack_newsletter_access":"","_jetpack_dont_email_post_to_subs":false,"_jetpack_newsletter_tier_id":0,"_jetpack_memberships_contains_paywalled_content":false,"_jetpack_memberships_contains_paid_content":false,"footnotes":"","jetpack_publicize_message":"","jetpack_publicize_feature_enabled":true,"jetpack_social_post_already_shared":true,"jetpack_social_options":{"image_generator_settings":{"template":"highway","default_image_id":0,"font":"","enabled":false},"version":2}},"categories":[139,33,155,1],"tags":[],"class_list":["post-4321","post","type-post","status-publish","format-standard","hentry","category-actualidad-de-la-educacion-musical","category-historia-de-la-educacion-musical-en-espana","category-ntw","category-general"],"jetpack_publicize_connections":[],"jetpack_featured_media_url":"","jetpack_shortlink":"https:\/\/wp.me\/p74VZt-17H","jetpack_sharing_enabled":true,"_links":{"self":[{"href":"https:\/\/oysiao.jlmirall.es\/index.php?rest_route=\/wp\/v2\/posts\/4321","targetHints":{"allow":["GET"]}}],"collection":[{"href":"https:\/\/oysiao.jlmirall.es\/index.php?rest_route=\/wp\/v2\/posts"}],"about":[{"href":"https:\/\/oysiao.jlmirall.es\/index.php?rest_route=\/wp\/v2\/types\/post"}],"author":[{"embeddable":true,"href":"https:\/\/oysiao.jlmirall.es\/index.php?rest_route=\/wp\/v2\/users\/2"}],"replies":[{"embeddable":true,"href":"https:\/\/oysiao.jlmirall.es\/index.php?rest_route=%2Fwp%2Fv2%2Fcomments&post=4321"}],"version-history":[{"count":3,"href":"https:\/\/oysiao.jlmirall.es\/index.php?rest_route=\/wp\/v2\/posts\/4321\/revisions"}],"predecessor-version":[{"id":4324,"href":"https:\/\/oysiao.jlmirall.es\/index.php?rest_route=\/wp\/v2\/posts\/4321\/revisions\/4324"}],"wp:attachment":[{"href":"https:\/\/oysiao.jlmirall.es\/index.php?rest_route=%2Fwp%2Fv2%2Fmedia&parent=4321"}],"wp:term":[{"taxonomy":"category","embeddable":true,"href":"https:\/\/oysiao.jlmirall.es\/index.php?rest_route=%2Fwp%2Fv2%2Fcategories&post=4321"},{"taxonomy":"post_tag","embeddable":true,"href":"https:\/\/oysiao.jlmirall.es\/index.php?rest_route=%2Fwp%2Fv2%2Ftags&post=4321"}],"curies":[{"name":"wp","href":"https:\/\/api.w.org\/{rel}","templated":true}]}}