{"id":4390,"date":"2015-03-25T11:14:37","date_gmt":"2015-03-25T09:14:37","guid":{"rendered":"http:\/\/jlmirall.es\/oysiao\/?p=4390"},"modified":"2015-03-25T11:43:35","modified_gmt":"2015-03-25T09:43:35","slug":"triple-concierto-de-beethoven","status":"publish","type":"post","link":"https:\/\/oysiao.jlmirall.es\/?p=4390","title":{"rendered":"Triple Concierto de Beethoven"},"content":{"rendered":"<p>El domingo 29 de marzo del 2015 interpretar\u00e9 el Triple Concierto de Beethoven junto al violinista Pedro Gilabert y el violoncellista Fernando Conde con la Orquestra Tetracorde bajo la direcci\u00f3n de Javier Carrau.<\/p>\n<p style=\"text-align: justify;\">El concierto, en el que se interpretar\u00e1 tambi\u00e9n la sinfon\u00eda n\u00ba 39 de Haydn tendr\u00e1 lugar en el Auditori de la C.A.M. de Foios a las 12:00h. La entrada ser\u00e1 gratuita hasta completar el aforo.<\/p>\n<p style=\"text-align: justify;\"><a href=\"http:\/\/jlmirall.es\/wp-content\/uploads\/2015\/03\/Captura-de-pantalla-2015-03-25-a-les-10.39.56.png\"><img loading=\"lazy\" decoding=\"async\" class=\"aligncenter size-full wp-image-540\" src=\"http:\/\/jlmirall.es\/wp-content\/uploads\/2015\/03\/Captura-de-pantalla-2015-03-25-a-les-10.39.56.png\" alt=\"Captura de pantalla 2015-03-25 a les 10.39.56\" width=\"1024\" height=\"503\" \/><\/a><\/p>\n<p style=\"text-align: justify;\">El auditori del C.A.M. de Foios est\u00e1 en la Pla\u00e7a Mestre Rodrigo Corel:<\/p>\n<p><iframe loading=\"lazy\" style=\"border: 0;\" src=\"https:\/\/www.google.com\/maps\/embed?pb=!1m14!1m8!1m3!1d3076.828624407521!2d-0.35413829999999996!3d39.54091989999999!3m2!1i1024!2i768!4f13.1!3m3!1m2!1s0xd6046ecf76997a3%3A0x50d8a7084b61ea66!2sPla%C3%A7a+Mestre+M+Rodrigo+Corel%2C+46134+Foios%2C+Valencia!5e0!3m2!1sca!2ses!4v1427274091530\" width=\"600\" height=\"450\" frameborder=\"0\" align=\"center\"><\/iframe><\/p>\n","protected":false},"excerpt":{"rendered":"<p>El domingo 29 de marzo del 2015 interpretar\u00e9 el Triple Concierto de Beethoven junto al violinista Pedro Gilabert y el violoncellista Fernando Conde con la Orquestra Tetracorde bajo la direcci\u00f3n de Javier Carrau. El concierto, en el que se interpretar\u00e1 tambi\u00e9n la sinfon\u00eda n\u00ba 39 de Haydn tendr\u00e1 lugar en&hellip; <\/p>\n","protected":false},"author":2,"featured_media":0,"comment_status":"open","ping_status":"closed","sticky":false,"template":"","format":"standard","meta":{"jetpack_post_was_ever_published":false,"_jetpack_newsletter_access":"","_jetpack_dont_email_post_to_subs":false,"_jetpack_newsletter_tier_id":0,"_jetpack_memberships_contains_paywalled_content":false,"_jetpack_memberships_contains_paid_content":false,"footnotes":"","jetpack_publicize_message":"","jetpack_publicize_feature_enabled":true,"jetpack_social_post_already_shared":true,"jetpack_social_options":{"image_generator_settings":{"template":"highway","default_image_id":0,"font":"","enabled":false},"version":2}},"categories":[155,1,153],"tags":[],"class_list":["post-4390","post","type-post","status-publish","format-standard","hentry","category-ntw","category-general","category-proyectos-propios"],"jetpack_publicize_connections":[],"jetpack_featured_media_url":"","jetpack_shortlink":"https:\/\/wp.me\/p74VZt-18O","jetpack_sharing_enabled":true,"_links":{"self":[{"href":"https:\/\/oysiao.jlmirall.es\/index.php?rest_route=\/wp\/v2\/posts\/4390","targetHints":{"allow":["GET"]}}],"collection":[{"href":"https:\/\/oysiao.jlmirall.es\/index.php?rest_route=\/wp\/v2\/posts"}],"about":[{"href":"https:\/\/oysiao.jlmirall.es\/index.php?rest_route=\/wp\/v2\/types\/post"}],"author":[{"embeddable":true,"href":"https:\/\/oysiao.jlmirall.es\/index.php?rest_route=\/wp\/v2\/users\/2"}],"replies":[{"embeddable":true,"href":"https:\/\/oysiao.jlmirall.es\/index.php?rest_route=%2Fwp%2Fv2%2Fcomments&post=4390"}],"version-history":[{"count":3,"href":"https:\/\/oysiao.jlmirall.es\/index.php?rest_route=\/wp\/v2\/posts\/4390\/revisions"}],"predecessor-version":[{"id":4393,"href":"https:\/\/oysiao.jlmirall.es\/index.php?rest_route=\/wp\/v2\/posts\/4390\/revisions\/4393"}],"wp:attachment":[{"href":"https:\/\/oysiao.jlmirall.es\/index.php?rest_route=%2Fwp%2Fv2%2Fmedia&parent=4390"}],"wp:term":[{"taxonomy":"category","embeddable":true,"href":"https:\/\/oysiao.jlmirall.es\/index.php?rest_route=%2Fwp%2Fv2%2Fcategories&post=4390"},{"taxonomy":"post_tag","embeddable":true,"href":"https:\/\/oysiao.jlmirall.es\/index.php?rest_route=%2Fwp%2Fv2%2Ftags&post=4390"}],"curies":[{"name":"wp","href":"https:\/\/api.w.org\/{rel}","templated":true}]}}