{"id":4446,"date":"2015-09-16T20:34:19","date_gmt":"2015-09-16T18:34:19","guid":{"rendered":"http:\/\/jlmirall.es\/oysiao\/?p=4446"},"modified":"2015-09-16T20:34:19","modified_gmt":"2015-09-16T18:34:19","slug":"coordinacion-horaria-en-conservatorios-menos-es-nada","status":"publish","type":"post","link":"https:\/\/oysiao.jlmirall.es\/?p=4446","title":{"rendered":"Coordinaci\u00f3n horaria en conservatorios, menos es nada."},"content":{"rendered":"<p style=\"text-align: justify;\">Las leyes educativas est\u00e1n repletas de buenas intenciones escritas. As\u00ed nos parece leer a la gente del mundo de los conservatorios despu\u00e9s de esta peque\u00f1a sucesi\u00f3n de llamadas a la utop\u00eda:<\/p>\n<p style=\"text-align: justify;\"><strong>Art\u00edculo 47 de la Ley Org\u00e1nica de Educaci\u00f3n\u00a0<\/strong><\/p>\n<blockquote>\n<p class=\"parrafo\" style=\"text-align: justify;\">1. Las Administraciones educativas facilitar\u00e1n la posibilidad de cursar simult\u00e1neamente las ense\u00f1anzas art\u00edsticas profesionales y la educaci\u00f3n secundaria.<\/p>\n<p class=\"parrafo\" style=\"text-align: justify;\">2. Con objeto de hacer efectivo lo previsto en el apartado anterior, se podr\u00e1n adoptar las oportunas medidas de organizaci\u00f3n y de ordenaci\u00f3n acad\u00e9mica que incluir\u00e1n, entre otras, las convalidaciones y la creaci\u00f3n de centros integrados.<\/p>\n<\/blockquote>\n<p class=\"parrafo\" style=\"text-align: justify;\">La LOMCE (o LOMLOE, porque realmente es lo que es, una Ley Org\u00e1nica de Modificaci\u00f3n de la Ley Org\u00e1nica de Educaci\u00f3n) no se preocupa por mejorar la calidad de este anterior art\u00edculo. El apartado 3 del art\u00edculo 85 de la misma ley da un peque\u00f1o detalle m\u00e1s:<\/p>\n<blockquote>\n<p style=\"text-align: justify;\">3. Aquellos alumnos que cursen simult\u00e1neamente ense\u00f1anzas regladas de m\u00fasica o danza y ense\u00f1anzas de educaci\u00f3n secundaria tendr\u00e1n prioridad para ser admitidos en los centros que impartan ense\u00f1anzas de educaci\u00f3n secundaria que la Administraci\u00f3n educativa determine. El mismo tratamiento se aplicar\u00e1 a los alumnos que sigan programas deportivos de alto rendimiento.<\/p>\n<\/blockquote>\n<p style=\"text-align: justify;\">Dentro del \u00e1mbito normativo auton\u00f3mico valenciano, encontramos en el\u00a0<strong>Decreto 158\/2007 en sus art\u00edculo 20, 21 y 22:<\/strong><\/p>\n<blockquote>\n<div class=\"page\" title=\"Page 8\">\n<div class=\"layoutArea\">\n<div class=\"column\">\n<div class=\"page\" title=\"Page 8\">\n<div class=\"layoutArea\">\n<div class=\"column\">\n<p>Art\u00edculo 20. Correspondencia con otras ense\u00f1anzas<\/p>\n<\/div>\n<\/div>\n<\/div>\n<p style=\"text-align: justify;\">1. La conselleria competente en materia de educaci\u00f3n, facilitar\u00e1 al alumnado la posibilidad de cursar simult\u00e1neamente las ense\u00f1anzas profesionales de m\u00fasica y la educaci\u00f3n secundaria.<\/p>\n<p style=\"text-align: justify;\">2. Con objeto de hacer efectivo lo previsto en el apartado anterior y de conformidad con el art\u00edculo 47.2 de la Ley Org\u00e1nica 2\/2206, de 3 de mayo, de Educaci\u00f3n, se podr\u00e1n adoptar medidas de organizaci\u00f3n y de ordenaci\u00f3n acad\u00e9mica que incluir\u00e1n, entre otras, las convalidaciones, la creaci\u00f3n de centros integrados y la adscripci\u00f3n entre centros de educaci\u00f3n secundaria y conservatorios profesionales de m\u00fasica.<\/p>\n<p style=\"text-align: justify;\">3. La conselleria competente en materia de educaci\u00f3n, establecer\u00e1 las convalidaciones oportunas que afecten a las materias optativas de las Educaci\u00f3n Secundaria Obligatoria y el Bachillerato, y regular\u00e1 las adaptaciones en sus curr\u00edculos encaminadas a facilitar la simultaneidad de estudios de r\u00e9gimen general y las ense\u00f1anzas profesionales de m\u00fasica.<\/p>\n<p>4. La conselleria competente en materia de educaci\u00f3n, podr\u00e1 crear centros integrados que impartan de manera coordinada ense\u00f1anzas de Educaci\u00f3n Secundaria Obligatoria y Bachillerato, y las ense\u00f1anzas profesionales de m\u00fasica.<\/p>\n<div class=\"page\" title=\"Page 8\">\n<div class=\"layoutArea\">\n<div class=\"column\">\n<p>Art\u00edculo 21. Bachillerato<\/p>\n<p style=\"text-align: justify;\">1. Las ense\u00f1anzas recogidas en el art\u00edculo 20.3 del presente Decreto, podr\u00e1n cursarse simult\u00e1neamente. Asimismo podr\u00e1n realizarse los estudios de las materias comunes del Bachillerato con posterioridad a la superaci\u00f3n de las ense\u00f1anzas profesionales de m\u00fasica.<\/p>\n<div class=\"page\" title=\"Page 9\">\n<div class=\"layoutArea\">\n<div class=\"column\">\n<p style=\"text-align: justify;\">2. La conselleria competente en materia de educaci\u00f3n, podr\u00e1 autorizar, en funci\u00f3n de las caracter\u00edsticas de los centros, que las materias comunes y las de modalidad de la v\u00eda espec\u00edfica de m\u00fasica y de danza del Bachillerato, se puedan impartir y cursar en los Conservatorios de M\u00fasica del \u00e1mbito de gesti\u00f3n del citado Departamento, siempre y cuando el n\u00famero de alumnos lo justifique.<\/p>\n<\/div>\n<\/div>\n<\/div>\n<\/div>\n<\/div>\n<\/div>\n<\/div>\n<\/div>\n<\/div>\n<\/blockquote>\n<p style=\"text-align: justify;\">La soluci\u00f3n a gran parte de los males est\u00e1 en ambos textos legislativos: <strong>la creaci\u00f3n de centros integrados<\/strong>. Pero como esta soluci\u00f3n apenas es utilizada en pocas partes de Espa\u00f1a, se deber\u00eda recurrir al mejor parche que existe en sustituci\u00f3n a esto: <strong>la jornada escolar continua.<\/strong><\/p>\n<p style=\"text-align: justify;\">No voy a repetir todo lo dicho en este blog sobre la jornada escolar continua, quien tenga inter\u00e9s en leerlo tiene la siguientes entradas:<\/p>\n<ul>\n<li style=\"text-align: justify;\"><a title=\"\u201cQuiero ir al Cole\/Insti, al Conservatorio y tener tiempo para mi\u201d\" href=\"http:\/\/oysiao.jlmirall.es\/?p=4047\">\u201cQuiero ir al Cole\/Insti, al Conservatorio y tener tiempo para mi\u201d<\/a><\/li>\n<li style=\"text-align: justify;\"><a title=\"Adi\u00f3s a la conciliaci\u00f3n de colegio y conservatorio\" href=\"http:\/\/oysiao.jlmirall.es\/?p=4373\" target=\"_blank\">Adi\u00f3s a la conciliaci\u00f3n de colegio y conservatorio<\/a><\/li>\n<\/ul>\n<p>Pero poderosos lobbies (o con mayor inter\u00e9s que el Lobby de los conservatorios, si existiese como tal) est\u00e1n en contra de la jornada continua, as\u00ed que como dice el dicho:<\/p>\n<p style=\"text-align: center;\"><em><strong>poco es algo, menos es nada<\/strong><\/em><\/p>\n<p style=\"text-align: justify;\">No nos queda m\u00e1s que conformarnos con unas migajas como la de \u00abproyectos experimentales\u00bb de coordinaci\u00f3n horaria.<\/p>\n<p style=\"text-align: justify;\">En la autonom\u00eda valenciana, uno de las \u00faltimos textos legales\u00a0en materia musical firmados por la ex Consellera M\u00aa Jos\u00e9 Catal\u00e0 es la <strong>Orden 68\/2015<em>\u00a0<\/em>de 22 de junio<\/strong><em>, de la Conseller\u00eda de Educaci\u00f3n, Cultura y Deporte, por la que se convoca el programa experimental denominado \u00abCoordinaci\u00f3n horaria\u00bb dirigido al alumnado que cursa simult\u00e1neamente las ense\u00f1anzas profesionales de M\u00fasica y\/o Danza y la Educaci\u00f3n Secundaria para el curso 2015-2016.\u00a0<\/em>Como podemos ver, es una orden que tiene un ciclo vital de un a\u00f1o, veremos si el nuevo Conseller Vicent Marz\u00e0 decide continuar este proyecto experimental, cancelarlo, o sacarle m\u00e1s punta.<\/p>\n<p style=\"text-align: justify;\">Ley\u00e9ndolo (<a href=\"http:\/\/www.docv.gva.es\/datos\/2015\/06\/25\/pdf\/2015_5952.pdf\" target=\"_blank\">aqu\u00ed el enlace completo a la disposici\u00f3n<\/a>) siento una cierta sensaci\u00f3n de vaguedad ya que parece que \u00fanicamente determina:<\/p>\n<ul>\n<li style=\"text-align: justify;\">Que los equipos directivos de ambos centros implicados (Conservatorio e Instituto)<\/li>\n<li style=\"text-align: justify;\">El centro de educaci\u00f3n secundaria escolarizar\u00e1 al alumnado admitido en el programa experimental<\/li>\n<li style=\"text-align: justify;\">Creaci\u00f3n de una \u00abcomisi\u00f3n de coordinaci\u00f3n horaria\u00bb por cada centro emparejado.<\/li>\n<\/ul>\n<p style=\"text-align: justify;\">Aparte de la vaguedad de la medida (cosas que sin dinero y sentido com\u00fan ya se ven\u00edan haciendo de la mejor manera posible) deja fuera, una vez m\u00e1s al alumnado de colegios. Es cierto que \u00e9ste alumnado no tiene una carga lectiva tan fuerte en el conservatorio, pero su horario escolar hace que la poca carga lectiva del conservatorio se traduzca en \u00fanicamente dos peligrosas opciones:<\/p>\n<ul>\n<li style=\"text-align: justify;\">Tener pocas horas de clase por las tardes, pero tener que ir 3 tardes al conservatorio. Con lo que las tardes se puede aprovechar poco para otras cosas como hacer deberes, estudiar el instrumento o algo tan normal y necesario como jugar.<\/li>\n<li style=\"text-align: justify;\">Poder ir \u00fanicamente dos tardes al conservatorio, pero terminar a las 8 (en el mejor de los casos) o las 9 de la noche, y tener que volver medio bostezando a un hogar d\u00f3nde le espera adem\u00e1s de la cena, los deberes por hacer para el d\u00eda siguiente.<\/li>\n<\/ul>\n<p>Pero volviendo a la comisi\u00f3n de coordinaci\u00f3n horaria, \u00bfcu\u00e1l es su margen de maniobra?:<\/p>\n<div class=\"page\" title=\"Page 2\">\n<div class=\"layoutArea\">\n<div class=\"column\">\n<blockquote>\n<p style=\"text-align: justify;\">\u00abfacilitando el m\u00e1ximo rendimiento del alumnado que convalida materias de r\u00e9gimen general, pudiendo cursar en esta franja horaria otras asignaturas de ense\u00f1anzas de r\u00e9gimen especial.<\/p>\n<p>[&#8230;]<\/p>\n<div class=\"page\" title=\"Page 2\">\n<div class=\"layoutArea\">\n<div class=\"column\">\n<p style=\"text-align: justify;\">favoreciendo la ubicaci\u00f3n de las materias convalidadas en un bloque propuesto en la franja horaria m\u00e1s conveniente a la integraci\u00f3n, para que sea cubierto por las asignaturas de ense\u00f1anzas profesionales de M\u00fasica y\/o Danza, permitiendo al alumnado el desplazamiento entre ambos centros de ense\u00f1anzas de r\u00e9gimen general y especial.\u00bb<\/p>\n<\/div>\n<\/div>\n<\/div>\n<\/blockquote>\n<p style=\"text-align: justify;\">Es decir, que las asignaturas que se convalidan (malaventurados aquellos que quieran mantener una doble v\u00eda de estudios y necesiten hacer algunas determinadas asignaturas optativas, para ellos no habr\u00e1 coordinaci\u00f3n horaria) del instituto se pondr\u00e1n en franjas que permitan a los alumnos irse del centro para ir al conservatorio.<\/p>\n<p style=\"text-align: justify;\">Durante el curso 2015\/2016 tendr\u00e1 lugar este \u00abproyecto experimental\u00bb para el que no hubiera sido necesario esperar tanto tiempo. Recordemos que en Murcia sali\u00f3 <a title=\"La regi\u00f3n de Murcia regula un programa de \u201cHorarios Integrados\u201d a alumnos de Conservatorio\" href=\"http:\/\/oysiao.jlmirall.es\/?p=2746\" target=\"_blank\">este mismo proyecto ya en el 2012<\/a>, pero mucho m\u00e1s desarrollado, teniendo incluso en cuenta el grado de asincron\u00eda que se podr\u00eda producir entre ense\u00f1anzas a la hora de priorizar en el alumnado en caso de superar solicitudes (ya saben que la medida tendr\u00eda una demanda extrema).<\/p>\n<p><a href=\"http:\/\/oysiao.jlmirall.es\/wp-content\/uploads\/2015\/09\/Captura-de-pantalla-2015-09-16-a-les-19.56.59.png\"><img loading=\"lazy\" decoding=\"async\" class=\"  wp-image-4448 aligncenter\" src=\"http:\/\/oysiao.jlmirall.es\/wp-content\/uploads\/2015\/09\/Captura-de-pantalla-2015-09-16-a-les-19.56.59.png\" alt=\"Captura de pantalla 2015-09-16 a les 19.56.59\" width=\"831\" height=\"478\" srcset=\"https:\/\/oysiao.jlmirall.es\/wp-content\/uploads\/2015\/09\/Captura-de-pantalla-2015-09-16-a-les-19.56.59.png 1257w, https:\/\/oysiao.jlmirall.es\/wp-content\/uploads\/2015\/09\/Captura-de-pantalla-2015-09-16-a-les-19.56.59-300x173.png 300w, https:\/\/oysiao.jlmirall.es\/wp-content\/uploads\/2015\/09\/Captura-de-pantalla-2015-09-16-a-les-19.56.59-1024x589.png 1024w\" sizes=\"auto, (max-width: 831px) 100vw, 831px\" \/><\/a><\/p>\n<p style=\"text-align: justify;\">La idea murciana (que realmente no es tan marciana) es que hablemos de dos centros diferentes, todos los horarios del conservatorio entren dentro del horario matinal del alumno, permitiendo solo una tarde para el resto de asignaturas que no quepan por la ma\u00f1ana. Aunque se pueden consultar en la <a href=\"http:\/\/servicios.educarm.es\/templates\/portal\/ficheros\/websDinamicas\/92\/RESOL13-03-2012.pdf\" target=\"_blank\">Resoluci\u00f3n de la Regi\u00f3n de Murcia<\/a>, reproduzco aqu\u00ed las instrucciones que dan una idea mucho m\u00e1s clara y perfilan mejor lo que es un programa de coordinaci\u00f3n horaria:<\/p>\n<div class=\"page\" title=\"Page 11\">\n<div class=\"layoutArea\">\n<div class=\"column\">\n<blockquote><p>1.A. Horarios integrados en los institutos de Ense\u00f1anza Secundaria<\/p>\n<p style=\"padding-left: 30px;\">1. Los horarios se distribuir\u00e1n en una franja horaria de 7 periodos diarios de ma\u00f1ana, con dos recreos.<\/p>\n<ol start=\"2\">\n<li style=\"text-align: justify;\">Las materias objeto de convalidaci6n seran agrupadas en bloques horarios de 2 \u00f3 3 periodos en un mismo d\u00eda y preferentemente al final de la ma\u00f1ana, todo ello dependiendo del numero de materias a convalidar.<\/li>\n<li style=\"text-align: justify;\">En Bachillerato, el instituto agrupar\u00e1 las materias comunes en bloques horarios que ubicar\u00e1 en las primeras franjas horarias de la ma\u00f1ana, distribuyendo en las \u00faltimas las materias de la modalidad y la optativa.<\/li>\n<\/ol>\n<p>1.B. Horarios integrados en los conservatorios de Musica<\/p>\n<p style=\"padding-left: 30px; text-align: justify;\">1. Los conservatorios distribuiran el horario de las asignaturas de las Ense\u00f1anzas Profesionales de M\u00fasica en los huecos horarios generados por eI IES.<\/p>\n<p style=\"text-align: justify;\">1.C. Instrucci\u00f3n com\u00fan.<br \/>\nSe podr\u00e1 utilizar una \u00fanica jornada de tarde para aquellas asignaturas que no haya sido posible ofertar en horario de ma\u00f1ana.<\/p>\n<p>&nbsp;<\/p><\/blockquote>\n<\/div>\n<\/div>\n<\/div>\n<p style=\"text-align: justify;\">PD: un hecho curioso. Realizando la redacci\u00f3n de la actual entrada el corrector de textos me indica que desconoce la palabra \u00abescolarizar\u00e1\u00bb y en su lugar propone lo siguiente:<\/p>\n<p><a href=\"http:\/\/oysiao.jlmirall.es\/wp-content\/uploads\/2015\/09\/Captura-de-pantalla-2015-09-16-a-les-19.50.43.png\"><img loading=\"lazy\" decoding=\"async\" class=\"  wp-image-4447 aligncenter\" src=\"http:\/\/oysiao.jlmirall.es\/wp-content\/uploads\/2015\/09\/Captura-de-pantalla-2015-09-16-a-les-19.50.43.png\" alt=\"Captura de pantalla 2015-09-16 a les 19.50.43\" width=\"685\" height=\"139\" srcset=\"https:\/\/oysiao.jlmirall.es\/wp-content\/uploads\/2015\/09\/Captura-de-pantalla-2015-09-16-a-les-19.50.43.png 926w, https:\/\/oysiao.jlmirall.es\/wp-content\/uploads\/2015\/09\/Captura-de-pantalla-2015-09-16-a-les-19.50.43-300x61.png 300w\" sizes=\"auto, (max-width: 685px) 100vw, 685px\" \/><\/a><\/p>\n<p>Quiz\u00e1 est\u00e9 en lo cierto, ya que recordemos que <a title=\"\u00bfSon mulas o c\u00edvicos alumnos?\" href=\"http:\/\/oysiao.jlmirall.es\/?p=4363\" target=\"_blank\">\u00bfSon mulas o c\u00edvicos alumnos?<\/a><\/p>\n<\/div>\n<\/div>\n<\/div>\n","protected":false},"excerpt":{"rendered":"<p>Las leyes educativas est\u00e1n repletas de buenas intenciones escritas. As\u00ed nos parece leer a la gente del mundo de los conservatorios despu\u00e9s de esta peque\u00f1a sucesi\u00f3n de llamadas a la utop\u00eda: Art\u00edculo 47 de la Ley Org\u00e1nica de Educaci\u00f3n\u00a0 1. Las Administraciones educativas facilitar\u00e1n la posibilidad de cursar simult\u00e1neamente las&hellip; <\/p>\n","protected":false},"author":2,"featured_media":0,"comment_status":"open","ping_status":"closed","sticky":false,"template":"","format":"standard","meta":{"jetpack_post_was_ever_published":false,"_jetpack_newsletter_access":"","_jetpack_dont_email_post_to_subs":false,"_jetpack_newsletter_tier_id":0,"_jetpack_memberships_contains_paywalled_content":false,"_jetpack_memberships_contains_paid_content":false,"footnotes":"","jetpack_publicize_message":"","jetpack_publicize_feature_enabled":true,"jetpack_social_post_already_shared":true,"jetpack_social_options":{"image_generator_settings":{"template":"highway","default_image_id":0,"font":"","enabled":false},"version":2}},"categories":[44,1,43],"tags":[],"class_list":["post-4446","post","type-post","status-publish","format-standard","hentry","category-critica-constructiva-a-un-conservatorio","category-general","category-reflexion-sobre-leyes-y-borradores"],"jetpack_publicize_connections":[],"jetpack_featured_media_url":"","jetpack_shortlink":"https:\/\/wp.me\/p74VZt-19I","jetpack_sharing_enabled":true,"_links":{"self":[{"href":"https:\/\/oysiao.jlmirall.es\/index.php?rest_route=\/wp\/v2\/posts\/4446","targetHints":{"allow":["GET"]}}],"collection":[{"href":"https:\/\/oysiao.jlmirall.es\/index.php?rest_route=\/wp\/v2\/posts"}],"about":[{"href":"https:\/\/oysiao.jlmirall.es\/index.php?rest_route=\/wp\/v2\/types\/post"}],"author":[{"embeddable":true,"href":"https:\/\/oysiao.jlmirall.es\/index.php?rest_route=\/wp\/v2\/users\/2"}],"replies":[{"embeddable":true,"href":"https:\/\/oysiao.jlmirall.es\/index.php?rest_route=%2Fwp%2Fv2%2Fcomments&post=4446"}],"version-history":[{"count":2,"href":"https:\/\/oysiao.jlmirall.es\/index.php?rest_route=\/wp\/v2\/posts\/4446\/revisions"}],"predecessor-version":[{"id":4450,"href":"https:\/\/oysiao.jlmirall.es\/index.php?rest_route=\/wp\/v2\/posts\/4446\/revisions\/4450"}],"wp:attachment":[{"href":"https:\/\/oysiao.jlmirall.es\/index.php?rest_route=%2Fwp%2Fv2%2Fmedia&parent=4446"}],"wp:term":[{"taxonomy":"category","embeddable":true,"href":"https:\/\/oysiao.jlmirall.es\/index.php?rest_route=%2Fwp%2Fv2%2Fcategories&post=4446"},{"taxonomy":"post_tag","embeddable":true,"href":"https:\/\/oysiao.jlmirall.es\/index.php?rest_route=%2Fwp%2Fv2%2Ftags&post=4446"}],"curies":[{"name":"wp","href":"https:\/\/api.w.org\/{rel}","templated":true}]}}