{"id":4630,"date":"2018-08-27T13:49:14","date_gmt":"2018-08-27T11:49:14","guid":{"rendered":"https:\/\/oysiao.jlmirall.es\/?p=4630"},"modified":"2018-08-27T13:49:14","modified_gmt":"2018-08-27T11:49:14","slug":"master-de-didactica-para-conservatorios-y-escuelas-de-musica-novedad","status":"publish","type":"post","link":"https:\/\/oysiao.jlmirall.es\/?p=4630","title":{"rendered":"Master de Did\u00e1ctica para Conservatorios y Escuelas de M\u00fasica (NOVEDAD)"},"content":{"rendered":"<p><a href=\"https:\/\/oysiao.jlmirall.es\/?attachment_id=4633\" rel=\"attachment wp-att-4633\"><img loading=\"lazy\" decoding=\"async\" class=\"alignleft size-large wp-image-4633\" src=\"http:\/\/oysiao.jlmirall.es\/wp-content\/uploads\/2018\/08\/uji-1024x342.jpg\" alt=\"\" width=\"700\" height=\"234\" srcset=\"https:\/\/oysiao.jlmirall.es\/wp-content\/uploads\/2018\/08\/uji-1024x342.jpg 1024w, https:\/\/oysiao.jlmirall.es\/wp-content\/uploads\/2018\/08\/uji-300x100.jpg 300w\" sizes=\"auto, (max-width: 700px) 100vw, 700px\" \/><\/a>\u00a0La <a href=\"https:\/\/www.uji.es\/estudis\/oferta\/base\/masters\/actual\/centre\/fchs\/musica\/\">Universitat Jaume I <\/a>ha recibido el informe favorable de la ANECA para ampliar las l\u00edneas del <a href=\"https:\/\/www.uji.es\/estudis\/oferta\/base\/masters\/actual\/centre\/fchs\/musica\/\">M\u00e1ster Universitario de Did\u00e1ctica de la M\u00fasica<\/a>.\u00a0Estas ampliaciones incluyen entre otras la aceptaci\u00f3n de nuevos perfiles que incluyen ahora a titulados universitarios, de una amplia oferta, que dispongan adem\u00e1s del grado profesional de m\u00fasica. Este nuevo perfil de acceso permitir\u00e1 atender la demanda social de formaci\u00f3n did\u00e1ctica para el profesorado en Escuelas de M\u00fasica adem\u00e1s del perfil espec\u00edfico del profesorado de Conservatorio Profesional -como ya ven\u00eda haciendo este master-, coloc\u00e1ndolo como l\u00edder en su especialidad y pionero en Espa\u00f1a. Tiene otro elemento\u00a0destacado en las novedades\u00a0que es\u00a0el fortalecimiento de su vertiente investigadora.<\/p>\n<p>Con lo que los objetivos prioritarios del master son:<\/p>\n<ol>\n<li>Conseguir la mejor formaci\u00f3n del profesorado de Conservatorio Profesional posible.<\/li>\n<li>Conseguir la mejor formaci\u00f3n y reconocimiento del profesorado de las Escuelas de M\u00fasica.<\/li>\n<li>Conseguir que nuestros egresados dispongan de la preparaci\u00f3n necesaria para que la investigaci\u00f3n y la innovaci\u00f3n den el salto adelante que la Educaci\u00f3n Musical Superior, Profesional y Elemental se merecen.<\/li>\n<\/ol>\n<p>Y todo ello, desde el tejido de nuestra propia identidad como no podr\u00eda ser de otra manera, una instituci\u00f3n superior p\u00fablica de la Comunidad Valenciana: la Universitat Jaume I. Y trabajando en colaboraci\u00f3n con la otra instituci\u00f3n de educaci\u00f3n superior art\u00edstica musical: El Conservatorio Superior de M\u00fasica de Castell\u00f3n. Con la opci\u00f3n de cursar algunas asignaturas en el Conservatorio Superior de M\u00fasica de Valencia.<\/p>\n<p>Descargar el D\u00edptico aqu\u00ed:<\/p>\n<p><a href=\"https:\/\/oysiao.jlmirall.es\/?attachment_id=4631\" rel=\"attachment wp-att-4631\">musica 4\u00aa Mod Acceso ANECA<\/a><\/p>\n","protected":false},"excerpt":{"rendered":"<p>\u00a0La Universitat Jaume I ha recibido el informe favorable de la ANECA para ampliar las l\u00edneas del M\u00e1ster Universitario de Did\u00e1ctica de la M\u00fasica.\u00a0Estas ampliaciones incluyen entre otras la aceptaci\u00f3n de nuevos perfiles que incluyen ahora a titulados universitarios, de una amplia oferta, que dispongan adem\u00e1s del grado profesional de&hellip; <\/p>\n","protected":false},"author":2,"featured_media":0,"comment_status":"open","ping_status":"closed","sticky":false,"template":"","format":"standard","meta":{"jetpack_post_was_ever_published":false,"_jetpack_newsletter_access":"","_jetpack_dont_email_post_to_subs":false,"_jetpack_newsletter_tier_id":0,"_jetpack_memberships_contains_paywalled_content":false,"_jetpack_memberships_contains_paid_content":false,"footnotes":"","jetpack_publicize_message":"","jetpack_publicize_feature_enabled":true,"jetpack_social_post_already_shared":true,"jetpack_social_options":{"image_generator_settings":{"template":"highway","default_image_id":0,"font":"","enabled":false},"version":2}},"categories":[139,1],"tags":[],"class_list":["post-4630","post","type-post","status-publish","format-standard","hentry","category-actualidad-de-la-educacion-musical","category-general"],"jetpack_publicize_connections":[],"jetpack_featured_media_url":"","jetpack_shortlink":"https:\/\/wp.me\/p74VZt-1cG","jetpack_sharing_enabled":true,"_links":{"self":[{"href":"https:\/\/oysiao.jlmirall.es\/index.php?rest_route=\/wp\/v2\/posts\/4630","targetHints":{"allow":["GET"]}}],"collection":[{"href":"https:\/\/oysiao.jlmirall.es\/index.php?rest_route=\/wp\/v2\/posts"}],"about":[{"href":"https:\/\/oysiao.jlmirall.es\/index.php?rest_route=\/wp\/v2\/types\/post"}],"author":[{"embeddable":true,"href":"https:\/\/oysiao.jlmirall.es\/index.php?rest_route=\/wp\/v2\/users\/2"}],"replies":[{"embeddable":true,"href":"https:\/\/oysiao.jlmirall.es\/index.php?rest_route=%2Fwp%2Fv2%2Fcomments&post=4630"}],"version-history":[{"count":2,"href":"https:\/\/oysiao.jlmirall.es\/index.php?rest_route=\/wp\/v2\/posts\/4630\/revisions"}],"predecessor-version":[{"id":4635,"href":"https:\/\/oysiao.jlmirall.es\/index.php?rest_route=\/wp\/v2\/posts\/4630\/revisions\/4635"}],"wp:attachment":[{"href":"https:\/\/oysiao.jlmirall.es\/index.php?rest_route=%2Fwp%2Fv2%2Fmedia&parent=4630"}],"wp:term":[{"taxonomy":"category","embeddable":true,"href":"https:\/\/oysiao.jlmirall.es\/index.php?rest_route=%2Fwp%2Fv2%2Fcategories&post=4630"},{"taxonomy":"post_tag","embeddable":true,"href":"https:\/\/oysiao.jlmirall.es\/index.php?rest_route=%2Fwp%2Fv2%2Ftags&post=4630"}],"curies":[{"name":"wp","href":"https:\/\/api.w.org\/{rel}","templated":true}]}}