{"id":497,"date":"2009-04-23T16:00:15","date_gmt":"2009-04-23T14:00:15","guid":{"rendered":"http:\/\/oysiao.wordpress.com\/?p=497"},"modified":"2013-04-03T13:12:02","modified_gmt":"2013-04-03T11:12:02","slug":"el-informe-del-csea-ii-competencias-basicas-y-propuestas","status":"publish","type":"post","link":"https:\/\/oysiao.jlmirall.es\/?p=497","title":{"rendered":"El informe del CSEA II: Competencias b\u00e1sicas y propuestas"},"content":{"rendered":"<p>En un post anterior se comentaba el an\u00e1lisis\u00a0 de la situaci\u00f3n actual de los estudios de m\u00fasica en los diferentes niveles y ramas del sistema educativo espa\u00f1ol, que realiz\u00f3 el CSEA en su informe anual. Pero otros puntos interesantes que trata son las implicaciones que las competencias b\u00e1sicas tienen en las ense\u00f1anzas de r\u00e9gimen general, y una serie de propuestas para afrontar de forma eficaz los principales problemas de las educaci\u00f3n art\u00edstica espa\u00f1ola.<\/p>\n<h1>Competencias b\u00e1sicas<\/h1>\n<p>El curr\u00edculo de las ense\u00f1anzas obligatorias, presenta importantes novedades, que se materializan en la propuesta de un conjunto de competencias b\u00e1sicas que debe adquirir el alumnado en su paso por la escolaridad obligatoria.<\/p>\n<h2>un poco de historia(1)<\/h2>\n<blockquote><p>El concepto de competencia empez\u00f3 a utilizarse en los a\u00f1os 70 como resultado de las investigaciones de David McClelland sobre la identificaci\u00f3n de las variables a partir de las cuales se puede explicar la eficacia en el trabajo.<\/p>\n<p>En la Inglaterra de los a\u00f1os ochenta se valor\u00f3 la aplicaci\u00f3n del enfoque centrado en la competencia como una herramienta \u00fatil para mejorar las condiciones de calidad y eficacia de la formaci\u00f3n. Lo primero que se puso de manifiesto fue la inadecuaci\u00f3n entre la formaci\u00f3n acad\u00e9mica y la exigida por el mundo de la empresa. Bajo tal diagn\u00f3stico, se consider\u00f3 que el sistema acad\u00e9mico valoraba m\u00e1s la adquisici\u00f3n de conocimientos que su aplicaci\u00f3n en el trabajo, por lo que se requer\u00eda un sistema que formara para desempe\u00f1ar efectivamente\u00a0 el trabajo y no solamente en adquisici\u00f3n de\u00a0 conocimientos te\u00f3ricos.<\/p>\n<p>Desde los a\u00f1os 90, la Uni\u00f3n Europea y la OCDE, entre otros organismos internacionales, han venido promoviendo proyectos y estudios sobre el aprendizaje basado en competencias que han ido dando luz a trabajos y publicaciones relevantes, de modo que dicha reflexi\u00f3n tiene ya resonancia mundial. Y hoy d\u00eda el debate sobre las competencias b\u00e1sicas y los criterios para su selecci\u00f3n y evaluaci\u00f3n centran la atenci\u00f3n de los pedagogos y educadores, adem\u00e1s de la de los responsables de pol\u00edtica educativa.<\/p><\/blockquote>\n<h2>las 8 competencias<\/h2>\n<ul>\n<li>Competencia en comunicaci\u00f3n<\/li>\n<li>Competencia matem\u00e1tica<\/li>\n<li>Competencia en conocimiento y la interacci\u00f3n del mundo natural<\/li>\n<li>Tratamiento de la informaci\u00f3n y competencia digital<\/li>\n<li>Competencia social y ciudadana<\/li>\n<li>Competencia art\u00edstica y cultural<\/li>\n<li>Competencia de aprender a aprender<\/li>\n<li>Iniciativa y esp\u00edritu emprendedor<\/li>\n<\/ul>\n<h2>descriptores de la competencia cultural y art\u00edstica<\/h2>\n<ul>\n<li>Conocer, comprender, apreciar y valorar cr\u00edticamente diferentes manifestaciones culturales y art\u00edsticas,<\/li>\n<li> Utilizar las manifestaciones culturales y art\u00edsticas como fuente de enriquecimiento y disfrute y considerarlas como parte del patrimonio de los pueblos.<\/li>\n<li> Apreciar el hecho cultural en general, y el hecho art\u00edstico en particular,<\/li>\n<li> Poner en juego habilidades de pensamiento divergente y convergente<\/li>\n<li> Reelaborar ideas y sentimientos propios y ajenos;<\/li>\n<li> Encontrar fuentes, formas y cauces de comprensi\u00f3n y expresi\u00f3n;<\/li>\n<li> Planificar, evaluar y ajustar los procesos necesarios para alcanzar unos resultados, ya sea en el \u00e1mbito personal o acad\u00e9mico.<\/li>\n<li> Expresarse y comunicarse como percibir, comprender y enriquecerse con diferentes realidades y producciones del mundo del arte y de la cultura.<\/li>\n<li> Poner en funcionamiento la iniciativa, la imaginaci\u00f3n y la creatividad para expresarse mediante c\u00f3digos art\u00edsticos.<\/li>\n<li> Disponer de habilidades de cooperaci\u00f3n para contribuir a la consecuci\u00f3n de un resultado final,<\/li>\n<li> Tener conciencia de la importancia de apoyar y apreciar las iniciativas y contribuciones ajenas.<\/li>\n<li> Conocimiento b\u00e1sico de las principales t\u00e9cnicas, recursos y convenciones de los diferentes lenguajes art\u00edsticos, as\u00ed como de las obras y manifestaciones m\u00e1s destacadas del patrimonio cultural.<\/li>\n<li> Identificar las relaciones existentes entre esas manifestaciones y la sociedad &#8211; la mentalidad y las posibilidades t\u00e9cnicas de la \u00e9poca en que se crean-, o con la persona o colectividad que las crea.<\/li>\n<li> Tener conciencia de la evoluci\u00f3n del pensamiento, de las corrientes est\u00e9ticas, las modas y los gustos, as\u00ed como de la importancia representativa, expresiva y comunicativa que los factores est\u00e9ticos han desempe\u00f1ado y desempe\u00f1an en la vida cotidiana de la persona y de las sociedades.<\/li>\n<li> Desarrollar una actitud de aprecio a\u00a0 la creatividad impl\u00edcita en la expresi\u00f3n de ideas, experiencias o sentimientos a trav\u00e9s de diferentes medios art\u00edsticos, como la m\u00fasica, la literatura, las artes visuales y esc\u00e9nicas, o de las diferentes formas que adquieren las llamadas artes populares.<\/li>\n<li>Valorar la libertad de expresi\u00f3n, el derecho a la diversidad cultural, la importancia del di\u00e1logo intercultural y la realizaci\u00f3n de experiencias art\u00edsticas compartidas.<\/li>\n<li> Apreciar y disfrutar con el arte y otras manifestaciones culturales,<\/li>\n<li> Conocimiento b\u00e1sico de las distintas manifestaciones culturales y art\u00edsticas,<\/li>\n<li> Aplicaci\u00f3n de habilidades de pensamiento divergente y de trabajo colaborativo,<\/li>\n<li> Desarrollar una actitud abierta, respetuosa y cr\u00edtica hacia la diversidad de expresiones art\u00edsticas y culturales, el deseo y voluntad de cultivar la propia capacidad est\u00e9tica y creadora, y un inter\u00e9s por participar en la vida cultural y por contribuir a la conservaci\u00f3n del patrimonio cultural y art\u00edstico, tanto de la propia comunidad, como de otras comunidades.<\/li>\n<\/ul>\n<h1>Propuestas de mejora de CSEA<\/h1>\n<ul>\n<li><strong>Sensibilizar a la sociedad<\/strong> de la necesidad de la educaci\u00f3n art\u00edstica como parte importante en la formaci\u00f3n del individuo.<\/li>\n<li><strong>P<\/strong><strong>romover el acceso de la educaci\u00f3n art\u00edstica<\/strong> a todos los alumnos como elemento fundamental de su educaci\u00f3n.<\/li>\n<li><strong>Coordinar la educaci\u00f3n art\u00edstica<\/strong> a trav\u00e9s de todos los niveles educativos.<\/li>\n<li>Promover por parte de las Administraciones y los Centros educativos que imparten estas ense\u00f1anzas, una <strong>labor de informaci\u00f3n y sensibilizaci\u00f3n<\/strong>, sobre la verdadera dimensi\u00f3n educativa, formativa, social y laboral de estas ense\u00f1anzas.<\/li>\n<li><strong>Financiar adecuadamente<\/strong> las Ense\u00f1anzas Art\u00edsticas, para lo que no se puede vincular el n\u00famero de alumnos a las dotaciones econ\u00f3micas.<\/li>\n<li><span style=\"text-decoration: underline;\"><strong>Defender el modelo de Centro integrado. <\/strong><\/span><\/li>\n<li><strong>Establecer una normativa espec\u00edfica para estos centros.<\/strong> Las organizaci\u00f3n y funcionamiento de los centros de Ense\u00f1anzas Art\u00edsticas debe tener una legislaci\u00f3n propia que les dote de autonom\u00eda curricular y organizaci\u00f3n pedag\u00f3gica econ\u00f3mica y administrativa de forma coherente con su condici\u00f3n de estudios de r\u00e9gimen especial.<\/li>\n<li>Desarrollar <span style=\"text-decoration: underline;\"><strong>planes de Formaci\u00f3n espec\u00edficos adaptados a los docentes<\/strong><\/span> de las diferentes ense\u00f1anzas art\u00edsticas, que les permitan actualizarse y adecuarse a las necesidades cambiantes de nuestra \u00e9poca.<\/li>\n<li><strong>Transformar aquellos Centros que lo precisen<\/strong>, mediante el dise\u00f1o de una red de centros y el desarrollo de unas estructuras organizativas que integren las ense\u00f1anzas profesionales y las ense\u00f1anzas superiores, garantiz\u00e1ndose la autonom\u00eda suficiente para la organizaci\u00f3n administrativa.<\/li>\n<li><strong>Reconocer el valor y la aplicaci\u00f3n de las ense\u00f1anzas art\u00edsticas<\/strong> en el proceso de aprendizaje y su papel en el desarrollo de competencias que favorecen la tolerancia social y el respeto a la diversidad.<\/li>\n<\/ul>\n<p>(1) <strong>Competencias b\u00e1sicas<\/strong>, <em>Jos\u00e9 Ram\u00f3n Jim\u00e9nez Ben\u00edtez<\/em>. P@k-EN-REDES: <a href=\"http:\/\/www.juntadeandalucia.es\/averroes\/~cepco3\/competencias\/primera.htm\">link<\/a><\/p>\n","protected":false},"excerpt":{"rendered":"<p>En un post anterior se comentaba el an\u00e1lisis\u00a0 de la situaci\u00f3n actual de los estudios de m\u00fasica en los diferentes niveles y ramas del sistema educativo espa\u00f1ol, que realiz\u00f3 el CSEA en su informe anual. Pero otros puntos interesantes que trata son las implicaciones que las competencias b\u00e1sicas tienen en&hellip; <\/p>\n","protected":false},"author":2,"featured_media":0,"comment_status":"open","ping_status":"open","sticky":false,"template":"","format":"standard","meta":{"jetpack_post_was_ever_published":false,"_jetpack_newsletter_access":"","_jetpack_dont_email_post_to_subs":false,"_jetpack_newsletter_tier_id":0,"_jetpack_memberships_contains_paywalled_content":false,"_jetpack_memberships_contains_paid_content":false,"footnotes":"","jetpack_publicize_message":"","jetpack_publicize_feature_enabled":true,"jetpack_social_post_already_shared":false,"jetpack_social_options":{"image_generator_settings":{"template":"highway","default_image_id":0,"font":"","enabled":false},"version":2}},"categories":[139,32,150],"tags":[133,59,90,74,67,62,100],"class_list":["post-497","post","type-post","status-publish","format-standard","hentry","category-actualidad-de-la-educacion-musical","category-bolonia-y-conservatorios","category-informes-educativos","tag-bolonia","tag-conservatorio","tag-csea","tag-educacion","tag-eeaass","tag-eees","tag-ocde"],"jetpack_publicize_connections":[],"jetpack_featured_media_url":"","jetpack_shortlink":"https:\/\/wp.me\/p74VZt-81","jetpack_sharing_enabled":true,"_links":{"self":[{"href":"https:\/\/oysiao.jlmirall.es\/index.php?rest_route=\/wp\/v2\/posts\/497","targetHints":{"allow":["GET"]}}],"collection":[{"href":"https:\/\/oysiao.jlmirall.es\/index.php?rest_route=\/wp\/v2\/posts"}],"about":[{"href":"https:\/\/oysiao.jlmirall.es\/index.php?rest_route=\/wp\/v2\/types\/post"}],"author":[{"embeddable":true,"href":"https:\/\/oysiao.jlmirall.es\/index.php?rest_route=\/wp\/v2\/users\/2"}],"replies":[{"embeddable":true,"href":"https:\/\/oysiao.jlmirall.es\/index.php?rest_route=%2Fwp%2Fv2%2Fcomments&post=497"}],"version-history":[{"count":14,"href":"https:\/\/oysiao.jlmirall.es\/index.php?rest_route=\/wp\/v2\/posts\/497\/revisions"}],"predecessor-version":[{"id":3825,"href":"https:\/\/oysiao.jlmirall.es\/index.php?rest_route=\/wp\/v2\/posts\/497\/revisions\/3825"}],"wp:attachment":[{"href":"https:\/\/oysiao.jlmirall.es\/index.php?rest_route=%2Fwp%2Fv2%2Fmedia&parent=497"}],"wp:term":[{"taxonomy":"category","embeddable":true,"href":"https:\/\/oysiao.jlmirall.es\/index.php?rest_route=%2Fwp%2Fv2%2Fcategories&post=497"},{"taxonomy":"post_tag","embeddable":true,"href":"https:\/\/oysiao.jlmirall.es\/index.php?rest_route=%2Fwp%2Fv2%2Ftags&post=497"}],"curies":[{"name":"wp","href":"https:\/\/api.w.org\/{rel}","templated":true}]}}