{"id":50,"date":"2008-06-28T11:48:01","date_gmt":"2008-06-28T09:48:01","guid":{"rendered":"http:\/\/oysiao.wordpress.com\/?p=50"},"modified":"2015-03-10T11:56:15","modified_gmt":"2015-03-10T09:56:15","slug":"tres-tristres-trios-1-ubi-sunt","status":"publish","type":"post","link":"https:\/\/oysiao.jlmirall.es\/?p=50","title":{"rendered":"Tres tristres trios 1: Ubi sunt"},"content":{"rendered":"<p><a title=\"Cole_Thomas_Expulsion_from_the_Garden_of_Eden_1828\" href=\"http:\/\/www.flickr.com\/photos\/26978600@N07\/4162878852\/\"><img decoding=\"async\" class=\"alignleft\" style=\"float: left;\" src=\"http:\/\/farm3.static.flickr.com\/2492\/4162878852_09d6a3f10a.jpg\" alt=\"Cole_Thomas_Expulsion_from_the_Garden_of_Eden_1828\" \/><\/a><\/p>\n<p><em>Vbi sunt<\/em>, es una expresi\u00f3n latina de sobra conocida por todos, pero no est\u00e1 mal que nos paremos un momento a recordar brevemente lo que dice Wikipedia a dia de hoy:<\/p>\n<blockquote><p><strong>Ubi sunt?<\/strong> es un <a title=\"T\u00f3pico literario\" href=\"http:\/\/es.wikipedia.org\/wiki\/T%C3%B3pico_literario\">t\u00f3pico literario<\/a> ya utilizado en la literatura cl\u00e1sica romana y transmitido tanto a las literaturas romances como a la literatura occidental. Como muchos t\u00f3picos se ha transmitido en su formulaci\u00f3n <a title=\"Lat\ufffdn\" href=\"http:\/\/es.wikipedia.org\/wiki\/Lat%C3%ADn\">latina<\/a>.<\/p>\n<p><em>Ubi sunt?<\/em> significa literalmente \u00ab\u00bfD\u00f3nde est\u00e1n?\u00bb y hace referencia a la fugacidad de las glorias mundanas, de los elementos del mundo terrenal y sensorial. Se usa para preguntar por personalidades ya desaparecidas.<\/p><\/blockquote>\n<blockquote><p>Este t\u00f3pico, empleado en numerosas obras literarias medievales y modernas, refleja una filosof\u00eda o forma de pensar que fue dominante a lo largo de la <a title=\"Edad Media\" href=\"http:\/\/es.wikipedia.org\/wiki\/Edad_Media\">Edad Media<\/a>, y que enlaza con la concepci\u00f3n de la vida en la tierra como un simple tr\u00e1nsito hacia la vida eterna, la que sigue a la muerte. Entronca ideol\u00f3gicamente con las <em><a class=\"new\" title=\"Danzas de la muerte (a\u00fan no redactado)\" href=\"http:\/\/es.wikipedia.org\/w\/index.php?title=Danzas_de_la_muerte&amp;action=edit&amp;redlink=1\">Danzas de la muerte<\/a><\/em>, en el sentido de entender que al finalizar la vida, la muerte es un elemento igualador.<\/p><\/blockquote>\n<p>dicen que quien tiene un amig@ tiene un tesoro, (bueno, yo puedo decir que tengo unas cuantas peque\u00f1as fortunas), pero para los pianistas la frase bien podr\u00eda ser: quien tiene un trio tiene un tesoro. Y es que la m\u00fasica de c\u00e1mara de trio para piano es fant\u00e1stica (v\u00e9ase Chaikovski, no hace falta m\u00e1s); y si tienes un buen par de compa\u00f1er@s de cuerda se puede disfrutar mucho. Yo en mi \u00e9poca, tuve un tesoro (TCT; Tune Clusters Trio), y ahora tengo un tesoro que tiene un tesoro (jejeje). As\u00ed que aprovechando la ocasi\u00f3n para animar a que tengan un concierto fenomenal, de paso pongo aqu\u00ed lo que fue uno de los \u00abtesoros\u00bb que compuse para la prueba de acceso a Composici\u00f3n.<\/p>\n<p>Un trio, <strong>Ubi sunt<\/strong>, que como el t\u00edtulo indica, explora los estados de \u00e1nimo de cuando se a\u00f1oran los tiempos y personajes ya pasados. ahora lo pienso, y vaya manera m\u00e1s \u00f1o\u00f1a de entrar en el mundo de la composici\u00f3n&#8230;<\/p>\n\n<p>Cr\u00e9ditos de la imagen: Expulsi\u00f3n del Jard\u00edn del Eden, Thomas Cole, 1828<\/p>\n","protected":false},"excerpt":{"rendered":"<p>Vbi sunt, es una expresi\u00f3n latina de sobra conocida por todos, pero no est\u00e1 mal que nos paremos un momento a recordar brevemente lo que dice Wikipedia a dia de hoy: Ubi sunt? es un t\u00f3pico literario ya utilizado en la literatura cl\u00e1sica romana y transmitido tanto a las literaturas&hellip; <\/p>\n","protected":false},"author":2,"featured_media":0,"comment_status":"open","ping_status":"open","sticky":false,"template":"","format":"standard","meta":{"jetpack_post_was_ever_published":false,"_jetpack_newsletter_access":"","_jetpack_dont_email_post_to_subs":false,"_jetpack_newsletter_tier_id":0,"_jetpack_memberships_contains_paywalled_content":false,"_jetpack_memberships_contains_paid_content":false,"footnotes":"","jetpack_publicize_message":"","jetpack_publicize_feature_enabled":true,"jetpack_social_post_already_shared":false,"jetpack_social_options":{"image_generator_settings":{"template":"highway","default_image_id":0,"font":"","enabled":false},"version":2}},"categories":[155,1],"tags":[66,65,55],"class_list":["post-50","post","type-post","status-publish","format-standard","hentry","category-ntw","category-general","tag-composicion","tag-musica-de-camara","tag-personal"],"jetpack_publicize_connections":[],"jetpack_featured_media_url":"","jetpack_shortlink":"https:\/\/wp.me\/p74VZt-O","jetpack_sharing_enabled":true,"_links":{"self":[{"href":"https:\/\/oysiao.jlmirall.es\/index.php?rest_route=\/wp\/v2\/posts\/50","targetHints":{"allow":["GET"]}}],"collection":[{"href":"https:\/\/oysiao.jlmirall.es\/index.php?rest_route=\/wp\/v2\/posts"}],"about":[{"href":"https:\/\/oysiao.jlmirall.es\/index.php?rest_route=\/wp\/v2\/types\/post"}],"author":[{"embeddable":true,"href":"https:\/\/oysiao.jlmirall.es\/index.php?rest_route=\/wp\/v2\/users\/2"}],"replies":[{"embeddable":true,"href":"https:\/\/oysiao.jlmirall.es\/index.php?rest_route=%2Fwp%2Fv2%2Fcomments&post=50"}],"version-history":[{"count":4,"href":"https:\/\/oysiao.jlmirall.es\/index.php?rest_route=\/wp\/v2\/posts\/50\/revisions"}],"predecessor-version":[{"id":3664,"href":"https:\/\/oysiao.jlmirall.es\/index.php?rest_route=\/wp\/v2\/posts\/50\/revisions\/3664"}],"wp:attachment":[{"href":"https:\/\/oysiao.jlmirall.es\/index.php?rest_route=%2Fwp%2Fv2%2Fmedia&parent=50"}],"wp:term":[{"taxonomy":"category","embeddable":true,"href":"https:\/\/oysiao.jlmirall.es\/index.php?rest_route=%2Fwp%2Fv2%2Fcategories&post=50"},{"taxonomy":"post_tag","embeddable":true,"href":"https:\/\/oysiao.jlmirall.es\/index.php?rest_route=%2Fwp%2Fv2%2Ftags&post=50"}],"curies":[{"name":"wp","href":"https:\/\/api.w.org\/{rel}","templated":true}]}}