{"id":55,"date":"2008-06-29T20:00:52","date_gmt":"2008-06-29T18:00:52","guid":{"rendered":"http:\/\/oysiao.wordpress.com\/?p=55"},"modified":"2015-03-10T11:56:06","modified_gmt":"2015-03-10T09:56:06","slug":"invierno-porteno-piazzolla","status":"publish","type":"post","link":"https:\/\/oysiao.jlmirall.es\/?p=55","title":{"rendered":"Invierno Porte\u00f1o &#8211; Piazzolla"},"content":{"rendered":"<p>Ahora mismo, son las 20:00 del 29 de Junio del 2008, adivinais que evento importante va a suceder?<\/p>\n<p><em><span style=\"color:#00ff00;\">est\u00e1 a punto de jugar la selecci\u00f3n Espa\u00f1ola de f\u00fatbol!<\/span><\/em><\/p>\n<p><span style=\"color:#000000;\">Pues no se\u00f1or, algo m\u00e1s importante va a empezar en breves momentos. Una amiga (de esas llamadas tesoros) est\u00e1 a punto de empezar un concierto de m\u00fasica de c\u00e1mara con su trio. Yo no podr\u00e9 ir, pero estoy seguro de que ser\u00e1 un \u00e9xito rotundo.<\/span><\/p>\n<p>De entre las obras que van a interpretar, una de ellas es <!--more-->una vieja conocida m\u00eda, el Invierno Porte\u00f1o, de <a class=\"zem_slink\" title=\"\u00c1stor Piazzolla\" rel=\"wikipedia\" href=\"http:\/\/en.wikipedia.org\/wiki\/%C3%81stor_Piazzolla\">Astor Piazzolla<\/a>. Me he puesto a rebuscar entre el caos que actualmente tengo en casa, y milagrosamente he encontrado la antigua grabaci\u00f3n que buscaba donde la interpretamos TCT (Tune Clusters Trio) en un concierto en Liria en las navidades del &#8217;05.<\/p>\n<p>Ahora escuchando la obra he recordado como estaba construida formalmente. Una serie de \u00absolos\u00bb intercalados con secciones de los tres. En los solos de cada uno, hac\u00edamos peque\u00f1os cambios, ornamentaciones, etc&#8230; para darle un aire m\u00e1s improvisado y temperamental. Y sobretodo me acuerdo de un momento, en el que el piano imita al <a href=\"http:\/\/es.wikipedia.org\/wiki\/Bandone%C3%B3n\">bandone\u00f3n<\/a> (bueno, hay muchos momentos de esos, pero de uno en concreto) en el que el piano hace un ritmo en acordes (min 3:07) como si fueran articulaciones bruscas de aire del bandone\u00f3n, y lo que me cost\u00f3 sacar el sonido que buscaba! Al final, lo consegu\u00ed de una manera muy poco ortodoxa, provocando el ataque directamente desde movimientos bruscos del est\u00f3mago, no se exactamente como funcionaba, pero s\u00f3lo as\u00ed consegu\u00eda dar la sensaci\u00f3n que quer\u00eda.<\/p>\n<p>Aqu\u00ed pongo el video del concierto de <a class=\"zem_slink\" title=\"Ll\ufffdria\" rel=\"wikipedia\" href=\"http:\/\/en.wikipedia.org\/wiki\/Ll%C3%ADria\">Ll\u00edria<\/a>, que fue la primera vez que la toc\u00e1bamos en p\u00fablico. Aun nos quedaban muchas cosas por pulir.<\/p>\n<span class=\"embed-youtube\" style=\"text-align:center; display: block;\"><iframe loading=\"lazy\" class=\"youtube-player\" width=\"700\" height=\"394\" src=\"https:\/\/www.youtube.com\/embed\/k6NvcRi9q-c?version=3&#038;rel=1&#038;showsearch=0&#038;showinfo=1&#038;iv_load_policy=1&#038;fs=1&#038;hl=es-ES&#038;autohide=2&#038;wmode=transparent\" allowfullscreen=\"true\" style=\"border:0;\" sandbox=\"allow-scripts allow-same-origin allow-popups allow-presentation allow-popups-to-escape-sandbox\"><\/iframe><\/span>\n<p>No me quiero despedir sin antes hacer llegar desde aqu\u00ed lo que solemos decirnos entre los m\u00fasicos antes de un concierto:<\/p>\n<p><strong>MOLTA MERDA!<\/strong><\/p>\n","protected":false},"excerpt":{"rendered":"<p>Ahora mismo, son las 20:00 del 29 de Junio del 2008, adivinais que evento importante va a suceder? est\u00e1 a punto de jugar la selecci\u00f3n Espa\u00f1ola de f\u00fatbol! Pues no se\u00f1or, algo m\u00e1s importante va a empezar en breves momentos. Una amiga (de esas llamadas tesoros) est\u00e1 a punto de&hellip; <\/p>\n","protected":false},"author":2,"featured_media":0,"comment_status":"open","ping_status":"open","sticky":false,"template":"","format":"standard","meta":{"jetpack_post_was_ever_published":false,"_jetpack_newsletter_access":"","_jetpack_dont_email_post_to_subs":false,"_jetpack_newsletter_tier_id":0,"_jetpack_memberships_contains_paywalled_content":false,"_jetpack_memberships_contains_paid_content":false,"footnotes":"","jetpack_publicize_message":"","jetpack_publicize_feature_enabled":true,"jetpack_social_post_already_shared":false,"jetpack_social_options":{"image_generator_settings":{"template":"highway","default_image_id":0,"font":"","enabled":false},"version":2}},"categories":[155,1],"tags":[104,65,55],"class_list":["post-55","post","type-post","status-publish","format-standard","hentry","category-ntw","category-general","tag-conciertos","tag-musica-de-camara","tag-personal"],"jetpack_publicize_connections":[],"jetpack_featured_media_url":"","jetpack_shortlink":"https:\/\/wp.me\/p74VZt-T","jetpack_sharing_enabled":true,"_links":{"self":[{"href":"https:\/\/oysiao.jlmirall.es\/index.php?rest_route=\/wp\/v2\/posts\/55","targetHints":{"allow":["GET"]}}],"collection":[{"href":"https:\/\/oysiao.jlmirall.es\/index.php?rest_route=\/wp\/v2\/posts"}],"about":[{"href":"https:\/\/oysiao.jlmirall.es\/index.php?rest_route=\/wp\/v2\/types\/post"}],"author":[{"embeddable":true,"href":"https:\/\/oysiao.jlmirall.es\/index.php?rest_route=\/wp\/v2\/users\/2"}],"replies":[{"embeddable":true,"href":"https:\/\/oysiao.jlmirall.es\/index.php?rest_route=%2Fwp%2Fv2%2Fcomments&post=55"}],"version-history":[{"count":3,"href":"https:\/\/oysiao.jlmirall.es\/index.php?rest_route=\/wp\/v2\/posts\/55\/revisions"}],"predecessor-version":[{"id":3662,"href":"https:\/\/oysiao.jlmirall.es\/index.php?rest_route=\/wp\/v2\/posts\/55\/revisions\/3662"}],"wp:attachment":[{"href":"https:\/\/oysiao.jlmirall.es\/index.php?rest_route=%2Fwp%2Fv2%2Fmedia&parent=55"}],"wp:term":[{"taxonomy":"category","embeddable":true,"href":"https:\/\/oysiao.jlmirall.es\/index.php?rest_route=%2Fwp%2Fv2%2Fcategories&post=55"},{"taxonomy":"post_tag","embeddable":true,"href":"https:\/\/oysiao.jlmirall.es\/index.php?rest_route=%2Fwp%2Fv2%2Ftags&post=55"}],"curies":[{"name":"wp","href":"https:\/\/api.w.org\/{rel}","templated":true}]}}