{"id":560,"date":"2009-05-23T21:30:16","date_gmt":"2009-05-23T19:30:16","guid":{"rendered":"http:\/\/oysiao.wordpress.com\/?p=560"},"modified":"2015-03-10T11:24:01","modified_gmt":"2015-03-10T09:24:01","slug":"la-educacion-musical-en-espana-en-el-s-xix-i","status":"publish","type":"post","link":"https:\/\/oysiao.jlmirall.es\/?p=560","title":{"rendered":"La educaci\u00f3n Musical en Espa\u00f1a en el S XIX (I)"},"content":{"rendered":"<p>Mientras que los <strong>virginalistas ingleses<\/strong> (ss. XVI-XVII) ya eran nombrados <a href=\"http:\/\/en.wikipedia.org\/wiki\/Bachelor_of_Music\">Bachelor of Music<\/a> de la <a href=\"http:\/\/es.wikipedia.org\/wiki\/Oxford\">Universidad de Oxford<\/a>, en el panorama espa\u00f1ol la primera norma legal de una manera organizada que se refiriese a las ense\u00f1anzas musicales nos lleg\u00f3 bastante tarde\u00a0 y vino dada por la Constituci\u00f3n de 1812. Las situaciones hist\u00f3rico-pol\u00edticas que impulsaron a la elaboraci\u00f3n de la Constituci\u00f3n del 12 fueron la Guerra de la Independencia y el hecho de que se nombrara a Jos\u00e9 Bonaparte Rey de Espa\u00f1a.<\/p>\n<p>El 18 de marzo de 1808 estall\u00f3 un mot\u00edn en Aranjuez en el que se buscaba la destituci\u00f3n de Godoy y la abdicaci\u00f3n del Rey Carlos IV en su hijo Fernando.\u00a0 Como consecuencia del mot\u00edn Napole\u00f3n Bonaparte se dio cuenta de la incapacidad de la monarqu\u00eda espa\u00f1ola y decidi\u00f3 invadir Espa\u00f1a, ocupar el trono y anexionarla al Imperio. Napole\u00f3n consigui\u00f3 el trono en Bayona\u00a0 que confi\u00f3 a su hermano Jos\u00e9 para que iniciar\u00eda una reforma con el Estatuto de Bayona,\u00a0 pero la mayor\u00eda de los espa\u00f1oles se alzaron en armas de manera espont\u00e1nea contra la presencia francesa. Un n\u00facleo de resistencia de esp\u00edritu liberal se organiz\u00f3 en C\u00e1diz y all\u00ed se confeccion\u00f3 la primera Constituci\u00f3n\u00a0 espa\u00f1ola promulgada el d\u00eda 19 de marzo de 1812.<\/p>\n<blockquote><p>Art\u00edculo 366: \u00abEn todos los pueblos de la Monarqu\u00eda se establecer\u00e1n escuelas de primeras letras, en las que se ense\u00f1ar\u00e1 a los ni\u00f1os a leer, escribir y contar, y el catecismo de la religi\u00f3n cat\u00f3lica, que comprender\u00e1 tambi\u00e9n una breve exposici\u00f3n de las obligaciones civiles.\u00bb<br \/>\nArt\u00edculo 367: \u00abAsimismo se arreglar\u00e1 y crear\u00e1 el n\u00famero competente de Universidades y otros establecimientos de instrucci\u00f3n, que se juzguen convenientes para la ense\u00f1anza de todas las ciencias, literatura y bellas artes.\u00bb<\/p><\/blockquote>\n<p style=\"text-align:right;\">Art\u00edculos 366 y 367 de la Constituci\u00f3n de C\u00e1diz de 1812<\/p>\n<p>La Constituci\u00f3n establece que las competencias educativas (la educaci\u00f3n fue un aspecto que ya ven\u00eda trat\u00e1ndose desde la Ilustraci\u00f3n) recaen sobre las Cortes. Y respecto a <strong>la m\u00fasica la integran en las Bellas Artes<\/strong>. Los ideales uniformizadores promueven la elaboraci\u00f3n de una ley \u00fanica que fue el Dictamen y Proyecto de Decreto sobre el arreglo general de la Ense\u00f1anza P\u00fablica; m\u00e1s conocido como Informe Quintana (Informe para proponer los medios de proceder al arreglo de los diversos ramos de instrucci\u00f3n p\u00fablica).<\/p>\n<p>En el Informe Quintana, que regula la ense\u00f1anza en tres niveles progresivos, le da a<strong> la m\u00fasica (como arte de lujo)<\/strong> y a las Bellas Artes <strong>el m\u00e1s alto rango siendo sus estudios de car\u00e1cter no universal.<\/strong> A los pocos meses de su aparici\u00f3n surge el primer alzamiento militar; y decretaron que la <strong>m\u00fasica y el arte dram\u00e1tico deber\u00edan estar en los tres ciclos<\/strong> contemplados en el Informe Quintana. Aunque el Informe Quintana toma el rango de ley con la aprobaci\u00f3n del Reglamento General de la Instrucci\u00f3n P\u00fablica de 1821 y a la m\u00fasica se le da la mayor consideraci\u00f3n, <strong>siendo parte \u00fanicamente de las ense\u00f1adazas superiores<\/strong>. Quiz\u00e1 fuera esto un gran error, ya que el estudio de la m\u00fasica no debe empezarse a una edad avanzada, propia de los que cursan estudios superiores sino m\u00e1s bien, seg\u00fan los pedagogos musicales, a edades tempranas; que es cuando el alumno posee mayor facilidad de aprendizaje, y sobre todo en la t\u00e9cnica instrumental.<\/p>\n<p>Pero en 1823 cuando vuelve Fernando VII al poder con la ayuda de la Santa Alianza\u00a0 se establece un r\u00e9gimen absolutista. Durante los diez a\u00f1os que dura esta \u00e9poca -el rey muere en 1833- la reacci\u00f3n absolutista llega con la derogaci\u00f3n del Reglamento General de Instrucci\u00f3n P\u00fablica de 1821 y la posterior promulgaci\u00f3n del Plan literario de estudios y arreglo general de las universidades del Reino (1824), del Plan y Reglamento de escuelas de primeras letras del Reino (1825), y del Reglamento general de las escuelas de latinidad y colegios de humanidades (1826). Estas reformas, que se denominaron Plan de Calomarde, por ser \u00e9ste el responsable de su elaboraci\u00f3n, significaron un claro intento de hacer de la instrucci\u00f3n p\u00fablica un instrumento eficaz del absolutismo. Las novedades m\u00e1s importantes ser\u00edan el establecimiento de la uniformidad de los estudios de todas las universidades y su exhaustiva reglamentaci\u00f3n, la centralizaci\u00f3n de las universidades, y la articulaci\u00f3n jer\u00e1rquica del gobierno, la inspecci\u00f3n y la direcci\u00f3n de las escuelas.<\/p>\n<p>informaci\u00f3n consultada: <a href=\"http:\/\/www.fuenterrebollo.com\/sistema-educativo\/menu.html\">http:\/\/www.fuenterrebollo.com\/sistema-educativo\/menu.html<\/a><\/p>\n","protected":false},"excerpt":{"rendered":"<p>Mientras que los virginalistas ingleses (ss. XVI-XVII) ya eran nombrados Bachelor of Music de la Universidad de Oxford, en el panorama espa\u00f1ol la primera norma legal de una manera organizada que se refiriese a las ense\u00f1anzas musicales nos lleg\u00f3 bastante tarde\u00a0 y vino dada por la Constituci\u00f3n de 1812. Las&hellip; <\/p>\n","protected":false},"author":2,"featured_media":0,"comment_status":"open","ping_status":"open","sticky":false,"template":"","format":"standard","meta":{"jetpack_post_was_ever_published":false,"_jetpack_newsletter_access":"","_jetpack_dont_email_post_to_subs":false,"_jetpack_newsletter_tier_id":0,"_jetpack_memberships_contains_paywalled_content":false,"_jetpack_memberships_contains_paid_content":false,"footnotes":"","jetpack_publicize_message":"","jetpack_publicize_feature_enabled":true,"jetpack_social_post_already_shared":false,"jetpack_social_options":{"image_generator_settings":{"template":"highway","default_image_id":0,"font":"","enabled":false},"version":2}},"categories":[33,154],"tags":[59,74,70,126],"class_list":["post-560","post","type-post","status-publish","format-standard","hentry","category-historia-de-la-educacion-musical-en-espana","category-tw","tag-conservatorio","tag-educacion","tag-historia","tag-inspeccion"],"jetpack_publicize_connections":[],"jetpack_featured_media_url":"","jetpack_shortlink":"https:\/\/wp.me\/p74VZt-92","jetpack_sharing_enabled":true,"_links":{"self":[{"href":"https:\/\/oysiao.jlmirall.es\/index.php?rest_route=\/wp\/v2\/posts\/560","targetHints":{"allow":["GET"]}}],"collection":[{"href":"https:\/\/oysiao.jlmirall.es\/index.php?rest_route=\/wp\/v2\/posts"}],"about":[{"href":"https:\/\/oysiao.jlmirall.es\/index.php?rest_route=\/wp\/v2\/types\/post"}],"author":[{"embeddable":true,"href":"https:\/\/oysiao.jlmirall.es\/index.php?rest_route=\/wp\/v2\/users\/2"}],"replies":[{"embeddable":true,"href":"https:\/\/oysiao.jlmirall.es\/index.php?rest_route=%2Fwp%2Fv2%2Fcomments&post=560"}],"version-history":[{"count":8,"href":"https:\/\/oysiao.jlmirall.es\/index.php?rest_route=\/wp\/v2\/posts\/560\/revisions"}],"predecessor-version":[{"id":2502,"href":"https:\/\/oysiao.jlmirall.es\/index.php?rest_route=\/wp\/v2\/posts\/560\/revisions\/2502"}],"wp:attachment":[{"href":"https:\/\/oysiao.jlmirall.es\/index.php?rest_route=%2Fwp%2Fv2%2Fmedia&parent=560"}],"wp:term":[{"taxonomy":"category","embeddable":true,"href":"https:\/\/oysiao.jlmirall.es\/index.php?rest_route=%2Fwp%2Fv2%2Fcategories&post=560"},{"taxonomy":"post_tag","embeddable":true,"href":"https:\/\/oysiao.jlmirall.es\/index.php?rest_route=%2Fwp%2Fv2%2Ftags&post=560"}],"curies":[{"name":"wp","href":"https:\/\/api.w.org\/{rel}","templated":true}]}}