{"id":610,"date":"2009-06-10T23:21:03","date_gmt":"2009-06-10T21:21:03","guid":{"rendered":"http:\/\/oysiao.wordpress.com\/?p=610"},"modified":"2015-03-10T12:18:35","modified_gmt":"2015-03-10T10:18:35","slug":"no-es-la-primera-ni-sera-la-ultima-procesos-de-funcionariarizacion","status":"publish","type":"post","link":"https:\/\/oysiao.jlmirall.es\/?p=610","title":{"rendered":"No es la primera, ni ser\u00e1 la \u00faltima. Procesos de Funcionariarizaci\u00f3n."},"content":{"rendered":"<p>Virsto en la secci\u00f3n de <a href=\"http:\/\/www.20minutos.es\/carta\/472061\/\/\">Cartas de los Lectores en la edici\u00f3n digital de 20Minutos<\/a><\/p>\n<blockquote>\n<h1>Se regalan plazas de funcionario<\/h1>\n<div>MAR\u00cdA FERN\u00c1NDEZ. 03.06.2009<\/div>\n<div id=\"cuerpo_noticia\">\n<p>Lugar: <strong>Conservatorios de m\u00fasica de Valladolid, Burgos y Zamora<\/strong>. Requisitos m\u00ednimos: no haber aprobado el proceso de oposiciones para funcionarios de la <strong>Junta de Castilla y Le\u00f3n<\/strong>. Los ep\u00edgrafes anteriores son una forma de resumir el proceso de funcionarizaci\u00f3n de 66 <strong>profesores <\/strong>al que, at\u00f3nitos, estamos asistiendo es estos d\u00edas.<\/p>\n<p>La Junta, avalada por la mayor\u00eda de <strong>sindicatos <\/strong>(!), est\u00e1 dando los pasos necesarios para que aquellos que empezaron a dar clase (a trav\u00e9s de una llamada de tel\u00e9fono o de pruebas en las que hab\u00eda un candidato por plaza) en el antiguo Conservatorio de Valladolid pasen a ser funcionarios con todos los privilegios pertinentes: <strong>destino definitivo<\/strong>, Valladolid, aunque con posibilidad de pedir traslado, reducci\u00f3n de jornada, <strong>comisi\u00f3n de servicios<\/strong>&#8230; Para agravio de aquellos vallisoletanos que tuvieron que aprobar su oposici\u00f3n en otras comunidades porque en \u00e9sta no se ofertaban las plazas que ahora adjudican tranquilamente.<\/div>\n<p>De entre todas las personas que van a recibir una plaza de funcionario hay grandes profesionales, pero desde luego ninguno ha hecho nada para merecerse esto. Espero que la <strong>Consejer\u00eda de Educaci\u00f3n <\/strong>recapacite y garantice igualdad de oportunidades para todos.<\/p><\/blockquote>\n<p>Por desgracia,<span style=\"text-decoration: underline;\"> no es la primera vez que se llevan a cabo procesos de este tipo<\/span>, y mucho nos podemos temer que tampoco ser\u00e1 la \u00faltima. Muestro dos comentarios interesantes<\/p>\n<blockquote><p>Yo soy interino y llevo varios a\u00f1os haciendo prefectamente mi trabajo, ademas poseo la titulacion requerida para el puesto.<br \/>\nQuien entonces esta mas preparado que yo para desempe\u00f1ar esta plaza?&#8230;una persona recien titulada que (como puede que no trabaje,tenga familia,etc&#8230;) haya tenido mucho tiempo para estudiar y saque mas nota que yo.<br \/>\nEs esto justo??&#8230;quitar a la persona que lleva haciendo esa tarea mucho tiempo (y en muchas circunstancias es interino porque le contrato de especificamente para serlo, porque nos prefieren a los funcionarios de carrera que se quejan y exigen mas), y meter ahi a una persona que lo unico que ha hecho es sacar mas nota que tu en el examen??.<br \/>\nTendria que haber dos metodos de acceso uno de consolidacion para interinos y otro de turno libre.<\/p><\/blockquote>\n<p style=\"text-align:right;\">dice ser \u00abfuncionario interino\u00bb<\/p>\n<blockquote>\n<p style=\"text-align:left;\">Evidentemente hay de todo, pero a la hora de cribar los criterios a seguir son m\u00e1s que claros.<br \/>\n\u00bfA caso no puede ser que tenga m\u00e1s capacidad un joven que suspenda el bachillerato que el que se lleva la matr\u00edcula de honor de la clase? Yo no lo niego, pero todo hay que demostrarlo en esta vida. Formamos parte de la sociedad, y como parte de la misma debemos guiarnos por unos criterios b\u00e1sicos.<br \/>\nSi incumplimos esto (entre otras tantas cosas&#8230;), \u00bfle daremos la matr\u00edcula de honor al se\u00f1or de 45 a\u00f1os que lleva 20 repitiendo bachillerato porque tiene m\u00e1s experiencia?<br \/>\nSer\u00e1 un ejemplo absurdo, pero ante absurdeces como esta&#8230;<\/p><\/blockquote>\n<p style=\"text-align:right;\">dice ser \u00abCristian\u00bb<\/p>\n<p>No poseo ninguna estad\u00edstica oficial, pero s\u00f3lo basta hablar, despues de las oposiciones, con<strong> un interino antiguo y alguien que acaba de terminar la carrera<\/strong>, ambos habiendo suspendido las oposiciones. El reci\u00e9n egresado de la carrera dir\u00e1 que las oposiciones est\u00e1n estructuradas de tal manera que <strong>favorecen a los interinos<\/strong>, y que la mayor\u00eda de gente que las saca lo son. Los interinos que no aprueban dicen que (como en el primer comentario) est\u00e1n en desventaja por estar trabajando y no tener tiempo para preparar bien las oposiciones, por lo que generalmente <strong>aprueban los nuevos<\/strong>.<\/p>\n<p>La realidad, y creo no alejarme demasiado, es que <strong><span style=\"text-decoration: underline;\">suelen aprobar tanto unos como otros<\/span><\/strong>. Si bien es cierto que los reci\u00e9n llegados puede que tengan los conocimientos te\u00f3ricos m\u00e1s frescos, y la pr\u00e1ctica del instrumento m\u00e1s al d\u00eda, est\u00e1n claramente faltos de una praxis profesional docente. Y, por la misma regla de tres,<strong> los interinos con a\u00f1os de experiencia docente deber\u00edan demostrar los conocimientos acumulados en las pruebas de car\u00e1cter m\u00e1s pedag\u00f3gico<\/strong> (algunos temas y Programaci\u00f3n Did\u00e1ctica y Unidades), ganando as\u00ed una ventaja considerable.<\/p>\n<p>Es cierto que de normal, los nuevos, tendr\u00e1n algo m\u00e1s de tiempo, y posiblemente no tengan familia, pero lo que de ninguna de las maneras van a tener es <strong>la puntuaci\u00f3n que se otorga a los interinos antiguos por a\u00f1os de experiencia docente.<\/strong> Sin entrar en otro tipo de consideraciones, tan solo apuntar que dos a\u00f1os de experiencia docente, pueden llegar a valer (dependiendo de Comunidades Aut\u00f3nomas) igual o m\u00e1s que un doctorado en la materia. As\u00ed, que el tiempo que los interinos no tendr\u00edan ( ya que suponen que los nuevos tienen las 24 horas del d\u00eda 365 d\u00edas a la semana para prepararse) lo ganar\u00edan en la puntuaci\u00f3n de m\u00e9ritos y la experiencia acumulada demostrable en determinadas pruebas.<\/p>\n<p>Y en esto s\u00ed que no puede haber ning\u00fan tipo de duda: el sistema de acceso a los cuerpos docentes del estado debe de ser el mismo para todos. Sin discriminaci\u00f3n alguna, o favoritismos.<\/p>\n<blockquote><p><strong>Si somos iguales en derechos ante la ley, debemos ser iguales para con nuestras obligaciones.<\/strong><\/p><\/blockquote>\n<blockquote>\n<p style=\"text-align:right;\">\n<\/blockquote>\n<p><!-- ENTRADILLA --> <!-- \/ENTRADILLA --> <!-- TEXTO --><\/p>\n","protected":false},"excerpt":{"rendered":"<p>Virsto en la secci\u00f3n de Cartas de los Lectores en la edici\u00f3n digital de 20Minutos Se regalan plazas de funcionario MAR\u00cdA FERN\u00c1NDEZ. 03.06.2009 Lugar: Conservatorios de m\u00fasica de Valladolid, Burgos y Zamora. Requisitos m\u00ednimos: no haber aprobado el proceso de oposiciones para funcionarios de la Junta de Castilla y Le\u00f3n.&hellip; <\/p>\n","protected":false},"author":2,"featured_media":0,"comment_status":"open","ping_status":"open","sticky":false,"template":"","format":"standard","meta":{"jetpack_post_was_ever_published":false,"_jetpack_newsletter_access":"","_jetpack_dont_email_post_to_subs":false,"_jetpack_newsletter_tier_id":0,"_jetpack_memberships_contains_paywalled_content":false,"_jetpack_memberships_contains_paid_content":false,"footnotes":"","jetpack_publicize_message":"","jetpack_publicize_feature_enabled":true,"jetpack_social_post_already_shared":false,"jetpack_social_options":{"image_generator_settings":{"template":"highway","default_image_id":0,"font":"","enabled":false},"version":2}},"categories":[44,155,41],"tags":[71,59,78,54,56,84],"class_list":["post-610","post","type-post","status-publish","format-standard","hentry","category-critica-constructiva-a-un-conservatorio","category-ntw","category-opos-y-lo-que-sigue","tag-actualidad","tag-conservatorio","tag-funcionarios","tag-opos","tag-reflexion","tag-reivindicaciones"],"jetpack_publicize_connections":[],"jetpack_featured_media_url":"","jetpack_shortlink":"https:\/\/wp.me\/p74VZt-9Q","jetpack_sharing_enabled":true,"_links":{"self":[{"href":"https:\/\/oysiao.jlmirall.es\/index.php?rest_route=\/wp\/v2\/posts\/610","targetHints":{"allow":["GET"]}}],"collection":[{"href":"https:\/\/oysiao.jlmirall.es\/index.php?rest_route=\/wp\/v2\/posts"}],"about":[{"href":"https:\/\/oysiao.jlmirall.es\/index.php?rest_route=\/wp\/v2\/types\/post"}],"author":[{"embeddable":true,"href":"https:\/\/oysiao.jlmirall.es\/index.php?rest_route=\/wp\/v2\/users\/2"}],"replies":[{"embeddable":true,"href":"https:\/\/oysiao.jlmirall.es\/index.php?rest_route=%2Fwp%2Fv2%2Fcomments&post=610"}],"version-history":[{"count":10,"href":"https:\/\/oysiao.jlmirall.es\/index.php?rest_route=\/wp\/v2\/posts\/610\/revisions"}],"predecessor-version":[{"id":2320,"href":"https:\/\/oysiao.jlmirall.es\/index.php?rest_route=\/wp\/v2\/posts\/610\/revisions\/2320"}],"wp:attachment":[{"href":"https:\/\/oysiao.jlmirall.es\/index.php?rest_route=%2Fwp%2Fv2%2Fmedia&parent=610"}],"wp:term":[{"taxonomy":"category","embeddable":true,"href":"https:\/\/oysiao.jlmirall.es\/index.php?rest_route=%2Fwp%2Fv2%2Fcategories&post=610"},{"taxonomy":"post_tag","embeddable":true,"href":"https:\/\/oysiao.jlmirall.es\/index.php?rest_route=%2Fwp%2Fv2%2Ftags&post=610"}],"curies":[{"name":"wp","href":"https:\/\/api.w.org\/{rel}","templated":true}]}}