{"id":615,"date":"2009-06-12T20:30:14","date_gmt":"2009-06-12T18:30:14","guid":{"rendered":"http:\/\/oysiao.wordpress.com\/?p=615"},"modified":"2015-03-10T12:18:23","modified_gmt":"2015-03-10T10:18:23","slug":"asignacion-de-plazas-por-tribunales-oposiciones-comunidad-valenciana-2009","status":"publish","type":"post","link":"https:\/\/oysiao.jlmirall.es\/?p=615","title":{"rendered":"Asignaci\u00f3n de plazas por tribunales. Oposiciones Comunidad Valenciana 2009"},"content":{"rendered":"<p>La asignaci\u00f3n de plazas por tribunales, anunciada oficialmente, es una de las principales novedades en el proceso de oposici\u00f3n de este a\u00f1o. En algunas especialidades, sobretodo las de los cuerpos docentes de profesores de m\u00fasica y artes esc\u00e9nicas ya se ven\u00eda practicando, siendo \u00e9sta una medida no aceptada por todos de buen grado. Ya que, durante las c\u00e1balas que se hacen a lo largo del proceso de oposici\u00f3n por parte del opositor, si resulta que sabe que est\u00e1 en un tribunal en el que el resto de los participantes cree que est\u00e1n algo m\u00e1s preparados que los aspirantes del otro tribunal ver\u00e1 esta medida de \u00abreparto\u00bb de plazas como injusta. Por contra, si supone que se da la situaci\u00f3n inversa, dar\u00e1 gracias por su suerte.<\/p>\n<h2>Asignaci\u00f3n de plazas por tribunales<\/h2>\n<p>El proceso se llebar\u00e1 a cabo de la siguiente manera:<\/p>\n<ol>\n<li>Los aspirantes se distribuir\u00e1n en proporci\u00f3n al n\u00famero de tribunales<\/li>\n<li>Las plazas se distribuir\u00e1n entre los tribunales, proporcionalmente al n\u00famero de aspirantes que hayan realizado la parte A de la prueba.<\/li>\n<li>Los tribunales har\u00e1n constar esta circumstancia y especificar\u00e1n las personas que la han realizado.<\/li>\n<li>Una vez recibidas las certificaciones de los tribunales la Direcci\u00f3n general de Personal publicar\u00e1 una resoluci\u00f3n provisional (en tablones de los tribunales) en la que especificar\u00e1 la asignaci\u00f3n de plazas por tribunal.<\/li>\n<li>Si alg\u00fan tribunal no cubre todas sus plazas asignadas, estas se distribuir\u00e1n entre otros tribunales de la misma especialidad.<\/li>\n<\/ol>\n<h2>Nuevas funciones de los tribunales<\/h2>\n<p>A tenor de la medida anterior, los tribunales asumen nuevas competencias que antes eran de la Comisi\u00f3n de Coordinaci\u00f3n, as\u00ed que adem\u00e1s de la calificaci\u00f3n de la fase de oposici\u00f3n, la valoraci\u00f3n de los m\u00e9ritos de la fase de concurso y el desarrollo del concurso-oposici\u00f3n, tambi\u00e9n asumen las funciones de:<\/p>\n<ul>\n<li>declaraci\u00f3n de los aspirantes que hayan superado las diferentes fases, publicaci\u00f3n de listas, y su elevaci\u00f3n al \u00f3rgano convocante<\/li>\n<li>la agregaci\u00f3n de las puntuaciones correspondientes de la fase de concurso a las adjudicadas en la fase oposici\u00f3n, ordenaci\u00f3n de los aspirantes, y elaboraci\u00f3n de las listas de aspirantes que hayan superado las dos fases<\/li>\n<\/ul>\n<p>Por lo tanto las funciones de las comisiones de selecci\u00f3n quedan reducidas a:<\/p>\n<ul>\n<li>Elaboraci\u00f3n de los criterios de evaluaci\u00f3n de las diferentes partes de la prueba de la fase de oposici\u00f3n<\/li>\n<li>Coordinaci\u00f3n de los tribunales<\/li>\n<li>Determinaci\u00f3n de criterios de actuaci\u00f3n de los tribunales y homogeneizaci\u00f3n de los mismos<\/li>\n<\/ul>\n<h2>Reivindicaciones en el proceso de oposiciones<\/h2>\n<p>Esta nueva medida, se aplica este a\u00f1o como resultado de tomar en consideraci\u00f3n una de las principales reivindicaciones en el proceso de oposiciones. Otras medidas que tambi\u00e9n se exigen para futuras convocatorias son:<\/p>\n<ul>\n<li>Informaci\u00f3n de los criterios de negociaci\u00f3n de la oferta de plaza de cada especialidad<\/li>\n<li>Reducci\u00f3n del n\u00famero de especialidades con prueba pr\u00e1ctica. (1)<\/li>\n<li>Incorporaci\u00f3n del informe de evaluaci\u00f3n de la funci\u00f3n docente del profesorado interino en la convocatoria (2)<\/li>\n<li>Creaci\u00f3n de un tribunal baremados de m\u00e9ritos que puntue exclusivamente los m\u00e9ritos de la fase oposici\u00f3n<\/li>\n<\/ul>\n<p>(1) O en el caso en que sea justa una realizaci\u00f3n de la prueba pr\u00e1ctica, como es el caso de los cuerpos docentes de Profesores de M\u00fasica y Artes Esc\u00e9nica, lo que se deber\u00eda hacer es dignificar en puntuaci\u00f3n el peso final de esa prueba para la nota global. Puesto que para un instrumentistas (por ejemplo) la demostraci\u00f3n de sus habilidades con su instrumento apenas tiene un peso espec\u00edfico en la nota global.<\/p>\n<p>(2) Si se tomara esta medida definitivamente, creo\u00a0 yo, que los interinos deber\u00edan dejar de quejarse ya de una vez por todas con respecto a su supuesta desventaja con los reci\u00e9n egresados de la carrera. <a href=\"http:\/\/oysiao.wordpress.com\/2009\/06\/10\/no-es-la-primera-ni-sera-la-ultima-procesos-de-funcionariarizacion\/\">(v\u00e9ase post anterior)<\/a><\/p>\n","protected":false},"excerpt":{"rendered":"<p>La asignaci\u00f3n de plazas por tribunales, anunciada oficialmente, es una de las principales novedades en el proceso de oposici\u00f3n de este a\u00f1o. En algunas especialidades, sobretodo las de los cuerpos docentes de profesores de m\u00fasica y artes esc\u00e9nicas ya se ven\u00eda practicando, siendo \u00e9sta una medida no aceptada por todos&hellip; <\/p>\n","protected":false},"author":2,"featured_media":0,"comment_status":"open","ping_status":"open","sticky":false,"template":"","format":"standard","meta":{"jetpack_post_was_ever_published":false,"_jetpack_newsletter_access":"","_jetpack_dont_email_post_to_subs":false,"_jetpack_newsletter_tier_id":0,"_jetpack_memberships_contains_paywalled_content":false,"_jetpack_memberships_contains_paid_content":false,"footnotes":"","jetpack_publicize_message":"","jetpack_publicize_feature_enabled":true,"jetpack_social_post_already_shared":false,"jetpack_social_options":{"image_generator_settings":{"template":"highway","default_image_id":0,"font":"","enabled":false},"version":2}},"categories":[155,41,43],"tags":[71,59,78,54,56,84],"class_list":["post-615","post","type-post","status-publish","format-standard","hentry","category-ntw","category-opos-y-lo-que-sigue","category-reflexion-sobre-leyes-y-borradores","tag-actualidad","tag-conservatorio","tag-funcionarios","tag-opos","tag-reflexion","tag-reivindicaciones"],"jetpack_publicize_connections":[],"jetpack_featured_media_url":"","jetpack_shortlink":"https:\/\/wp.me\/p74VZt-9V","jetpack_sharing_enabled":true,"_links":{"self":[{"href":"https:\/\/oysiao.jlmirall.es\/index.php?rest_route=\/wp\/v2\/posts\/615","targetHints":{"allow":["GET"]}}],"collection":[{"href":"https:\/\/oysiao.jlmirall.es\/index.php?rest_route=\/wp\/v2\/posts"}],"about":[{"href":"https:\/\/oysiao.jlmirall.es\/index.php?rest_route=\/wp\/v2\/types\/post"}],"author":[{"embeddable":true,"href":"https:\/\/oysiao.jlmirall.es\/index.php?rest_route=\/wp\/v2\/users\/2"}],"replies":[{"embeddable":true,"href":"https:\/\/oysiao.jlmirall.es\/index.php?rest_route=%2Fwp%2Fv2%2Fcomments&post=615"}],"version-history":[{"count":11,"href":"https:\/\/oysiao.jlmirall.es\/index.php?rest_route=\/wp\/v2\/posts\/615\/revisions"}],"predecessor-version":[{"id":2509,"href":"https:\/\/oysiao.jlmirall.es\/index.php?rest_route=\/wp\/v2\/posts\/615\/revisions\/2509"}],"wp:attachment":[{"href":"https:\/\/oysiao.jlmirall.es\/index.php?rest_route=%2Fwp%2Fv2%2Fmedia&parent=615"}],"wp:term":[{"taxonomy":"category","embeddable":true,"href":"https:\/\/oysiao.jlmirall.es\/index.php?rest_route=%2Fwp%2Fv2%2Fcategories&post=615"},{"taxonomy":"post_tag","embeddable":true,"href":"https:\/\/oysiao.jlmirall.es\/index.php?rest_route=%2Fwp%2Fv2%2Ftags&post=615"}],"curies":[{"name":"wp","href":"https:\/\/api.w.org\/{rel}","templated":true}]}}