{"id":621,"date":"2009-06-24T22:38:35","date_gmt":"2009-06-24T20:38:35","guid":{"rendered":"http:\/\/oysiao.wordpress.com\/?p=621"},"modified":"2015-03-10T12:18:11","modified_gmt":"2015-03-10T10:18:11","slug":"itaca-y-nia-innovaciones-educativas-de-la-comunidad-valenciana-para-el-2009-2010","status":"publish","type":"post","link":"https:\/\/oysiao.jlmirall.es\/?p=621","title":{"rendered":"\u00cdTACA y NIA &#8211; innovaciones educativas de la Comunidad Valenciana para el 2009-2010"},"content":{"rendered":"<p>Dentro de las pol\u00edticas educativas de<a href=\"http:\/\/www.edu.gva.es\/ite\/index.asp\"> innovaci\u00f3n tecnol\u00f3gica<\/a> de la<a href=\"http:\/\/www.edu.gva.es\/es\/default.asp\"> Conseller\u00eda de Educaci\u00f3n<\/a> de la Comunidad Valenciana para impulsar el proceso de modernizaci\u00f3n del Sistema Educativo, destaca el proyecto <a href=\"http:\/\/lliurex.net\/home\/\">LliureX<\/a>. Tomando la filosof\u00eda del <a href=\"http:\/\/es.wikipedia.org\/wiki\/C%C3%B3digo_libre\">Software Libre<\/a>, crea una <a href=\"http:\/\/es.wikipedia.org\/wiki\/Distribuci%C3%B3n_Linux\">nueva distribuci\u00f3n<\/a> <a href=\"http:\/\/es.wikipedia.org\/wiki\/Linux\">GNU\/linux<\/a> LliureX, basada en <a href=\"http:\/\/www.debian.org\/index.es.html\">Debian<\/a>. Es decir, un sistema operativo libre y gratuito con soporte institucional, optimizado a las particularidades y necesidades educativas de la Comunidad Valenciana.<\/p>\n<p>La primera aparici\u00f3n de LliureX data de Mayo de 2005, en el II Congreso de Software Libre de la Comunidad Valenciana. Pero para el curso 2009-2010 est\u00e1n en marcha nuevas innovaciones, entre las que destacan la utilizaci\u00f3n del<a href=\"http:\/\/www.edu.gva.es\/webitaca\/es\/index.htm\"> superordenador ITACA<\/a> y la implantaci\u00f3n del carnet NIA.<\/p>\n<p><strong>\u00cdTACA<\/strong> (<strong>I<\/strong>nnovaci\u00f3n <strong>T<\/strong>ecnol\u00f3gica para la <strong>A<\/strong>dministraci\u00f3n de <strong>C<\/strong>entros y <strong>A<\/strong>lumnos) es un superordenador que centralizar\u00e1 toda la gesti\u00f3n administrativa de infraestructuras educativas y alumnos de los centros docentes de la comunidad. \u00c9ste sistema, implantado en fase experimental en algunos centros, incluye como novedades ser\u00e1 accesible v\u00eda web tanto para el personal administrativo, direcci\u00f3n, docentes e incluso alumnos y padres. Como tal, sustituir\u00e1 a<a href=\"http:\/\/www.edu.gva.es\/soportegc\/v_cas\/gc.htm\"> los actuales programas de Gesti\u00f3n de Centros<\/a> <em>(Gescen<\/em> para Primaria y Secundaria, y <em>Allegro<\/em> para Conservatorios), permitiendo la introducci\u00f3n telem\u00e1tica de notas, faltas, matriculaci\u00f3n, etc.. Adem\u00e1s de posibilitar una mayor comunicaci\u00f3n con los padres, puesto que \u00e9stos podr\u00e1n recibir notificaciones y calificaciones a trav\u00e9s de \u00e9l, por e-mail o incluso SMS.<\/p>\n<p>Con todo esto, el expediente del alumnado ser\u00e1 \u00fanico para todos los \u00e1mbitos, y estar\u00e1 identificado por el <strong>N<\/strong>\u00famero de <strong>I<\/strong>dentificaci\u00f3n del <strong>A<\/strong>lumno, el <strong>NIA<\/strong>, la otra gran novedad. Una tarjeta personal que poseer\u00e1 cada alumno. Los centros educativos emitir\u00e1n para cada alumno y alumna, una tarjeta que servir\u00e1 como documento acreditativo del n\u00famero de identificaci\u00f3n.<\/p>\n<p style=\"text-align:center;\"><a href=\"http:\/\/oysiao.files.wordpress.com\/2009\/06\/imagen-2.png\"><img loading=\"lazy\" decoding=\"async\" class=\"alignnone size-full wp-image-622\" title=\"nia\" src=\"http:\/\/oysiao.files.wordpress.com\/2009\/06\/imagen-2.png\" alt=\"nia\" width=\"480\" height=\"301\" \/><\/a><\/p>\n","protected":false},"excerpt":{"rendered":"<p>Dentro de las pol\u00edticas educativas de innovaci\u00f3n tecnol\u00f3gica de la Conseller\u00eda de Educaci\u00f3n de la Comunidad Valenciana para impulsar el proceso de modernizaci\u00f3n del Sistema Educativo, destaca el proyecto LliureX. Tomando la filosof\u00eda del Software Libre, crea una nueva distribuci\u00f3n GNU\/linux LliureX, basada en Debian. Es decir, un sistema operativo&hellip; <\/p>\n","protected":false},"author":2,"featured_media":0,"comment_status":"open","ping_status":"open","sticky":false,"template":"","format":"standard","meta":{"jetpack_post_was_ever_published":false,"_jetpack_newsletter_access":"","_jetpack_dont_email_post_to_subs":false,"_jetpack_newsletter_tier_id":0,"_jetpack_memberships_contains_paywalled_content":false,"_jetpack_memberships_contains_paid_content":false,"footnotes":"","jetpack_publicize_message":"","jetpack_publicize_feature_enabled":true,"jetpack_social_post_already_shared":false,"jetpack_social_options":{"image_generator_settings":{"template":"highway","default_image_id":0,"font":"","enabled":false},"version":2}},"categories":[35,155],"tags":[74,81,93,63,96,94,89,53],"class_list":["post-621","post","type-post","status-publish","format-standard","hentry","category-conservatorios-y-tic","category-ntw","tag-educacion","tag-herramientas-2-0","tag-itaca","tag-legislacion","tag-linux","tag-nia","tag-secundaria","tag-tic"],"jetpack_publicize_connections":[],"jetpack_featured_media_url":"","jetpack_shortlink":"https:\/\/wp.me\/p74VZt-a1","jetpack_sharing_enabled":true,"_links":{"self":[{"href":"https:\/\/oysiao.jlmirall.es\/index.php?rest_route=\/wp\/v2\/posts\/621","targetHints":{"allow":["GET"]}}],"collection":[{"href":"https:\/\/oysiao.jlmirall.es\/index.php?rest_route=\/wp\/v2\/posts"}],"about":[{"href":"https:\/\/oysiao.jlmirall.es\/index.php?rest_route=\/wp\/v2\/types\/post"}],"author":[{"embeddable":true,"href":"https:\/\/oysiao.jlmirall.es\/index.php?rest_route=\/wp\/v2\/users\/2"}],"replies":[{"embeddable":true,"href":"https:\/\/oysiao.jlmirall.es\/index.php?rest_route=%2Fwp%2Fv2%2Fcomments&post=621"}],"version-history":[{"count":13,"href":"https:\/\/oysiao.jlmirall.es\/index.php?rest_route=\/wp\/v2\/posts\/621\/revisions"}],"predecessor-version":[{"id":2511,"href":"https:\/\/oysiao.jlmirall.es\/index.php?rest_route=\/wp\/v2\/posts\/621\/revisions\/2511"}],"wp:attachment":[{"href":"https:\/\/oysiao.jlmirall.es\/index.php?rest_route=%2Fwp%2Fv2%2Fmedia&parent=621"}],"wp:term":[{"taxonomy":"category","embeddable":true,"href":"https:\/\/oysiao.jlmirall.es\/index.php?rest_route=%2Fwp%2Fv2%2Fcategories&post=621"},{"taxonomy":"post_tag","embeddable":true,"href":"https:\/\/oysiao.jlmirall.es\/index.php?rest_route=%2Fwp%2Fv2%2Ftags&post=621"}],"curies":[{"name":"wp","href":"https:\/\/api.w.org\/{rel}","templated":true}]}}